{"id":150884,"date":"2025-05-09T13:26:03","date_gmt":"2025-05-09T16:26:03","guid":{"rendered":"https:\/\/www.aarquiteta.com.br\/blog\/tendencias-mercado-de-trabalho\/"},"modified":"2025-05-09T13:26:03","modified_gmt":"2025-05-09T16:26:03","slug":"tendencias-mercado-de-trabalho","status":"publish","type":"post","link":"https:\/\/www.aarquiteta.com.br\/blog\/tendencias-mercado-de-trabalho\/","title":{"rendered":"Tend\u00eancias do mercado de trabalho e como se preparar."},"content":{"rendered":"<p>O mercado de trabalho est\u00e1 em constante transforma\u00e7\u00e3o, e entender suas tend\u00eancias \u00e9 essencial para se destacar. Neste artigo, vou compartilhar as principais mudan\u00e7as que est\u00e3o moldando o futuro das profiss\u00f5es e como voc\u00ea pode se preparar para elas.<\/p>\n<h2>Tend\u00eancias do Mercado de Trabalho<\/h2>\n<h3>Processos Seletivos Virtuais<\/h3>\n<p>Nos \u00faltimos anos, <b>os processos seletivos virtuais<\/b> se tornaram a norma. A pandemia acelerou essa mudan\u00e7a, e hoje, muitos jovens n\u00e3o precisam mais se preocupar em se deslocar para entrevistas presenciais. Isso n\u00e3o s\u00f3 economiza tempo, mas tamb\u00e9m torna o processo mais acess\u00edvel. No entanto, \u00e9 importante lembrar que, mesmo online, a prepara\u00e7\u00e3o \u00e9 fundamental. Os recrutadores ainda buscam profissionais que se destacam, e isso exige uma boa apresenta\u00e7\u00e3o e conhecimento sobre a empresa.<\/p>\n<h3>Diversidade e Inclus\u00e3o<\/h3>\n<figure style=\"width: 1024px\" class=\"wp-caption aligncenter\"><img decoding=\"async\" src=\"https:\/\/www.aarquiteta.com.br\/blog\/wp-content\/uploads\/2025\/05\/post_thumbnail-73b9ea4e4c63dc0afde501e7eb6ef438.jpg\" alt=\"Tend\u00eancias do mercado de trabalho e como se preparar.\" width=\"1024\" height=\"1024\" title=\"\"><figcaption class=\"wp-caption-text\">Fonte: <a href=\"https:\/\/blog.anhanguera.com\/tendencias-mercado-de-trabalho\/\" target=\"_blank\" rel=\"noopener\">Blog anhanguera<\/a><\/figcaption><\/figure>\n<p>A diversidade e a inclus\u00e3o est\u00e3o se tornando pilares nas empresas. <b>As organiza\u00e7\u00f5es est\u00e3o cada vez mais atentas<\/b> \u00e0 import\u00e2ncia de ter um ambiente de trabalho que reflita a sociedade. Isso significa que, ao participar de processos seletivos, voc\u00ea pode ser questionado sobre sua origem, orienta\u00e7\u00e3o sexual e outras caracter\u00edsticas. Essa mudan\u00e7a n\u00e3o \u00e9 apenas uma quest\u00e3o de justi\u00e7a social, mas tamb\u00e9m uma estrat\u00e9gia inteligente para fomentar a inova\u00e7\u00e3o e a criatividade dentro das empresas.<\/p>\n<h3>Soft Skills em Alta<\/h3>\n<p>As soft skills, ou habilidades interpessoais, est\u00e3o ganhando destaque. <b>N\u00e3o basta ter conhecimento t\u00e9cnico<\/b>; \u00e9 preciso saber se comunicar, trabalhar em equipe e resolver problemas. Essas habilidades s\u00e3o cada vez mais valorizadas pelos empregadores, pois ajudam a criar um ambiente de trabalho colaborativo e produtivo. Para desenvolv\u00ea-las, \u00e9 interessante buscar cursos, ler sobre o tema e, principalmente, praticar no dia a dia.<\/p>\n<h3>Novos Formatos de Contrata\u00e7\u00e3o<\/h3>\n<p>O modelo tradicional de trabalho CLT est\u00e1 dando espa\u00e7o a novas formas de contrata\u00e7\u00e3o. <b>Freelancers, contratos tempor\u00e1rios e trabalho remoto<\/b> est\u00e3o se tornando comuns. Essa flexibilidade pode ser vantajosa tanto para as empresas quanto para os profissionais, permitindo que cada um encontre o formato que melhor se adapta \u00e0s suas necessidades. No entanto, \u00e9 importante estar atento \u00e0s mudan\u00e7as na legisla\u00e7\u00e3o e nos direitos trabalhistas para n\u00e3o ser pego de surpresa.<\/p>\n<h3>Autogest\u00e3o e Proatividade<\/h3>\n<p>Com a mudan\u00e7a no ambiente de trabalho, a <b>autogest\u00e3o<\/b> se tornou uma habilidade essencial. Os l\u00edderes est\u00e3o cada vez menos dispostos a microgerenciar suas equipes, e isso significa que cabe a n\u00f3s nos organizarmos e entregarmos resultados de qualidade. Criar listas de tarefas, estabelecer prioridades e ter um planejamento mensal s\u00e3o algumas das estrat\u00e9gias que podem ajudar nesse processo. A proatividade \u00e9 um diferencial que pode abrir portas e garantir um lugar de destaque no mercado.<\/p>\n<h3>Adapta\u00e7\u00e3o \u00e0s Novas Tecnologias<\/h3>\n<p><iframe width=\"560\" height=\"315\" src=\"https:\/\/www.youtube.com\/embed\/waBTnvULcWU\" title=\"YouTube video player\" frameborder=\"0\" allow=\"accelerometer; autoplay; clipboard-write; encrypted-media; gyroscope; picture-in-picture; web-share\" referrerpolicy=\"strict-origin-when-cross-origin\" allowfullscreen><\/iframe><\/p>\n<p>Por \u00faltimo, mas n\u00e3o menos importante, a adapta\u00e7\u00e3o \u00e0s novas tecnologias \u00e9 crucial. <b>O avan\u00e7o tecnol\u00f3gico<\/b> est\u00e1 mudando a forma como trabalhamos, e quem n\u00e3o se adapta pode ficar para tr\u00e1s. Isso inclui n\u00e3o apenas o dom\u00ednio de softwares espec\u00edficos, mas tamb\u00e9m a capacidade de aprender novas ferramentas rapidamente. Investir em cursos e treinamentos pode ser um bom caminho para se manter atualizado e relevante no mercado.<\/p>\n<h2>Conclus\u00e3o<\/h2>\n<p>O mercado de trabalho est\u00e1 em constante evolu\u00e7\u00e3o, e estar por dentro das tend\u00eancias \u00e9 fundamental para quem deseja se destacar. <b>Investir em autogest\u00e3o, desenvolver soft skills, e adaptar-se \u00e0s novas tecnologias<\/b> s\u00e3o passos essenciais para garantir uma carreira de sucesso. Se voc\u00ea quer saber mais sobre como se destacar no mercado de trabalho, n\u00e3o deixe de conferir este conte\u00fado: <a href=\"https:\/\/blog.anhanguera.com\/como-se-destacar-no-mercado-de-trabalho\/\" target=\"_blank\" rel=\"noopener\">link para acessar o conte\u00fado<\/a>. Prepare-se para o futuro e n\u00e3o fique para tr\u00e1s!<\/p>\n","protected":false},"excerpt":{"rendered":"<p>O mercado de trabalho est\u00e1 em constante transforma\u00e7\u00e3o, e entender suas tend\u00eancias \u00e9 essencial para se destacar. Neste artigo, vou compartilhar as principais mudan\u00e7as que est\u00e3o moldando o futuro das profiss\u00f5es e como voc\u00ea pode se preparar para elas. Tend\u00eancias do Mercado de Trabalho Processos Seletivos Virtuais Nos \u00faltimos anos, os processos seletivos virtuais se [&hellip;]<\/p>\n","protected":false},"author":20,"featured_media":150883,"comment_status":"open","ping_status":"","sticky":false,"template":"","format":"standard","meta":{"footnotes":""},"categories":[6,35497],"tags":[],"class_list":["post-150884","post","type-post","status-publish","format-standard","has-post-thumbnail","category-carreira-de-arquitetura","category-estudante"],"_wp_attached_file":null,"_wp_attachment_metadata":null,"_wp_attachment_context":null,"_wp_attachment_is_custom_header":null,"geo_longitude":null,"geo_public":null,"geo_latitude":null,"_publicize_done_external":null,"_wpas_done_3897181":null,"publicize_twitter_user":null,"_wpas_done_3897175":null,"_wpas_skip_3897181":null,"_wpas_skip_3897175":null,"_wpas_skip_3924723":null,"_wpas_mess":null,"_wpas_done_3924723":null,"wps_subtitle":"","_links":{"self":[{"href":"https:\/\/www.aarquiteta.com.br\/blog\/wp-json\/wp\/v2\/posts\/150884","targetHints":{"allow":["GET"]}}],"collection":[{"href":"https:\/\/www.aarquiteta.com.br\/blog\/wp-json\/wp\/v2\/posts"}],"about":[{"href":"https:\/\/www.aarquiteta.com.br\/blog\/wp-json\/wp\/v2\/types\/post"}],"author":[{"embeddable":true,"href":"https:\/\/www.aarquiteta.com.br\/blog\/wp-json\/wp\/v2\/users\/20"}],"replies":[{"embeddable":true,"href":"https:\/\/www.aarquiteta.com.br\/blog\/wp-json\/wp\/v2\/comments?post=150884"}],"version-history":[{"count":0,"href":"https:\/\/www.aarquiteta.com.br\/blog\/wp-json\/wp\/v2\/posts\/150884\/revisions"}],"wp:featuredmedia":[{"embeddable":true,"href":"https:\/\/www.aarquiteta.com.br\/blog\/wp-json\/wp\/v2\/media\/150883"}],"wp:attachment":[{"href":"https:\/\/www.aarquiteta.com.br\/blog\/wp-json\/wp\/v2\/media?parent=150884"}],"wp:term":[{"taxonomy":"category","embeddable":true,"href":"https:\/\/www.aarquiteta.com.br\/blog\/wp-json\/wp\/v2\/categories?post=150884"},{"taxonomy":"post_tag","embeddable":true,"href":"https:\/\/www.aarquiteta.com.br\/blog\/wp-json\/wp\/v2\/tags?post=150884"}],"curies":[{"name":"wp","href":"https:\/\/api.w.org\/{rel}","templated":true}]}}