{"id":150863,"date":"2025-05-08T18:58:35","date_gmt":"2025-05-08T21:58:35","guid":{"rendered":"https:\/\/www.aarquiteta.com.br\/blog\/cadeiras-coloridas\/"},"modified":"2025-05-08T18:58:35","modified_gmt":"2025-05-08T21:58:35","slug":"cadeiras-coloridas","status":"publish","type":"post","link":"https:\/\/www.aarquiteta.com.br\/blog\/cadeiras-coloridas\/","title":{"rendered":"Inspira\u00e7\u00f5es de Cadeiras Coloridas para Transformar o Ambiente da Sua Casa"},"content":{"rendered":"<p>Voc\u00ea j\u00e1 pensou que <b>cadeiras coloridas<\/b> podem ser a chave para transformar sua casa? Vamos explorar juntos essas inspira\u00e7\u00f5es!<\/p>\n<h3>Transformando seu lar com cores<\/h3>\n<figure style=\"width: 1024px\" class=\"wp-caption aligncenter\"><img decoding=\"async\" src=\"https:\/\/www.aarquiteta.com.br\/blog\/wp-content\/uploads\/2025\/05\/cadeiras-coloridas-6-730x730.jpg\" alt=\"Cores que divertem o home office\" title=\"\"><figcaption class=\"wp-caption-text\">Cores que divertem o home office<\/figcaption><\/figure>\n<p>Uma <b>cadeira colorida<\/b> pode mudar tudo! Ela traz energia e alegria para qualquer ambiente. Voc\u00ea sabia que, ao adicionar um toque de cor, d\u00e1 uma nova cara para a sua casa?<\/p>\n<h3>O espa\u00e7o certo para cada cadeira<\/h3>\n<figure style=\"width: 1024px\" class=\"wp-caption aligncenter\"><img decoding=\"async\" src=\"https:\/\/www.aarquiteta.com.br\/blog\/wp-content\/uploads\/2025\/05\/cadeiras-coloridas01.jpg\" alt=\"Cadeiras coloridas: 65 inspira\u00e7\u00f5es para alegrar seu lar\" width=\"1024\" height=\"1024\" title=\"\"><figcaption class=\"wp-caption-text\">Cadeiras coloridas: 65 inspira\u00e7\u00f5es para alegrar seu lar<\/figcaption><\/figure>\n<p>Cadeiras coloridas s\u00e3o vers\u00e1teis! Elas podem ser usadas na sala de estar, no quarto infantil, ou na varanda. Cada c\u00f4modo ganha personalidade com as <b>cores certas<\/b>.<\/p>\n<h3>Solistas ou em harmonia?<\/h3>\n<figure style=\"width: 1024px\" class=\"wp-caption aligncenter\"><img decoding=\"async\" src=\"https:\/\/www.aarquiteta.com.br\/blog\/wp-content\/uploads\/2025\/05\/cadeiras-coloridas-1-730x730.jpg\" alt=\"Cadeiras coloridas trazem alegria para seu lar\" title=\"\"><figcaption class=\"wp-caption-text\">Cadeiras coloridas trazem alegria para seu lar<\/figcaption><\/figure>\n<p>Uma \u00fanica <b>cadeira colorida<\/b> pode ser um ponto focal incr\u00edvel. Mas, tamb\u00e9m vale a pena investir em um jogo de cadeiras que se complementam. Elas trazem harmonia e estilo.<\/p>\n<h3>Home office vibrante<\/h3>\n<figure style=\"width: 1024px\" class=\"wp-caption aligncenter\"><img decoding=\"async\" src=\"https:\/\/www.aarquiteta.com.br\/blog\/wp-content\/uploads\/2025\/05\/cadeiras-coloridas02.jpg\" alt=\"Cadeiras coloridas: 65 inspira\u00e7\u00f5es para alegrar seu lar\" width=\"1024\" height=\"1024\" title=\"\"><figcaption class=\"wp-caption-text\">Cadeiras coloridas: 65 inspira\u00e7\u00f5es para alegrar seu lar<\/figcaption><\/figure>\n<p>Seu escrit\u00f3rio em casa est\u00e1 sem gra\u00e7a? Que tal usar cadeiras coloridas? Elas trazem <b>divers\u00e3o<\/b> e produtividade, melhorando sua experi\u00eancia de trabalho!<\/p>\n<h3>Ambientes infantis com alegria<\/h3>\n<figure style=\"width: 1024px\" class=\"wp-caption aligncenter\"><img decoding=\"async\" src=\"https:\/\/www.aarquiteta.com.br\/blog\/wp-content\/uploads\/2025\/05\/cadeiras-coloridas-2-730x730.jpg\" alt=\"Cadeiras coloridas em diversos c\u00f4modos\" title=\"\"><figcaption class=\"wp-caption-text\">Cadeiras coloridas em diversos c\u00f4modos<\/figcaption><\/figure>\n<p>Em quartos infantis, as cadeiras coloridas criam um espa\u00e7o l\u00fadico. Elas estimulam a criatividade das crian\u00e7as e tornam o ambiente mais divertido!<\/p>\n<h3>Tabela Resumo das Cores e Seus Ambientes<\/h3>\n<figure style=\"width: 1024px\" class=\"wp-caption aligncenter\"><img decoding=\"async\" src=\"https:\/\/www.aarquiteta.com.br\/blog\/wp-content\/uploads\/2025\/05\/cadeiras-coloridas03.jpg\" alt=\"Cadeiras coloridas: 65 inspira\u00e7\u00f5es para alegrar seu lar\" width=\"1024\" height=\"1024\" title=\"\"><figcaption class=\"wp-caption-text\">Cadeiras coloridas: 65 inspira\u00e7\u00f5es para alegrar seu lar<\/figcaption><\/figure>\n<table>\n<tr>\n<th>Cor<\/th>\n<th>Ambiente Ideal<\/th>\n<th>Efeito<\/th>\n<\/tr>\n<tr>\n<td>Amarelo<\/td>\n<td>Cozinhas<\/td>\n<td>Ilumina<\/td>\n<\/tr>\n<tr>\n<td>Rosa<\/td>\n<td>Quartos<\/td>\n<td>Suave e Aconchegante<\/td>\n<\/tr>\n<tr>\n<td>Azul<\/td>\n<td>Sala de Estar<\/td>\n<td>Calmo e Tranquilo<\/td>\n<\/tr>\n<tr>\n<td>Vermelho<\/td>\n<td>Escrit\u00f3rio<\/td>\n<td>Estimulante<\/td>\n<\/tr>\n<\/table>\n<h3>Cadeiras em harmonia com mesas<\/h3>\n<figure style=\"width: 1024px\" class=\"wp-caption aligncenter\"><img decoding=\"async\" src=\"https:\/\/www.aarquiteta.com.br\/blog\/wp-content\/uploads\/2025\/05\/cadeiras-coloridas-3-730x730.jpg\" alt=\"Ambientes com cadeiras coloridas cheias de personalidade\" title=\"\"><figcaption class=\"wp-caption-text\">Ambientes com cadeiras coloridas cheias de personalidade<\/figcaption><\/figure>\n<p>N\u00e3o podemos esquecer de combinar as <b>cadeiras<\/b> com mesas. Mesas brancas ou de madeira ficam lindas com cadeiras coloridas! A mistura de estilos deixa tudo mais interessante.<\/p>\n<h3>Aposte na diversidade de estilos<\/h3>\n<figure style=\"width: 1024px\" class=\"wp-caption aligncenter\"><img decoding=\"async\" src=\"https:\/\/www.aarquiteta.com.br\/blog\/wp-content\/uploads\/2025\/05\/cadeiras-coloridas4.jpg\" alt=\"Cadeiras coloridas: 65 inspira\u00e7\u00f5es para alegrar seu lar\" width=\"1024\" height=\"1024\" title=\"\"><figcaption class=\"wp-caption-text\">Cadeiras coloridas: 65 inspira\u00e7\u00f5es para alegrar seu lar<\/figcaption><\/figure>\n<p>Que tal brincar com formas diferentes? Combine cadeiras de estilos variados. Isso traz uma sensa\u00e7\u00e3o \u00fanica e personalizada ao ambiente.<\/p>\n<h3>Surpreenda-se com os contrastes<\/h3>\n<figure style=\"width: 1024px\" class=\"wp-caption aligncenter\"><img decoding=\"async\" src=\"https:\/\/www.aarquiteta.com.br\/blog\/wp-content\/uploads\/2025\/05\/cadeiras-coloridas-4-730x833.jpg\" alt=\"Cadeira colorida destacando-se sozinha\" title=\"\"><figcaption class=\"wp-caption-text\">Cadeira colorida destacando-se sozinha<\/figcaption><\/figure>\n<p>Misturar <b>cores e materiais<\/b> \u00e9 uma estrat\u00e9gia certeira! Um bom exemplo \u00e9 misturar cadeiras de madeira com cores vibrantes, trazendo um toque mais r\u00fastico e moderno ao mesmo tempo.<\/p>\n<p>A <b>decora\u00e7\u00e3o<\/b> da sua casa pode ser divertida e cheia de estilo. N\u00e3o tenha medo de experimentar! Lembre-se, a verdadeira beleza est\u00e1 na combina\u00e7\u00e3o elegante entre as cores e estilos que voc\u00ea escolher.<\/p>\n<h3>Para se aprofundar mais sobre o tema, veja a minha recomenda\u00e7\u00e3o sobre o tema deste artigo no v\u00eddeo a seguir abaixo:<\/h3>\n<p><iframe title=\"YouTube video player\" src=\"https:\/\/www.youtube.com\/embed\/A1jHu5KLArQ\" width=\"560\" height=\"315\" frameborder=\"0\" allowfullscreen=\"allowfullscreen\"><\/iframe><\/p>\n<figure style=\"width: 1024px\" class=\"wp-caption aligncenter\"><img decoding=\"async\" src=\"https:\/\/www.aarquiteta.com.br\/blog\/wp-content\/uploads\/2025\/05\/cadeiras-coloridas-5-730x730.jpg\" alt=\"Jogo de cadeiras coloridas\" title=\"\"><figcaption class=\"wp-caption-text\">Jogo de cadeiras coloridas<\/figcaption><\/figure>\n","protected":false},"excerpt":{"rendered":"<p>Voc\u00ea j\u00e1 pensou que cadeiras coloridas podem ser a chave para transformar sua casa? Vamos explorar juntos essas inspira\u00e7\u00f5es! Transformando seu lar com cores Uma cadeira colorida pode mudar tudo! Ela traz energia e alegria para qualquer ambiente. Voc\u00ea sabia que, ao adicionar um toque de cor, d\u00e1 uma nova cara para a sua casa? [&hellip;]<\/p>\n","protected":false},"author":102,"featured_media":150856,"comment_status":"open","ping_status":"","sticky":false,"template":"","format":"standard","meta":{"footnotes":""},"categories":[1484],"tags":[],"class_list":["post-150863","post","type-post","status-publish","format-standard","has-post-thumbnail","category-decoracao"],"_wp_attached_file":null,"_wp_attachment_metadata":null,"_wp_attachment_context":null,"_wp_attachment_is_custom_header":null,"geo_longitude":null,"geo_public":null,"geo_latitude":null,"_publicize_done_external":null,"_wpas_done_3897181":null,"publicize_twitter_user":null,"_wpas_done_3897175":null,"_wpas_skip_3897181":null,"_wpas_skip_3897175":null,"_wpas_skip_3924723":null,"_wpas_mess":null,"_wpas_done_3924723":null,"wps_subtitle":"","_links":{"self":[{"href":"https:\/\/www.aarquiteta.com.br\/blog\/wp-json\/wp\/v2\/posts\/150863","targetHints":{"allow":["GET"]}}],"collection":[{"href":"https:\/\/www.aarquiteta.com.br\/blog\/wp-json\/wp\/v2\/posts"}],"about":[{"href":"https:\/\/www.aarquiteta.com.br\/blog\/wp-json\/wp\/v2\/types\/post"}],"author":[{"embeddable":true,"href":"https:\/\/www.aarquiteta.com.br\/blog\/wp-json\/wp\/v2\/users\/102"}],"replies":[{"embeddable":true,"href":"https:\/\/www.aarquiteta.com.br\/blog\/wp-json\/wp\/v2\/comments?post=150863"}],"version-history":[{"count":0,"href":"https:\/\/www.aarquiteta.com.br\/blog\/wp-json\/wp\/v2\/posts\/150863\/revisions"}],"wp:featuredmedia":[{"embeddable":true,"href":"https:\/\/www.aarquiteta.com.br\/blog\/wp-json\/wp\/v2\/media\/150856"}],"wp:attachment":[{"href":"https:\/\/www.aarquiteta.com.br\/blog\/wp-json\/wp\/v2\/media?parent=150863"}],"wp:term":[{"taxonomy":"category","embeddable":true,"href":"https:\/\/www.aarquiteta.com.br\/blog\/wp-json\/wp\/v2\/categories?post=150863"},{"taxonomy":"post_tag","embeddable":true,"href":"https:\/\/www.aarquiteta.com.br\/blog\/wp-json\/wp\/v2\/tags?post=150863"}],"curies":[{"name":"wp","href":"https:\/\/api.w.org\/{rel}","templated":true}]}}