{"id":150786,"date":"2025-05-07T18:27:37","date_gmt":"2025-05-07T21:27:37","guid":{"rendered":"https:\/\/www.aarquiteta.com.br\/blog\/cozinha-azul-petroleo\/"},"modified":"2025-05-07T18:27:37","modified_gmt":"2025-05-07T21:27:37","slug":"cozinha-azul-petroleo","status":"publish","type":"post","link":"https:\/\/www.aarquiteta.com.br\/blog\/cozinha-azul-petroleo\/","title":{"rendered":"Inspira\u00e7\u00f5es para Cozinhas Azul Petr\u00f3leo com Variedade de Estilos"},"content":{"rendered":"<p>Inspire-se com uma paleta charmosa de azul petr\u00f3leo, ideal para uma cozinha vibrante e cheia de estilo!<\/p>\n<h3>Um Toque de Cor nas Cozinhas<\/h3>\n<figure style=\"width: 1024px\" class=\"wp-caption aligncenter\"><img decoding=\"async\" src=\"https:\/\/www.aarquiteta.com.br\/blog\/wp-content\/uploads\/2025\/05\/cozinha-azul-petroleo-5-730x730.jpg\" alt=\"Patri\u0301cia Hagobian\" title=\"\"><figcaption class=\"wp-caption-text\">Patri\u0301cia Hagobian<\/figcaption><\/figure>\n<p>Voc\u00ea j\u00e1 imaginou como um tom de <b>azul petr\u00f3leo<\/b> pode transformar a sua cozinha?<\/p>\n<p>Essa cor, que ocupa uma posi\u00e7\u00e3o entre o azul e o verde, traz um ar <b>moderno e sofisticado<\/b> ao ambiente. Muitas pessoas querem inovar, mas n\u00e3o sabem como. Hoje vou te mostrar op\u00e7\u00f5es de aplica\u00e7\u00e3o dessa cor que v\u00e3o te inspirar!<\/p>\n<h3>Cozinhas Minimalistas e Elegantes<\/h3>\n<figure style=\"width: 1024px\" class=\"wp-caption aligncenter\"><img decoding=\"async\" src=\"https:\/\/www.aarquiteta.com.br\/blog\/wp-content\/uploads\/2025\/05\/cozinha-azul-petroleo01.jpg\" alt=\"80 Fotos de Cozinhas Azul Petr\u00f3leo\" width=\"1024\" height=\"1024\" title=\"\"><figcaption class=\"wp-caption-text\">80 Fotos de Cozinhas Azul Petr\u00f3leo<\/figcaption><\/figure>\n<p>Se voc\u00ea curte uma est\u00e9tica minimalista, o <b>azul petr\u00f3leo<\/b> combina super bem com o branco. Arm\u00e1rios brancos com detalhes em azul criam um espa\u00e7o leve e arejado.<\/p>\n<p>Outro truque \u00e9 usar essa cor apenas em algumas pe\u00e7as, como <b>nicho ou prateleiras<\/b>. Assim, a cozinha se mant\u00e9m clean, mas impactante.<\/p>\n<h3>Cozinhas R\u00fasticas com Sofistica\u00e7\u00e3o<\/h3>\n<figure style=\"width: 1024px\" class=\"wp-caption aligncenter\"><img decoding=\"async\" src=\"https:\/\/www.aarquiteta.com.br\/blog\/wp-content\/uploads\/2025\/05\/cozinha-azul-petroleo-00.jpg\" alt=\"Foto de cozinha azul petr\u00f3leo\" title=\"\"><figcaption class=\"wp-caption-text\">Foto de cozinha azul petr\u00f3leo<\/figcaption><\/figure>\n<p>Agora, se voc\u00ea \u00e9 f\u00e3 de um estilo mais r\u00fastico, que tal usar o <b>azul petr\u00f3leo<\/b> com madeira? Essa combina\u00e7\u00e3o traz uma sensa\u00e7\u00e3o de <b>aconchego<\/b> e acolhimento ao ambiente.<\/p>\n<p>M\u00f3veis de madeira escura ou clara contrastam lindamente com o tom azul, criando um espa\u00e7o charmoso e cheio de personalidade!<\/p>\n<h3>Uma Pitada de Cores Vibrantes<\/h3>\n<figure style=\"width: 1024px\" class=\"wp-caption aligncenter\"><img decoding=\"async\" src=\"https:\/\/www.aarquiteta.com.br\/blog\/wp-content\/uploads\/2025\/05\/cozinha-azul-petroleo02.jpg\" alt=\"80 Fotos de Cozinhas Azul Petr\u00f3leo\" width=\"1024\" height=\"1024\" title=\"\"><figcaption class=\"wp-caption-text\">80 Fotos de Cozinhas Azul Petr\u00f3leo<\/figcaption><\/figure>\n<p>O azul petr\u00f3leo tamb\u00e9m pode ser acompanhado de outras cores vibrantes. Que tal um <b>toque de vermelho<\/b> ou verde? A mistura de cores traz vitalidade e alegria \u00e0 sua cozinha.<\/p>\n<p>Pequenos objetos decorativos, como utens\u00edlios ou quadros, podem fazer a diferen\u00e7a! Assim, d\u00e1 pra deixar o ambiente mais divertido.<\/p>\n<h3>Azul Petr\u00f3leo e Aconchego<\/h3>\n<figure style=\"width: 1024px\" class=\"wp-caption aligncenter\"><img decoding=\"async\" src=\"https:\/\/www.aarquiteta.com.br\/blog\/wp-content\/uploads\/2025\/05\/cozinha-azulpetroleo-01-730x913.jpg\" alt=\"Apartamento203\" title=\"\"><figcaption class=\"wp-caption-text\">Apartamento203<\/figcaption><\/figure>\n<p>Sabia que o <b>azul petr\u00f3leo<\/b> \u00e9 uma cor fria que transmite <b>tranquilidade<\/b>? Pode ser uma \u00f3tima escolha para quem passa bastante tempo na cozinha!<\/p>\n<p>Se combin\u00e1-lo com ilumina\u00e7\u00e3o adequada, o espa\u00e7o fica lindo e inspirador. N\u00e3o subestime o poder de uma luz bem posicionada!<\/p>\n<h3>Segmentando o Espa\u00e7o de Forma Inteligente<\/h3>\n<figure style=\"width: 1024px\" class=\"wp-caption aligncenter\"><img decoding=\"async\" src=\"https:\/\/www.aarquiteta.com.br\/blog\/wp-content\/uploads\/2025\/05\/cozinha-azul-petroleo03.jpg\" alt=\"80 Fotos de Cozinhas Azul Petr\u00f3leo\" width=\"1024\" height=\"1024\" title=\"\"><figcaption class=\"wp-caption-text\">80 Fotos de Cozinhas Azul Petr\u00f3leo<\/figcaption><\/figure>\n<p>Uma tend\u00eancia atual \u00e9 dividir o espa\u00e7o utilizando o azul. Voc\u00ea pode usar essa cor apenas na parte inferior dos arm\u00e1rios ou na cozinha inteira!<\/p>\n<p>Isso n\u00e3o s\u00f3 ajuda a organizar o espa\u00e7o, mas tamb\u00e9m cria um efeito visual incr\u00edvel.<b> Aposte em revestimentos que realcem a cor<\/b> para um resultado ainda mais impactante!<\/p>\n<table>\n<tr>\n<th>Aspecto<\/th>\n<th>Descri\u00e7\u00e3o<\/th>\n<\/tr>\n<tr>\n<td>Estilos<\/td>\n<td>Minimalista, R\u00fastico, Vibrante<\/td>\n<\/tr>\n<tr>\n<td>Composi\u00e7\u00f5es de Cor<\/td>\n<td>Azul com Branco, Madeira, Vermelho<\/td>\n<\/tr>\n<tr>\n<td>Ambiente<\/td>\n<td>Tranquilo, Inspirador, Aconchegante<\/td>\n<\/tr>\n<tr>\n<td>Ilumina\u00e7\u00e3o<\/td>\n<td>Fundamental para destacar a cor e criar atmosferas<\/td>\n<\/tr>\n<\/table>\n<h3>Aposte no Azul Petr\u00f3leo!<\/h3>\n<figure style=\"width: 1024px\" class=\"wp-caption aligncenter\"><img decoding=\"async\" src=\"https:\/\/www.aarquiteta.com.br\/blog\/wp-content\/uploads\/2025\/05\/cozinha-azul-petroleo-2-730x912.jpg\" alt=\"Uma boa op\u00e7\u00e3o para colorir os arm\u00e1rios\" title=\"\"><figcaption class=\"wp-caption-text\">Uma boa op\u00e7\u00e3o para colorir os arm\u00e1rios<\/figcaption><\/figure>\n<p>Agora, fica a pergunta: qual estilo combina mais com voc\u00ea? Um espa\u00e7o minimalista, r\u00fastico ou vibrante?<\/p>\n<p>Entre tantas op\u00e7\u00f5es, o importante \u00e9 que seu <b>cora\u00e7\u00e3o bata mais forte<\/b> pela sua cozinha. N\u00e3o tenha medo de ousar, use a criatividade e transforme seu espa\u00e7o com o encantador azul petr\u00f3leo!<\/p>\n<figure style=\"width: 1024px\" class=\"wp-caption aligncenter\"><img decoding=\"async\" src=\"https:\/\/www.aarquiteta.com.br\/blog\/wp-content\/uploads\/2025\/05\/cozinha-azul-petroleo4.jpg\" alt=\"80 Fotos de Cozinhas Azul Petr\u00f3leo\" width=\"1024\" height=\"1024\" title=\"\"><figcaption class=\"wp-caption-text\">80 Fotos de Cozinhas Azul Petr\u00f3leo<\/figcaption><\/figure>\n<figure style=\"width: 1024px\" class=\"wp-caption aligncenter\"><img decoding=\"async\" src=\"https:\/\/www.aarquiteta.com.br\/blog\/wp-content\/uploads\/2025\/05\/cozinha-azul-petroleo-3-730x840.jpg\" alt=\"Melissa Lira\" title=\"\"><figcaption class=\"wp-caption-text\">Melissa Lira<\/figcaption><\/figure>\n<h3>Para se aprofundar mais sobre o tema, veja a minha recomenda\u00e7\u00e3o sobre o tema deste artigo no v\u00eddeo a seguir abaixo:<\/h3>\n<p><iframe title=\"YouTube video player\" src=\"https:\/\/www.youtube.com\/embed\/Qem3v-r-baE\" width=\"560\" height=\"315\" frameborder=\"0\" allowfullscreen=\"allowfullscreen\"><\/iframe><\/p>\n<figure style=\"width: 1024px\" class=\"wp-caption aligncenter\"><img decoding=\"async\" src=\"https:\/\/www.aarquiteta.com.br\/blog\/wp-content\/uploads\/2025\/05\/cozinha-azul-petroleo-4-730x913.jpg\" alt=\"Para equilibrar misture com o branco\" title=\"\"><figcaption class=\"wp-caption-text\">Para equilibrar misture com o branco<\/figcaption><\/figure>\n","protected":false},"excerpt":{"rendered":"<p>Inspire-se com uma paleta charmosa de azul petr\u00f3leo, ideal para uma cozinha vibrante e cheia de estilo! Um Toque de Cor nas Cozinhas Voc\u00ea j\u00e1 imaginou como um tom de azul petr\u00f3leo pode transformar a sua cozinha? Essa cor, que ocupa uma posi\u00e7\u00e3o entre o azul e o verde, traz um ar moderno e sofisticado [&hellip;]<\/p>\n","protected":false},"author":102,"featured_media":150779,"comment_status":"open","ping_status":"","sticky":false,"template":"","format":"standard","meta":{"footnotes":""},"categories":[1484],"tags":[],"class_list":["post-150786","post","type-post","status-publish","format-standard","has-post-thumbnail","category-decoracao"],"_wp_attached_file":null,"_wp_attachment_metadata":null,"_wp_attachment_context":null,"_wp_attachment_is_custom_header":null,"geo_longitude":null,"geo_public":null,"geo_latitude":null,"_publicize_done_external":null,"_wpas_done_3897181":null,"publicize_twitter_user":null,"_wpas_done_3897175":null,"_wpas_skip_3897181":null,"_wpas_skip_3897175":null,"_wpas_skip_3924723":null,"_wpas_mess":null,"_wpas_done_3924723":null,"wps_subtitle":"","_links":{"self":[{"href":"https:\/\/www.aarquiteta.com.br\/blog\/wp-json\/wp\/v2\/posts\/150786","targetHints":{"allow":["GET"]}}],"collection":[{"href":"https:\/\/www.aarquiteta.com.br\/blog\/wp-json\/wp\/v2\/posts"}],"about":[{"href":"https:\/\/www.aarquiteta.com.br\/blog\/wp-json\/wp\/v2\/types\/post"}],"author":[{"embeddable":true,"href":"https:\/\/www.aarquiteta.com.br\/blog\/wp-json\/wp\/v2\/users\/102"}],"replies":[{"embeddable":true,"href":"https:\/\/www.aarquiteta.com.br\/blog\/wp-json\/wp\/v2\/comments?post=150786"}],"version-history":[{"count":0,"href":"https:\/\/www.aarquiteta.com.br\/blog\/wp-json\/wp\/v2\/posts\/150786\/revisions"}],"wp:featuredmedia":[{"embeddable":true,"href":"https:\/\/www.aarquiteta.com.br\/blog\/wp-json\/wp\/v2\/media\/150779"}],"wp:attachment":[{"href":"https:\/\/www.aarquiteta.com.br\/blog\/wp-json\/wp\/v2\/media?parent=150786"}],"wp:term":[{"taxonomy":"category","embeddable":true,"href":"https:\/\/www.aarquiteta.com.br\/blog\/wp-json\/wp\/v2\/categories?post=150786"},{"taxonomy":"post_tag","embeddable":true,"href":"https:\/\/www.aarquiteta.com.br\/blog\/wp-json\/wp\/v2\/tags?post=150786"}],"curies":[{"name":"wp","href":"https:\/\/api.w.org\/{rel}","templated":true}]}}