{"id":150730,"date":"2025-05-06T19:47:32","date_gmt":"2025-05-06T22:47:32","guid":{"rendered":"https:\/\/www.aarquiteta.com.br\/blog\/estante-vazada\/"},"modified":"2025-05-06T19:47:32","modified_gmt":"2025-05-06T22:47:32","slug":"estante-vazada","status":"publish","type":"post","link":"https:\/\/www.aarquiteta.com.br\/blog\/estante-vazada\/","title":{"rendered":"Formas Criativas de Usar Estantes Vazadas na Decora\u00e7\u00e3o da Sua Casa"},"content":{"rendered":"<p>As estantes vazadas s\u00e3o op\u00e7\u00f5es incr\u00edveis para deixar sua casa linda e organizada. Confira formas criativas de utiliz\u00e1-las na decora\u00e7\u00e3o!<\/p>\n<h3>Por que escolher estantes vazadas?<\/h3>\n<figure style=\"width: 1024px\" class=\"wp-caption aligncenter\"><img decoding=\"async\" src=\"https:\/\/www.aarquiteta.com.br\/blog\/wp-content\/uploads\/2025\/05\/estante-vazada-6-730x730.jpg\" alt=\"Foto de estante vazada 6 -\" title=\"\"><figcaption class=\"wp-caption-text\">Foto de estante vazada 6 &#8211;<\/figcaption><\/figure>\n<p>Voc\u00ea j\u00e1 notou como uma <b>estante vazada<\/b> pode transformar seu ambiente? Elas s\u00e3o vers\u00e1teis, podendo ser usadas em diferentes c\u00f4modos da casa.<\/p>\n<h3>Dividindo espa\u00e7os de forma estilosa<\/h3>\n<figure style=\"width: 1024px\" class=\"wp-caption aligncenter\"><img decoding=\"async\" src=\"https:\/\/www.aarquiteta.com.br\/blog\/wp-content\/uploads\/2025\/05\/estante-vazada01.jpg\" alt=\"50 Formas de Usar Estante Vazadas para uma Decora\u00e7\u00e3o Impec\u00e1vel\" width=\"1024\" height=\"1024\" title=\"\"><figcaption class=\"wp-caption-text\">50 Formas de Usar Estante Vazadas para uma Decora\u00e7\u00e3o Impec\u00e1vel<\/figcaption><\/figure>\n<p>Um dos principais usos \u00e9 na <b>divis\u00e3o de ambientes<\/b>. Imagine uma sala integrada, mas que ainda precisa de privacidade. A estante vazada se torna a solu\u00e7\u00e3o ideal.<\/p>\n<h3>Amplia\u00e7\u00e3o visual e funcional<\/h3>\n<figure style=\"width: 1024px\" class=\"wp-caption aligncenter\"><img decoding=\"async\" src=\"https:\/\/www.aarquiteta.com.br\/blog\/wp-content\/uploads\/2025\/05\/estante-vazada-1-730x485.jpg\" alt=\"Foto de estante vazada 1 -\" title=\"\"><figcaption class=\"wp-caption-text\">Foto de estante vazada 1 &#8211;<\/figcaption><\/figure>\n<p>Com seu design aberto, esse tipo de estante tem o poder de <b>manter a sensa\u00e7\u00e3o de amplitude<\/b>. Assim, n\u00e3o perde a conex\u00e3o entre os espa\u00e7os. \u00c9 como um abra\u00e7o entre os c\u00f4modos!<\/p>\n<h3>Materiais e estilos<\/h3>\n<figure style=\"width: 1024px\" class=\"wp-caption aligncenter\"><img decoding=\"async\" src=\"https:\/\/www.aarquiteta.com.br\/blog\/wp-content\/uploads\/2025\/05\/estante-vazada02.jpg\" alt=\"50 Formas de Usar Estante Vazadas para uma Decora\u00e7\u00e3o Impec\u00e1vel\" width=\"1024\" height=\"1024\" title=\"\"><figcaption class=\"wp-caption-text\">50 Formas de Usar Estante Vazadas para uma Decora\u00e7\u00e3o Impec\u00e1vel<\/figcaption><\/figure>\n<table>\n<tr>\n<th>Material<\/th>\n<th>Estilo<\/th>\n<\/tr>\n<tr>\n<td>Madeira<\/td>\n<td>Cl\u00e1ssico<\/td>\n<\/tr>\n<tr>\n<td>Ferro<\/td>\n<td>Industrial<\/td>\n<\/tr>\n<tr>\n<td>MDF<\/td>\n<td>Moderno<\/td>\n<\/tr>\n<\/table>\n<h3>Personalizando a decora\u00e7\u00e3o<\/h3>\n<figure style=\"width: 1024px\" class=\"wp-caption aligncenter\"><img decoding=\"async\" src=\"https:\/\/www.aarquiteta.com.br\/blog\/wp-content\/uploads\/2025\/05\/estante-vazada-2-730x913.jpg\" alt=\"Foto de estante vazada 2 -\" title=\"\"><figcaption class=\"wp-caption-text\">Foto de estante vazada 2 &#8211;<\/figcaption><\/figure>\n<p>Outra ideia \u00e9 <b>personalizar a estante<\/b> com objetos decorativos, como livros, plantas e quadros. Isso adiciona sua personalidade ao espa\u00e7o!<\/p>\n<h3>Estantes como apoio funcional<\/h3>\n<figure style=\"width: 1024px\" class=\"wp-caption aligncenter\"><img decoding=\"async\" src=\"https:\/\/www.aarquiteta.com.br\/blog\/wp-content\/uploads\/2025\/05\/estante-vazada03.jpg\" alt=\"50 Formas de Usar Estante Vazadas para uma Decora\u00e7\u00e3o Impec\u00e1vel\" width=\"1024\" height=\"1024\" title=\"\"><figcaption class=\"wp-caption-text\">50 Formas de Usar Estante Vazadas para uma Decora\u00e7\u00e3o Impec\u00e1vel<\/figcaption><\/figure>\n<p>Em uma sala de estar, por exemplo, voc\u00ea pode usar a estante como um <b>apoio para TV<\/b> ou ainda como um espa\u00e7o para exibir itens de valor sentimental.<\/p>\n<h3>Transformando c\u00f4modos com criatividade<\/h3>\n<figure style=\"width: 1024px\" class=\"wp-caption aligncenter\"><img decoding=\"async\" src=\"https:\/\/www.aarquiteta.com.br\/blog\/wp-content\/uploads\/2025\/05\/estante-vazada-3-730x913.jpg\" alt=\"Foto de estante vazada 3 -\" title=\"\"><figcaption class=\"wp-caption-text\">Foto de estante vazada 3 &#8211;<\/figcaption><\/figure>\n<p>Utilizando cores certas e objetos decorativos, voc\u00ea pode tornar a estante um verdadeiro <b>ponto focal da sua decora\u00e7\u00e3o<\/b> e deixar tudo mais fluido.<\/p>\n<h3>Facilitando a organiza\u00e7\u00e3o<\/h3>\n<figure style=\"width: 1024px\" class=\"wp-caption aligncenter\"><img decoding=\"async\" src=\"https:\/\/www.aarquiteta.com.br\/blog\/wp-content\/uploads\/2025\/05\/estante-vazada4.jpg\" alt=\"50 Formas de Usar Estante Vazadas para uma Decora\u00e7\u00e3o Impec\u00e1vel\" width=\"1024\" height=\"1024\" title=\"\"><figcaption class=\"wp-caption-text\">50 Formas de Usar Estante Vazadas para uma Decora\u00e7\u00e3o Impec\u00e1vel<\/figcaption><\/figure>\n<p>Al\u00e9m de adornar, a estante vazada tamb\u00e9m ajuda na <b>organiza\u00e7\u00e3o do espa\u00e7o<\/b>. Com ela, \u00e9 poss\u00edvel visualizar facilmente tudo o que voc\u00ea tem.<\/p>\n<h3>O que estamos aprendendo?<\/h3>\n<figure style=\"width: 1024px\" class=\"wp-caption aligncenter\"><img decoding=\"async\" src=\"https:\/\/www.aarquiteta.com.br\/blog\/wp-content\/uploads\/2025\/05\/estante-vazada-4-730x912.jpg\" alt=\"Foto de estante vazada 4 -\" title=\"\"><figcaption class=\"wp-caption-text\">Foto de estante vazada 4 &#8211;<\/figcaption><\/figure>\n<p>As estantes vazadas s\u00e3o verdadeiros coringas na decora\u00e7\u00e3o. Elas promovem a <b>integra\u00e7\u00e3o dos ambientes<\/b>, otimizam o espa\u00e7o e ainda trazem beleza ao seu lar.<\/p>\n<h3>Para se aprofundar mais sobre o tema, veja a minha recomenda\u00e7\u00e3o sobre o tema deste artigo no v\u00eddeo a seguir abaixo:<\/h3>\n<p><iframe title=\"YouTube video player\" src=\"https:\/\/www.youtube.com\/embed\/5hda6XNx5lY\" width=\"560\" height=\"315\" frameborder=\"0\" allowfullscreen=\"allowfullscreen\"><\/iframe><\/p>\n<figure style=\"width: 1024px\" class=\"wp-caption aligncenter\"><img decoding=\"async\" src=\"https:\/\/www.aarquiteta.com.br\/blog\/wp-content\/uploads\/2025\/05\/estante-vazada-5-730x881.jpg\" alt=\"Foto de estante vazada 5 -\" title=\"\"><figcaption class=\"wp-caption-text\">Foto de estante vazada 5 &#8211;<\/figcaption><\/figure>\n","protected":false},"excerpt":{"rendered":"<p>As estantes vazadas s\u00e3o op\u00e7\u00f5es incr\u00edveis para deixar sua casa linda e organizada. Confira formas criativas de utiliz\u00e1-las na decora\u00e7\u00e3o! Por que escolher estantes vazadas? Voc\u00ea j\u00e1 notou como uma estante vazada pode transformar seu ambiente? Elas s\u00e3o vers\u00e1teis, podendo ser usadas em diferentes c\u00f4modos da casa. Dividindo espa\u00e7os de forma estilosa Um dos principais [&hellip;]<\/p>\n","protected":false},"author":102,"featured_media":150723,"comment_status":"open","ping_status":"","sticky":false,"template":"","format":"standard","meta":{"footnotes":""},"categories":[1484],"tags":[],"class_list":["post-150730","post","type-post","status-publish","format-standard","has-post-thumbnail","category-decoracao"],"_wp_attached_file":null,"_wp_attachment_metadata":null,"_wp_attachment_context":null,"_wp_attachment_is_custom_header":null,"geo_longitude":null,"geo_public":null,"geo_latitude":null,"_publicize_done_external":null,"_wpas_done_3897181":null,"publicize_twitter_user":null,"_wpas_done_3897175":null,"_wpas_skip_3897181":null,"_wpas_skip_3897175":null,"_wpas_skip_3924723":null,"_wpas_mess":null,"_wpas_done_3924723":null,"wps_subtitle":"","_links":{"self":[{"href":"https:\/\/www.aarquiteta.com.br\/blog\/wp-json\/wp\/v2\/posts\/150730","targetHints":{"allow":["GET"]}}],"collection":[{"href":"https:\/\/www.aarquiteta.com.br\/blog\/wp-json\/wp\/v2\/posts"}],"about":[{"href":"https:\/\/www.aarquiteta.com.br\/blog\/wp-json\/wp\/v2\/types\/post"}],"author":[{"embeddable":true,"href":"https:\/\/www.aarquiteta.com.br\/blog\/wp-json\/wp\/v2\/users\/102"}],"replies":[{"embeddable":true,"href":"https:\/\/www.aarquiteta.com.br\/blog\/wp-json\/wp\/v2\/comments?post=150730"}],"version-history":[{"count":0,"href":"https:\/\/www.aarquiteta.com.br\/blog\/wp-json\/wp\/v2\/posts\/150730\/revisions"}],"wp:featuredmedia":[{"embeddable":true,"href":"https:\/\/www.aarquiteta.com.br\/blog\/wp-json\/wp\/v2\/media\/150723"}],"wp:attachment":[{"href":"https:\/\/www.aarquiteta.com.br\/blog\/wp-json\/wp\/v2\/media?parent=150730"}],"wp:term":[{"taxonomy":"category","embeddable":true,"href":"https:\/\/www.aarquiteta.com.br\/blog\/wp-json\/wp\/v2\/categories?post=150730"},{"taxonomy":"post_tag","embeddable":true,"href":"https:\/\/www.aarquiteta.com.br\/blog\/wp-json\/wp\/v2\/tags?post=150730"}],"curies":[{"name":"wp","href":"https:\/\/api.w.org\/{rel}","templated":true}]}}