{"id":150719,"date":"2025-05-06T19:22:52","date_gmt":"2025-05-06T22:22:52","guid":{"rendered":"https:\/\/www.aarquiteta.com.br\/blog\/persiana-romana\/"},"modified":"2025-05-06T19:22:52","modified_gmt":"2025-05-06T22:22:52","slug":"persiana-romana","status":"publish","type":"post","link":"https:\/\/www.aarquiteta.com.br\/blog\/persiana-romana\/","title":{"rendered":"Persianas Romanas: Como Aliar Funcionalidade e Est\u00e9tica na Sua Decora\u00e7\u00e3o"},"content":{"rendered":"<p>As <b>persianas romanas<\/b> s\u00e3o a uni\u00e3o perfeita de funcionalidade e est\u00e9tica, transformando ambientes com charme e praticidade.<\/p>\n<h3>O que \u00e9 uma persiana romana?<\/h3>\n<figure style=\"width: 1024px\" class=\"wp-caption aligncenter\"><img decoding=\"async\" src=\"https:\/\/www.aarquiteta.com.br\/blog\/wp-content\/uploads\/2025\/05\/persiana-romana-04-1-730x730.jpg\" alt=\"Persiana feita em fibra natural, promovendo um estilo r\u00fastico.\" title=\"\"><figcaption class=\"wp-caption-text\">Persiana feita em fibra natural, promovendo um estilo r\u00fastico.<\/figcaption><\/figure>\n<p>A <b>persiana romana<\/b> \u00e9 um tipo de cortina que se destaca pela sua capacidade de se dobrar em \u201cgomos\u201d ao ser acionada.<\/p>\n<p>Ela pode ser feita de <b>tecidos variados<\/b>, desde poli\u00e9ster at\u00e9 bambu, adaptando-se a diferentes estilos de decora\u00e7\u00e3o.<\/p>\n<h3>Onde us\u00e1-las?<\/h3>\n<figure style=\"width: 1024px\" class=\"wp-caption aligncenter\"><img decoding=\"async\" src=\"https:\/\/www.aarquiteta.com.br\/blog\/wp-content\/uploads\/2025\/05\/persiana-romana01.jpg\" alt=\"Persianas Romanas: Praticidade e Estilo para Sua Decora\u00e7\u00e3o\" width=\"1024\" height=\"1024\" title=\"\"><figcaption class=\"wp-caption-text\">Persianas Romanas: Praticidade e Estilo para Sua Decora\u00e7\u00e3o<\/figcaption><\/figure>\n<p>Essas belezuras podem ser utilizadas em diversos ambientes. Nos <b>quartos<\/b>, elas s\u00e3o \u00f3timas por poderem bloquear luzes externas, especialmente os modelos blackout.<\/p>\n<p>Na sala de estar, voc\u00ea pode ousar com estampas e cores que combinem com a decora\u00e7\u00e3o. E, lembre-se: em <b>cozinhas<\/b> e banheiros, escolha materiais que sejam mais f\u00e1ceis de limpar.<\/p>\n<h3>Como cuidar da sua persiana romana<\/h3>\n<figure style=\"width: 1024px\" class=\"wp-caption aligncenter\"><img decoding=\"async\" src=\"https:\/\/www.aarquiteta.com.br\/blog\/wp-content\/uploads\/2025\/05\/persiana-romana-00.jpg\" alt=\"Imagem da persiana romana, que mostra seu design e funcionalidade.\" title=\"\"><figcaption class=\"wp-caption-text\">Imagem da persiana romana, que mostra seu design e funcionalidade.<\/figcaption><\/figure>\n<p>Para manter a <b>persiana romana<\/b> sempre linda, uma limpeza leve com espanador semanal \u00e9 ideal.<\/p>\n<p>A cada quatro a seis meses, vale investir em uma lavagem completa com especialistas para mant\u00ea-la impec\u00e1vel.<\/p>\n<h3>O tamanho ideal<\/h3>\n<figure style=\"width: 1024px\" class=\"wp-caption aligncenter\"><img decoding=\"async\" src=\"https:\/\/www.aarquiteta.com.br\/blog\/wp-content\/uploads\/2025\/05\/persiana-romana02.jpg\" alt=\"Persianas Romanas: Praticidade e Estilo para Sua Decora\u00e7\u00e3o\" width=\"1024\" height=\"1024\" title=\"\"><figcaption class=\"wp-caption-text\">Persianas Romanas: Praticidade e Estilo para Sua Decora\u00e7\u00e3o<\/figcaption><\/figure>\n<p>Uma dica preciosa \u00e9 que a persiana deve ter de 10 a 20 cent\u00edmetros a mais que a janela.<\/p>\n<p>Al\u00e9m disso, para um ambiente elegante, modelos mais longos s\u00e3o perfeitos, principalmente em salas e quartos.<\/p>\n<h3>Modelo e estilo<\/h3>\n<figure style=\"width: 1024px\" class=\"wp-caption aligncenter\"><img decoding=\"async\" src=\"https:\/\/www.aarquiteta.com.br\/blog\/wp-content\/uploads\/2025\/05\/persiana-romana-1-730x730.jpg\" alt=\"Foto de uma persiana romana em um ambiente interior.\" title=\"\"><figcaption class=\"wp-caption-text\">Foto de uma persiana romana em um ambiente interior.<\/figcaption><\/figure>\n<p>O que mais encanta nas persianas romanas \u00e9 a <b>variedade de estilos<\/b>.<\/p>\n<p>Seja por estampas delicadas, cores neutras ou texturas r\u00fasticas, sempre existe um modelo que vai se encaixar perfeitamente!<\/p>\n<table>\n<tr>\n<th>Aspecto<\/th>\n<th>Detalhe<\/th>\n<\/tr>\n<tr>\n<td>Material<\/td>\n<td>Tecido, poli\u00e9ster, seda, bambu<\/td>\n<\/tr>\n<tr>\n<td>Uso<\/td>\n<td>Quartos, salas, cozinhas, banheiros<\/td>\n<\/tr>\n<tr>\n<td>Tipo<\/td>\n<td>Blackout, telas, estampas<\/td>\n<\/tr>\n<tr>\n<td>Cuidados<\/td>\n<td>Limpeza semanal e lavagem a cada 4-6 meses<\/td>\n<\/tr>\n<tr>\n<td>Tamanho<\/td>\n<td>10-20cm al\u00e9m da janela para eleg\u00e2ncia<\/td>\n<\/tr>\n<\/table>\n<h3>Dicas finais<\/h3>\n<figure style=\"width: 1024px\" class=\"wp-caption aligncenter\"><img decoding=\"async\" src=\"https:\/\/www.aarquiteta.com.br\/blog\/wp-content\/uploads\/2025\/05\/persiana-romana03.jpg\" alt=\"Persianas Romanas: Praticidade e Estilo para Sua Decora\u00e7\u00e3o\" width=\"1024\" height=\"1024\" title=\"\"><figcaption class=\"wp-caption-text\">Persianas Romanas: Praticidade e Estilo para Sua Decora\u00e7\u00e3o<\/figcaption><\/figure>\n<p>Portanto, para ter ambientes incr\u00edveis com <b>persianas romanas<\/b>, \u00e9 essencial escolher o modelo certo que atenda suas necessidades e harmonize com a decora\u00e7\u00e3o.<\/p>\n<p>Ouse nas combina\u00e7\u00f5es, aposte em texturas e crie um lar com aquele toque especial!<\/p>\n<figure style=\"width: 1024px\" class=\"wp-caption aligncenter\"><img decoding=\"async\" src=\"https:\/\/www.aarquiteta.com.br\/blog\/wp-content\/uploads\/2025\/05\/persiana-romana-01-1-730x730.jpg\" alt=\"Persiana romana estampada, que adiciona um toque especial ao ambiente.\" title=\"\"><figcaption class=\"wp-caption-text\">Persiana romana estampada, que adiciona um toque especial ao ambiente.<\/figcaption><\/figure>\n<figure style=\"width: 1024px\" class=\"wp-caption aligncenter\"><img decoding=\"async\" src=\"https:\/\/www.aarquiteta.com.br\/blog\/wp-content\/uploads\/2025\/05\/persiana-romana4.jpg\" alt=\"Persianas Romanas: Praticidade e Estilo para Sua Decora\u00e7\u00e3o\" width=\"1024\" height=\"1024\" title=\"\"><figcaption class=\"wp-caption-text\">Persianas Romanas: Praticidade e Estilo para Sua Decora\u00e7\u00e3o<\/figcaption><\/figure>\n<figure style=\"width: 1024px\" class=\"wp-caption aligncenter\"><img decoding=\"async\" src=\"https:\/\/www.aarquiteta.com.br\/blog\/wp-content\/uploads\/2025\/05\/persiana-romana-02.jpg\" alt=\"Modelo de persiana romana que representa a simplicidade e aconchego.\" title=\"\"><figcaption class=\"wp-caption-text\">Modelo de persiana romana que representa a simplicidade e aconchego.<\/figcaption><\/figure>\n<h3>Para se aprofundar mais sobre o tema, veja a minha recomenda\u00e7\u00e3o sobre o tema deste artigo no v\u00eddeo a seguir abaixo:<\/h3>\n<p><iframe title=\"YouTube video player\" src=\"https:\/\/www.youtube.com\/embed\/2HkhGuSLEqM\" width=\"560\" height=\"315\" frameborder=\"0\" allowfullscreen=\"allowfullscreen\"><\/iframe><\/p>\n<figure style=\"width: 1024px\" class=\"wp-caption aligncenter\"><img decoding=\"async\" src=\"https:\/\/www.aarquiteta.com.br\/blog\/wp-content\/uploads\/2025\/05\/persiana-romana-108-730x730.jpg\" alt=\"Imagem de uma persiana romana que mostra detalhes de sua constru\u00e7\u00e3o.\" title=\"\"><figcaption class=\"wp-caption-text\">Imagem de uma persiana romana que mostra detalhes de sua constru\u00e7\u00e3o.<\/figcaption><\/figure>\n","protected":false},"excerpt":{"rendered":"<p>As persianas romanas s\u00e3o a uni\u00e3o perfeita de funcionalidade e est\u00e9tica, transformando ambientes com charme e praticidade. O que \u00e9 uma persiana romana? A persiana romana \u00e9 um tipo de cortina que se destaca pela sua capacidade de se dobrar em \u201cgomos\u201d ao ser acionada. Ela pode ser feita de tecidos variados, desde poli\u00e9ster at\u00e9 [&hellip;]<\/p>\n","protected":false},"author":102,"featured_media":150712,"comment_status":"open","ping_status":"","sticky":false,"template":"","format":"standard","meta":{"footnotes":""},"categories":[1484],"tags":[],"class_list":["post-150719","post","type-post","status-publish","format-standard","has-post-thumbnail","category-decoracao"],"_wp_attached_file":null,"_wp_attachment_metadata":null,"_wp_attachment_context":null,"_wp_attachment_is_custom_header":null,"geo_longitude":null,"geo_public":null,"geo_latitude":null,"_publicize_done_external":null,"_wpas_done_3897181":null,"publicize_twitter_user":null,"_wpas_done_3897175":null,"_wpas_skip_3897181":null,"_wpas_skip_3897175":null,"_wpas_skip_3924723":null,"_wpas_mess":null,"_wpas_done_3924723":null,"wps_subtitle":"","_links":{"self":[{"href":"https:\/\/www.aarquiteta.com.br\/blog\/wp-json\/wp\/v2\/posts\/150719","targetHints":{"allow":["GET"]}}],"collection":[{"href":"https:\/\/www.aarquiteta.com.br\/blog\/wp-json\/wp\/v2\/posts"}],"about":[{"href":"https:\/\/www.aarquiteta.com.br\/blog\/wp-json\/wp\/v2\/types\/post"}],"author":[{"embeddable":true,"href":"https:\/\/www.aarquiteta.com.br\/blog\/wp-json\/wp\/v2\/users\/102"}],"replies":[{"embeddable":true,"href":"https:\/\/www.aarquiteta.com.br\/blog\/wp-json\/wp\/v2\/comments?post=150719"}],"version-history":[{"count":0,"href":"https:\/\/www.aarquiteta.com.br\/blog\/wp-json\/wp\/v2\/posts\/150719\/revisions"}],"wp:featuredmedia":[{"embeddable":true,"href":"https:\/\/www.aarquiteta.com.br\/blog\/wp-json\/wp\/v2\/media\/150712"}],"wp:attachment":[{"href":"https:\/\/www.aarquiteta.com.br\/blog\/wp-json\/wp\/v2\/media?parent=150719"}],"wp:term":[{"taxonomy":"category","embeddable":true,"href":"https:\/\/www.aarquiteta.com.br\/blog\/wp-json\/wp\/v2\/categories?post=150719"},{"taxonomy":"post_tag","embeddable":true,"href":"https:\/\/www.aarquiteta.com.br\/blog\/wp-json\/wp\/v2\/tags?post=150719"}],"curies":[{"name":"wp","href":"https:\/\/api.w.org\/{rel}","templated":true}]}}