{"id":150649,"date":"2025-05-05T19:02:51","date_gmt":"2025-05-05T22:02:51","guid":{"rendered":"https:\/\/www.aarquiteta.com.br\/blog\/divisoria-de-madeira-2\/"},"modified":"2025-05-05T19:02:51","modified_gmt":"2025-05-05T22:02:51","slug":"divisoria-de-madeira-2","status":"publish","type":"post","link":"https:\/\/www.aarquiteta.com.br\/blog\/divisoria-de-madeira-2\/","title":{"rendered":"Modelos de Divis\u00f3rias de Madeira para Transformar a Decora\u00e7\u00e3o da Sua Casa"},"content":{"rendered":"<p>Voc\u00ea sabia que uma divis\u00f3ria de madeira pode transformar a sua decora\u00e7\u00e3o de forma impressionante? Vamos descobrir como!<\/p>\n<h3>O que s\u00e3o Divis\u00f3rias de Madeira?<\/h3>\n<figure style=\"width: 1024px\" class=\"wp-caption aligncenter\"><img decoding=\"async\" src=\"https:\/\/www.aarquiteta.com.br\/blog\/wp-content\/uploads\/2025\/05\/divisoria-de-madeira-2-730x730.jpg\" alt=\"Divis\u00f3ria de madeira que d\u00e1 um charme decorativo.\" title=\"\"><figcaption class=\"wp-caption-text\">Divis\u00f3ria de madeira que d\u00e1 um charme decorativo.<\/figcaption><\/figure>\n<p>As <b>divis\u00f3rias de madeira<\/b> s\u00e3o elementos decorativos que ajudam a delimitar espa\u00e7os em uma casa. Elas s\u00e3o vers\u00e1teis e podem ser utilizadas em diversos ambientes.<\/p>\n<h3>Por que escolher Divis\u00f3rias de Madeira?<\/h3>\n<figure style=\"width: 1024px\" class=\"wp-caption aligncenter\"><img decoding=\"async\" src=\"https:\/\/www.aarquiteta.com.br\/blog\/wp-content\/uploads\/2025\/05\/divisoria-de-madeira01.jpg\" alt=\"52 Modelos de Divis\u00f3ria de Madeira para Decorar a Sua Casa\" width=\"1024\" height=\"1024\" title=\"\"><figcaption class=\"wp-caption-text\">52 Modelos de Divis\u00f3ria de Madeira para Decorar a Sua Casa<\/figcaption><\/figure>\n<p>Escolher uma divis\u00f3ria de madeira n\u00e3o \u00e9 apenas uma quest\u00e3o est\u00e9tica. Esse material traz <b>calidez<\/b> e um toque r\u00fastico que harmoniza qualquer decora\u00e7\u00e3o.<\/p>\n<h3>Tipos de Divis\u00f3rias de Madeira<\/h3>\n<figure style=\"width: 1024px\" class=\"wp-caption aligncenter\"><img decoding=\"async\" src=\"https:\/\/www.aarquiteta.com.br\/blog\/wp-content\/uploads\/2025\/05\/divisoria-de-madeira.jpg\" alt=\"Divis\u00f3ria de madeira com charme e funcionalidade.\" title=\"\"><figcaption class=\"wp-caption-text\">Divis\u00f3ria de madeira com charme e funcionalidade.<\/figcaption><\/figure>\n<ul>\n<li><b>Paineis Ripados:<\/b> Estes pain\u00e9is s\u00e3o econ\u00f4micos e est\u00e3o super na moda.<\/li>\n<li><b>Pallets:<\/b> Uma solu\u00e7\u00e3o criativa e sustent\u00e1vel para separar c\u00f4modos.<\/li>\n<li><b>Divis\u00f3rias Personalizadas:<\/b> Op\u00e7\u00f5es sob medida para quem busca algo \u00fanico.<\/li>\n<\/ul>\n<h3>Onde Usar as Divis\u00f3rias?<\/h3>\n<figure style=\"width: 1024px\" class=\"wp-caption aligncenter\"><img decoding=\"async\" src=\"https:\/\/www.aarquiteta.com.br\/blog\/wp-content\/uploads\/2025\/05\/divisoria-de-madeira02.jpg\" alt=\"52 Modelos de Divis\u00f3ria de Madeira para Decorar a Sua Casa\" width=\"1024\" height=\"1024\" title=\"\"><figcaption class=\"wp-caption-text\">52 Modelos de Divis\u00f3ria de Madeira para Decorar a Sua Casa<\/figcaption><\/figure>\n<p>As divis\u00f3rias de madeira podem ser colocadas em qualquer canto, como entre a sala de estar e a sala de jantar. Isso d\u00e1 um <b>charme<\/b> especial ao ambiente.<\/p>\n<h3>Aproveitando a Luz Natural<\/h3>\n<figure style=\"width: 1024px\" class=\"wp-caption aligncenter\"><img decoding=\"async\" src=\"https:\/\/www.aarquiteta.com.br\/blog\/wp-content\/uploads\/2025\/05\/quarto-minimalista-00-286x160.png\" alt=\"Quarto minimalista: 30 ideias para um espa\u00e7o bonito, organizado e relaxante.\" title=\"\"><figcaption class=\"wp-caption-text\">Quarto minimalista: 30 ideias para um espa\u00e7o bonito, organizado e relaxante.<\/figcaption><\/figure>\n<p>Uma divis\u00f3ria bem projetada pode permitir a passagem de luz, <b>iluminando<\/b> os ambientes sem bloque\u00e1-los. Uma excelente op\u00e7\u00e3o para quem vive em lugares pequenos!<\/p>\n<h3>Fazendo Voc\u00ea Mesmo<\/h3>\n<figure style=\"width: 1024px\" class=\"wp-caption aligncenter\"><img decoding=\"async\" src=\"https:\/\/www.aarquiteta.com.br\/blog\/wp-content\/uploads\/2025\/05\/divisoria-de-madeira03.jpg\" alt=\"52 Modelos de Divis\u00f3ria de Madeira para Decorar a Sua Casa\" width=\"1024\" height=\"1024\" title=\"\"><figcaption class=\"wp-caption-text\">52 Modelos de Divis\u00f3ria de Madeira para Decorar a Sua Casa<\/figcaption><\/figure>\n<p>Com um pouco de criatividade e algumas ferramentas, d\u00e1 para fazer sua pr\u00f3pria divis\u00f3ria. O DIY (fa\u00e7a voc\u00ea mesmo) tem ganhado diversos adeptos, e existe <b>v\u00e1rios tutoriais online<\/b> que ajudam nesse processo.<\/p>\n<h3>Cuidados ao Escolher a Cor<\/h3>\n<figure style=\"width: 1024px\" class=\"wp-caption aligncenter\"><img decoding=\"async\" src=\"https:\/\/www.aarquiteta.com.br\/blog\/wp-content\/uploads\/2025\/05\/mesa-cavalete-0-286x160.jpg\" alt=\"20 fotos de mesa cavalete e tutoriais para uma decora\u00e7\u00e3o moderna.\" title=\"\"><figcaption class=\"wp-caption-text\">20 fotos de mesa cavalete e tutoriais para uma decora\u00e7\u00e3o moderna.<\/figcaption><\/figure>\n<p>Bons exemplos de cores podem mudar totalmente a atmosfera do espa\u00e7o. Recomendo que analise o aspecto da <b>ilumina\u00e7\u00e3o<\/b> e as cores j\u00e1 existentes ao escolher a tonalidade da sua divis\u00f3ria.<\/p>\n<h3>Principais Vantagens das Divis\u00f3rias de Madeira<\/h3>\n<figure style=\"width: 1024px\" class=\"wp-caption aligncenter\"><img decoding=\"async\" src=\"https:\/\/www.aarquiteta.com.br\/blog\/wp-content\/uploads\/2025\/05\/divisoria-de-madeira4.jpg\" alt=\"52 Modelos de Divis\u00f3ria de Madeira para Decorar a Sua Casa\" width=\"1024\" height=\"1024\" title=\"\"><figcaption class=\"wp-caption-text\">52 Modelos de Divis\u00f3ria de Madeira para Decorar a Sua Casa<\/figcaption><\/figure>\n<table>\n<tr>\n<th>Vantagem<\/th>\n<th>Descri\u00e7\u00e3o<\/th>\n<\/tr>\n<tr>\n<td><b>Estilo<\/b><\/td>\n<td>Adiciona charme e eleg\u00e2ncia ao espa\u00e7o.<\/td>\n<\/tr>\n<tr>\n<td><b>Versatilidade<\/b><\/td>\n<td>Funciona em diversos ambientes e estilos.<\/td>\n<\/tr>\n<tr>\n<td><b>Funcionalidade<\/b><\/td>\n<td>Ajuda a criar privacidade e delimitar \u00e1reas.<\/td>\n<\/tr>\n<\/table>\n<h3>Considera\u00e7\u00f5es Finais<\/h3>\n<figure style=\"width: 1024px\" class=\"wp-caption aligncenter\"><img decoding=\"async\" src=\"https:\/\/www.aarquiteta.com.br\/blog\/wp-content\/uploads\/2025\/05\/sofa-rustico-0-286x160.jpg\" alt=\"60 modelos de sof\u00e1 r\u00fastico para dar um ar campestre ao seu ambiente.\" title=\"\"><figcaption class=\"wp-caption-text\">60 modelos de sof\u00e1 r\u00fastico para dar um ar campestre ao seu ambiente.<\/figcaption><\/figure>\n<p>Investir em <b>divis\u00f3rias de madeira<\/b> \u00e9 uma excelente forma de transformar a decora\u00e7\u00e3o da sua casa. Com uma variedade de modelos, cores e estilos, voc\u00ea com certeza encontrar\u00e1 a que melhor se encaixa no seu espa\u00e7o.<\/p>\n<p>Agora, \u00e9 s\u00f3 arrega\u00e7ar as mangas e colocar as ideias em pr\u00e1tica! Sua casa mereceu essa transforma\u00e7\u00e3o!<\/p>\n<h3>Para se aprofundar mais sobre o tema, veja a minha recomenda\u00e7\u00e3o sobre o tema deste artigo no v\u00eddeo a seguir abaixo:<\/h3>\n<p><iframe title=\"YouTube video player\" src=\"https:\/\/www.youtube.com\/embed\/uFr3B1B3THE\" width=\"560\" height=\"315\" frameborder=\"0\" allowfullscreen=\"allowfullscreen\"><\/iframe><\/p>\n<figure style=\"width: 1024px\" class=\"wp-caption aligncenter\"><img decoding=\"async\" src=\"https:\/\/www.aarquiteta.com.br\/blog\/wp-content\/uploads\/2025\/05\/divisoria-de-madeira-001.jpg\" alt=\"Divis\u00f3ria de madeira \u00e9 \u00f3tima para separar ambientes.\" title=\"\"><figcaption class=\"wp-caption-text\">Divis\u00f3ria de madeira \u00e9 \u00f3tima para separar ambientes.<\/figcaption><\/figure>\n","protected":false},"excerpt":{"rendered":"<p>Voc\u00ea sabia que uma divis\u00f3ria de madeira pode transformar a sua decora\u00e7\u00e3o de forma impressionante? Vamos descobrir como! O que s\u00e3o Divis\u00f3rias de Madeira? As divis\u00f3rias de madeira s\u00e3o elementos decorativos que ajudam a delimitar espa\u00e7os em uma casa. Elas s\u00e3o vers\u00e1teis e podem ser utilizadas em diversos ambientes. Por que escolher Divis\u00f3rias de Madeira? [&hellip;]<\/p>\n","protected":false},"author":102,"featured_media":150642,"comment_status":"open","ping_status":"","sticky":false,"template":"","format":"standard","meta":{"footnotes":""},"categories":[1484],"tags":[],"class_list":["post-150649","post","type-post","status-publish","format-standard","has-post-thumbnail","category-decoracao"],"_wp_attached_file":null,"_wp_attachment_metadata":null,"_wp_attachment_context":null,"_wp_attachment_is_custom_header":null,"geo_longitude":null,"geo_public":null,"geo_latitude":null,"_publicize_done_external":null,"_wpas_done_3897181":null,"publicize_twitter_user":null,"_wpas_done_3897175":null,"_wpas_skip_3897181":null,"_wpas_skip_3897175":null,"_wpas_skip_3924723":null,"_wpas_mess":null,"_wpas_done_3924723":null,"wps_subtitle":"","_links":{"self":[{"href":"https:\/\/www.aarquiteta.com.br\/blog\/wp-json\/wp\/v2\/posts\/150649","targetHints":{"allow":["GET"]}}],"collection":[{"href":"https:\/\/www.aarquiteta.com.br\/blog\/wp-json\/wp\/v2\/posts"}],"about":[{"href":"https:\/\/www.aarquiteta.com.br\/blog\/wp-json\/wp\/v2\/types\/post"}],"author":[{"embeddable":true,"href":"https:\/\/www.aarquiteta.com.br\/blog\/wp-json\/wp\/v2\/users\/102"}],"replies":[{"embeddable":true,"href":"https:\/\/www.aarquiteta.com.br\/blog\/wp-json\/wp\/v2\/comments?post=150649"}],"version-history":[{"count":0,"href":"https:\/\/www.aarquiteta.com.br\/blog\/wp-json\/wp\/v2\/posts\/150649\/revisions"}],"wp:featuredmedia":[{"embeddable":true,"href":"https:\/\/www.aarquiteta.com.br\/blog\/wp-json\/wp\/v2\/media\/150642"}],"wp:attachment":[{"href":"https:\/\/www.aarquiteta.com.br\/blog\/wp-json\/wp\/v2\/media?parent=150649"}],"wp:term":[{"taxonomy":"category","embeddable":true,"href":"https:\/\/www.aarquiteta.com.br\/blog\/wp-json\/wp\/v2\/categories?post=150649"},{"taxonomy":"post_tag","embeddable":true,"href":"https:\/\/www.aarquiteta.com.br\/blog\/wp-json\/wp\/v2\/tags?post=150649"}],"curies":[{"name":"wp","href":"https:\/\/api.w.org\/{rel}","templated":true}]}}