{"id":150612,"date":"2025-05-05T18:17:43","date_gmt":"2025-05-05T21:17:43","guid":{"rendered":"https:\/\/www.aarquiteta.com.br\/blog\/cor-creme\/"},"modified":"2025-05-05T18:17:43","modified_gmt":"2025-05-05T21:17:43","slug":"cor-creme","status":"publish","type":"post","link":"https:\/\/www.aarquiteta.com.br\/blog\/cor-creme\/","title":{"rendered":"Ideias e Dicas para Decorar com Tons de Creme"},"content":{"rendered":"<p>A cor creme pode transformar ambientes com charme e sofistica\u00e7\u00e3o. Vamos explorar como utiliz\u00e1-la na decora\u00e7\u00e3o do seu espa\u00e7o!<\/p>\n<h3>Por que escolher a cor creme?<\/h3>\n<figure style=\"width: 1024px\" class=\"wp-caption aligncenter\"><img decoding=\"async\" src=\"https:\/\/www.aarquiteta.com.br\/blog\/wp-content\/uploads\/2025\/05\/cor-creme-2.jpg\" alt=\"O azul transmite calma e deixa o ambiente com um aspecto bem moderno.\" title=\"\"><figcaption class=\"wp-caption-text\">O azul transmite calma e deixa o ambiente com um aspecto bem moderno.<\/figcaption><\/figure>\n<p>Voc\u00ea sabia que a <b>cor creme<\/b> proporciona uma sensa\u00e7\u00e3o de aconchego e versatilidade? Essa tonalidade \u00e9 perfeita para qualquer ambiente.<\/p>\n<h3>Cores que combinam com creme<\/h3>\n<figure style=\"width: 1024px\" class=\"wp-caption aligncenter\"><img decoding=\"async\" src=\"https:\/\/www.aarquiteta.com.br\/blog\/wp-content\/uploads\/2025\/05\/cor-creme01.jpg\" alt=\"Decora\u00e7\u00e3o em Tons de Creme: Dicas e Inspira\u00e7\u00f5es\" width=\"1024\" height=\"1024\" title=\"\"><figcaption class=\"wp-caption-text\">Decora\u00e7\u00e3o em Tons de Creme: Dicas e Inspira\u00e7\u00f5es<\/figcaption><\/figure>\n<p>Vou te mostrar algumas combina\u00e7\u00f5es que realmente funcionam. Voc\u00ea pode usar o creme com <b>branco<\/b>, criando uma atmosfera leve e harmoniosa.<\/p>\n<ul>\n<li><b>Azul:<\/b> Uma pitada de modernidade e calma.<\/li>\n<li><b>Rosa:<\/b> Para um toque rom\u00e2ntico e suave.<\/li>\n<li><b>Cinza:<\/b> Um ar contempor\u00e2neo e neutro.<\/li>\n<li><b>Marrom:<\/b> Sensa\u00e7\u00e3o de acolhimento.<\/li>\n<\/ul>\n<h3>Decora\u00e7\u00e3o em diferentes ambientes<\/h3>\n<figure style=\"width: 1024px\" class=\"wp-caption aligncenter\"><img decoding=\"async\" src=\"https:\/\/www.aarquiteta.com.br\/blog\/wp-content\/uploads\/2025\/05\/cor-creme-capa-1.jpg\" alt=\"60 fotos de decora\u00e7\u00e3o na cor creme e dicas de combina\u00e7\u00f5es incr\u00edveis\" title=\"\"><figcaption class=\"wp-caption-text\">60 fotos de decora\u00e7\u00e3o na cor creme e dicas de combina\u00e7\u00f5es incr\u00edveis<\/figcaption><\/figure>\n<p>Seja na sala, no quarto ou na cozinha, a <b>cor creme<\/b> se adapta perfeitamente. J\u00e1 pensou em estofar o sof\u00e1 nessa cor? \u00c9 uma escolha que garante eleg\u00e2ncia!<\/p>\n<h3>Como usar a cor creme na pintura<\/h3>\n<figure style=\"width: 1024px\" class=\"wp-caption aligncenter\"><img decoding=\"async\" src=\"https:\/\/www.aarquiteta.com.br\/blog\/wp-content\/uploads\/2025\/05\/cor-creme02.jpg\" alt=\"Decora\u00e7\u00e3o em Tons de Creme: Dicas e Inspira\u00e7\u00f5es\" width=\"1024\" height=\"1024\" title=\"\"><figcaption class=\"wp-caption-text\">Decora\u00e7\u00e3o em Tons de Creme: Dicas e Inspira\u00e7\u00f5es<\/figcaption><\/figure>\n<p>Uma dica valiosa \u00e9 utilizar o creme na <b>pintura das paredes<\/b>. Ele traz luminosidade e amplitude ao ambiente, al\u00e9m de ser super vers\u00e1til.<\/p>\n<div>\n<table>\n<tr>\n<th>Combina\u00e7\u00f5es de Cores<\/th>\n<th>Caracter\u00edsticas<\/th>\n<\/tr>\n<tr>\n<td>Branco<\/td>\n<td>Harmonia e leveza<\/td>\n<\/tr>\n<tr>\n<td>Azul<\/td>\n<td>Modernidade<\/td>\n<\/tr>\n<tr>\n<td>Rosa<\/td>\n<td>Rom\u00e2ntico<\/td>\n<\/tr>\n<tr>\n<td>Cinza<\/td>\n<td>Contempor\u00e2neo<\/td>\n<\/tr>\n<tr>\n<td>Marrom<\/td>\n<td>Aconchego<\/td>\n<\/tr>\n<\/table>\n<\/div>\n<h3>Pontua\u00e7\u00f5es e detalhes na decora\u00e7\u00e3o<\/h3>\n<figure style=\"width: 1024px\" class=\"wp-caption aligncenter\"><img decoding=\"async\" src=\"https:\/\/www.aarquiteta.com.br\/blog\/wp-content\/uploads\/2025\/05\/cor-bege-00-286x160.jpg\" alt=\"Cor bege oferece neutralidade e leveza \u00e0 decora\u00e7\u00e3o\" title=\"\"><figcaption class=\"wp-caption-text\">Cor bege oferece neutralidade e leveza \u00e0 decora\u00e7\u00e3o<\/figcaption><\/figure>\n<p>O truque \u00e9 brincar com <b>elementos decorativos<\/b>. Almofadas, cortinas e at\u00e9 m\u00f3veis em tons de creme podem criar um look coeso e sofisticado.<\/p>\n<h3>Transforme seu espa\u00e7o com creme<\/h3>\n<figure style=\"width: 1024px\" class=\"wp-caption aligncenter\"><img decoding=\"async\" src=\"https:\/\/www.aarquiteta.com.br\/blog\/wp-content\/uploads\/2025\/05\/cor-creme03.jpg\" alt=\"Decora\u00e7\u00e3o em Tons de Creme: Dicas e Inspira\u00e7\u00f5es\" width=\"1024\" height=\"1024\" title=\"\"><figcaption class=\"wp-caption-text\">Decora\u00e7\u00e3o em Tons de Creme: Dicas e Inspira\u00e7\u00f5es<\/figcaption><\/figure>\n<p>Quando utilizamos essa cor, podemos perceber uma <b>transforma\u00e7\u00e3o positiva<\/b> no ambiente que impressiona. Ela \u00e9 um verdadeiro curinga na decora\u00e7\u00e3o.<\/p>\n<h3>Finalizando com estilo<\/h3>\n<figure style=\"width: 1024px\" class=\"wp-caption aligncenter\"><img decoding=\"async\" src=\"https:\/\/www.aarquiteta.com.br\/blog\/wp-content\/uploads\/2025\/05\/cores-que-combinam-com-azul-286x160.jpg\" alt=\"Cores que combinam com azul: op\u00e7\u00f5es para todos os gostos\" title=\"\"><figcaption class=\"wp-caption-text\">Cores que combinam com azul: op\u00e7\u00f5es para todos os gostos<\/figcaption><\/figure>\n<p>Seja no estilo r\u00fastico ou contempor\u00e2neo, o creme traz um toque especial. Aposte nessa cor e surpreenda-se!<\/p>\n<p>Explore as possibilidades que a <b>cor creme<\/b> oferece e  permita-se criar um espa\u00e7o acolhedor e cheio de estilo. Tenho certeza que voc\u00ea vai se apaixonar pelo resultado!<\/p>\n<figure style=\"width: 1024px\" class=\"wp-caption aligncenter\"><img decoding=\"async\" src=\"https:\/\/www.aarquiteta.com.br\/blog\/wp-content\/uploads\/2025\/05\/cor-creme4.jpg\" alt=\"Decora\u00e7\u00e3o em Tons de Creme: Dicas e Inspira\u00e7\u00f5es\" width=\"1024\" height=\"1024\" title=\"\"><figcaption class=\"wp-caption-text\">Decora\u00e7\u00e3o em Tons de Creme: Dicas e Inspira\u00e7\u00f5es<\/figcaption><\/figure>\n<figure style=\"width: 1024px\" class=\"wp-caption aligncenter\"><img decoding=\"async\" src=\"https:\/\/www.aarquiteta.com.br\/blog\/wp-content\/uploads\/2025\/05\/capa1-cor-perola-286x160.jpg\" alt=\"Cor p\u00e9rola: conhe\u00e7a esse tom perfeito para qualquer ambiente\" title=\"\"><figcaption class=\"wp-caption-text\">Cor p\u00e9rola: conhe\u00e7a esse tom perfeito para qualquer ambiente<\/figcaption><\/figure>\n<h3>Para se aprofundar mais sobre o tema, veja a minha recomenda\u00e7\u00e3o sobre o tema deste artigo no v\u00eddeo a seguir abaixo:<\/h3>\n<p><iframe title=\"YouTube video player\" src=\"https:\/\/www.youtube.com\/embed\/EyFAU_VR36E\" width=\"560\" height=\"315\" frameborder=\"0\" allowfullscreen=\"allowfullscreen\"><\/iframe><\/p>\n<figure style=\"width: 1024px\" class=\"wp-caption aligncenter\"><img decoding=\"async\" src=\"https:\/\/www.aarquiteta.com.br\/blog\/wp-content\/uploads\/2025\/05\/cor-creme-1-2.jpg\" alt=\"Spa\u00e7o Interior\" title=\"\"><figcaption class=\"wp-caption-text\">Spa\u00e7o Interior<\/figcaption><\/figure>\n","protected":false},"excerpt":{"rendered":"<p>A cor creme pode transformar ambientes com charme e sofistica\u00e7\u00e3o. Vamos explorar como utiliz\u00e1-la na decora\u00e7\u00e3o do seu espa\u00e7o! Por que escolher a cor creme? Voc\u00ea sabia que a cor creme proporciona uma sensa\u00e7\u00e3o de aconchego e versatilidade? Essa tonalidade \u00e9 perfeita para qualquer ambiente. Cores que combinam com creme Vou te mostrar algumas combina\u00e7\u00f5es [&hellip;]<\/p>\n","protected":false},"author":102,"featured_media":150604,"comment_status":"open","ping_status":"","sticky":false,"template":"","format":"standard","meta":{"footnotes":""},"categories":[1484],"tags":[],"class_list":["post-150612","post","type-post","status-publish","format-standard","has-post-thumbnail","category-decoracao"],"_wp_attached_file":null,"_wp_attachment_metadata":null,"_wp_attachment_context":null,"_wp_attachment_is_custom_header":null,"geo_longitude":null,"geo_public":null,"geo_latitude":null,"_publicize_done_external":null,"_wpas_done_3897181":null,"publicize_twitter_user":null,"_wpas_done_3897175":null,"_wpas_skip_3897181":null,"_wpas_skip_3897175":null,"_wpas_skip_3924723":null,"_wpas_mess":null,"_wpas_done_3924723":null,"wps_subtitle":"","_links":{"self":[{"href":"https:\/\/www.aarquiteta.com.br\/blog\/wp-json\/wp\/v2\/posts\/150612","targetHints":{"allow":["GET"]}}],"collection":[{"href":"https:\/\/www.aarquiteta.com.br\/blog\/wp-json\/wp\/v2\/posts"}],"about":[{"href":"https:\/\/www.aarquiteta.com.br\/blog\/wp-json\/wp\/v2\/types\/post"}],"author":[{"embeddable":true,"href":"https:\/\/www.aarquiteta.com.br\/blog\/wp-json\/wp\/v2\/users\/102"}],"replies":[{"embeddable":true,"href":"https:\/\/www.aarquiteta.com.br\/blog\/wp-json\/wp\/v2\/comments?post=150612"}],"version-history":[{"count":0,"href":"https:\/\/www.aarquiteta.com.br\/blog\/wp-json\/wp\/v2\/posts\/150612\/revisions"}],"wp:featuredmedia":[{"embeddable":true,"href":"https:\/\/www.aarquiteta.com.br\/blog\/wp-json\/wp\/v2\/media\/150604"}],"wp:attachment":[{"href":"https:\/\/www.aarquiteta.com.br\/blog\/wp-json\/wp\/v2\/media?parent=150612"}],"wp:term":[{"taxonomy":"category","embeddable":true,"href":"https:\/\/www.aarquiteta.com.br\/blog\/wp-json\/wp\/v2\/categories?post=150612"},{"taxonomy":"post_tag","embeddable":true,"href":"https:\/\/www.aarquiteta.com.br\/blog\/wp-json\/wp\/v2\/tags?post=150612"}],"curies":[{"name":"wp","href":"https:\/\/api.w.org\/{rel}","templated":true}]}}