{"id":150398,"date":"2025-05-02T17:20:11","date_gmt":"2025-05-02T20:20:11","guid":{"rendered":"https:\/\/www.aarquiteta.com.br\/blog\/guia-de-iluminacao-estilosa-e-funcional\/"},"modified":"2025-05-02T17:20:11","modified_gmt":"2025-05-02T20:20:11","slug":"guia-de-iluminacao-estilosa-e-funcional","status":"publish","type":"post","link":"https:\/\/www.aarquiteta.com.br\/blog\/guia-de-iluminacao-estilosa-e-funcional\/","title":{"rendered":"Ilumina\u00e7\u00e3o Elegante e Pr\u00e1tica: Como Melhorar Seu Espa\u00e7o com Estilo"},"content":{"rendered":"<p>Voc\u00ea j\u00e1 parou para pensar como <b>uma boa ilumina\u00e7\u00e3o<\/b> pode transformar seu ambiente? Neste artigo, vou te mostrar como iluminar seu espa\u00e7o com estilo e funcionalidade.<\/p>\n<h3>Entenda Suas Necessidades de Ilumina\u00e7\u00e3o<\/h3>\n<figure style=\"width: 1024px\" class=\"wp-caption aligncenter\"><img decoding=\"async\" src=\"https:\/\/www.aarquiteta.com.br\/blog\/wp-content\/uploads\/2025\/05\/guia-de-iluminacao-estilosa-e-funcional01.jpg\" alt=\"Dicas de Ilumina\u00e7\u00e3o Estilosa e Funcional para Transformar Seu Espa\u00e7o\" width=\"1024\" height=\"1024\" title=\"\"><figcaption class=\"wp-caption-text\">Dicas de Ilumina\u00e7\u00e3o Estilosa e Funcional para Transformar Seu Espa\u00e7o<\/figcaption><\/figure>\n<p>Antes de escolher qualquer lumin\u00e1ria, \u00e9 essencial <b>analisar seu espa\u00e7o<\/b>. Cada c\u00f4modo demanda uma ilumina\u00e7\u00e3o espec\u00edfica: ambientes como a sala de estar pedem luz suave, enquanto a cozinha precisa de algo mais potente. <b>Identificar suas necessidades<\/b> \u00e9 fundamental para criar um ambiente bem iluminado.<\/p>\n<h3>Criar Camadas de Luz<\/h3>\n<p>Uma boa ilumina\u00e7\u00e3o n\u00e3o vem de um \u00fanico ponto. \u00c9 preciso <b>combinar diferentes fontes de luz<\/b> para criar efeito. Misturar luz ambiente, de tarefa e de destaque faz maravilhas na sua decora\u00e7\u00e3o. Por exemplo, uma mesa bem iluminada por uma lumin\u00e1ria de mesa e luz suave do teto cria uma atmosfera agrad\u00e1vel.<\/p>\n<h3>Escolha de L\u00e2mpadas Certas<\/h3>\n<figure style=\"width: 1024px\" class=\"wp-caption aligncenter\"><img decoding=\"async\" src=\"https:\/\/www.aarquiteta.com.br\/blog\/wp-content\/uploads\/2025\/05\/chandelier-194681_1920-1200x900.jpg\" alt=\"Um elegante lustre que serve como elemento central de ilumina\u00e7\u00e3o em um ambiente.\" title=\"\"><figcaption class=\"wp-caption-text\">Um elegante lustre que serve como elemento central de ilumina\u00e7\u00e3o em um ambiente.<\/figcaption><\/figure>\n<p>A l\u00e2mpada que voc\u00ea escolhe tem um grande impacto. As <b>l\u00e2mpadas LED<\/b>, por exemplo, s\u00e3o econ\u00f4micas e dur\u00e1veis. Optar por l\u00e2mpadas com temperatura de cor ajust\u00e1vel proporciona <b>versatilidade<\/b> na ilumina\u00e7\u00e3o, adaptando-se ao seu estado de esp\u00edrito e momento do dia.<\/p>\n<h3>Defina Pe\u00e7as de Destaque<\/h3>\n<figure style=\"width: 1024px\" class=\"wp-caption aligncenter\"><img decoding=\"async\" src=\"https:\/\/www.aarquiteta.com.br\/blog\/wp-content\/uploads\/2025\/05\/guia-de-iluminacao-estilosa-e-funcional02.jpg\" alt=\"Dicas de Ilumina\u00e7\u00e3o Estilosa e Funcional para Transformar Seu Espa\u00e7o\" width=\"1024\" height=\"1024\" title=\"\"><figcaption class=\"wp-caption-text\">Dicas de Ilumina\u00e7\u00e3o Estilosa e Funcional para Transformar Seu Espa\u00e7o<\/figcaption><\/figure>\n<p>As lumin\u00e1rias podem ser verdadeiras obras de arte na decora\u00e7\u00e3o. Um <b>pendente impactante<\/b> ou um lustre elegante pode ser o ponto focal da sua sala. Lembre-se de considerar o tamanho da pe\u00e7a: o equil\u00edbrio \u00e9 crucial para n\u00e3o sobrecarregar o ambiente.<\/p>\n<h3>Ilumina\u00e7\u00e3o Inteligente para o Futuro<\/h3>\n<figure style=\"width: 1024px\" class=\"wp-caption aligncenter\"><img decoding=\"async\" src=\"https:\/\/www.aarquiteta.com.br\/blog\/wp-content\/uploads\/2025\/05\/pexels-heyho-6538934-1200x801.jpg\" alt=\"Uma imagem de espa\u00e7o bem iluminado que destaca a funcionalidade e est\u00e9tica da ilumina\u00e7\u00e3o.\" title=\"\"><figcaption class=\"wp-caption-text\">Uma imagem de espa\u00e7o bem iluminado que destaca a funcionalidade e est\u00e9tica da ilumina\u00e7\u00e3o.<\/figcaption><\/figure>\n<p>Com a tecnologia a nosso favor, <b>ilumina\u00e7\u00e3o inteligente<\/b> se torna uma op\u00e7\u00e3o pr\u00e1tica e eficiente. L\u00e2mpadas que podem ser controladas pelo smartphone oferecem conforto e personaliza\u00e7\u00e3o, adequando a luz em diferentes momentos do dia.<\/p>\n<h3>Otimize a Luz Natural<\/h3>\n<figure style=\"width: 1024px\" class=\"wp-caption aligncenter\"><img decoding=\"async\" src=\"https:\/\/www.aarquiteta.com.br\/blog\/wp-content\/uploads\/2025\/05\/guia-de-iluminacao-estilosa-e-funcional03.jpg\" alt=\"Dicas de Ilumina\u00e7\u00e3o Estilosa e Funcional para Transformar Seu Espa\u00e7o\" width=\"1024\" height=\"1024\" title=\"\"><figcaption class=\"wp-caption-text\">Dicas de Ilumina\u00e7\u00e3o Estilosa e Funcional para Transformar Seu Espa\u00e7o<\/figcaption><\/figure>\n<p>A luz natural \u00e9 uma aliada potente. Grandes janelas e espelhos est\u00e3o entre os recursos mais eficazes para <b>ampliar a ilumina\u00e7\u00e3o<\/b> e dar uma sensa\u00e7\u00e3o de amplitude aos ambientes.<\/p>\n<table>\n<tr>\n<th>Aspecto<\/th>\n<th>Detalhes<\/th>\n<\/tr>\n<tr>\n<td>Necessidades de Ilumina\u00e7\u00e3o<\/td>\n<td>Analise o ambiente e escolha a luz adequada para cada c\u00f4modo.<\/td>\n<\/tr>\n<tr>\n<td>Camadas de Luz<\/td>\n<td>Combine luz ambiente, de tarefa e de destaque para efeito harm\u00f4nico.<\/td>\n<\/tr>\n<tr>\n<td>Escolha de L\u00e2mpadas<\/td>\n<td>L\u00e2mpadas LED com temperatura ajust\u00e1vel oferecem versatilidade.<\/td>\n<\/tr>\n<tr>\n<td>Pontos de Destaque<\/td>\n<td>Invista em pe\u00e7as impactantes para valorizar a decora\u00e7\u00e3o.<\/td>\n<\/tr>\n<tr>\n<td>Ilumina\u00e7\u00e3o Inteligente<\/td>\n<td>Controle via smartphone para maior conforto e personaliza\u00e7\u00e3o.<\/td>\n<\/tr>\n<tr>\n<td>Otimize Luz Natural<\/td>\n<td>Use janelas grandes e espelhos para ampliar a ilumina\u00e7\u00e3o.<\/td>\n<\/tr>\n<\/table>\n<h3>Ilumina\u00e7\u00e3o de Destaque<\/h3>\n<p>Invista em luzes de <b>destaque<\/b> para valorizar elementos como quadros ou detalhes arquitet\u00f4nicos. Essa t\u00e9cnica n\u00e3o s\u00f3 real\u00e7a a beleza do ambiente, mas tamb\u00e9m o torna mais interessante \u00e0 vista.<\/p>\n<h3>Sistemas de Ilumina\u00e7\u00e3o Ajust\u00e1veis<\/h3>\n<figure style=\"width: 1024px\" class=\"wp-caption aligncenter\"><img decoding=\"async\" src=\"https:\/\/www.aarquiteta.com.br\/blog\/wp-content\/uploads\/2025\/05\/guia-de-iluminacao-estilosa-e-funcional4.jpg\" alt=\"Dicas de Ilumina\u00e7\u00e3o Estilosa e Funcional para Transformar Seu Espa\u00e7o\" width=\"1024\" height=\"1024\" title=\"\"><figcaption class=\"wp-caption-text\">Dicas de Ilumina\u00e7\u00e3o Estilosa e Funcional para Transformar Seu Espa\u00e7o<\/figcaption><\/figure>\n<p>Opte por lumin\u00e1rias com <b>ajuste de intensidade<\/b> para atender diferentes atividades. Isso \u00e9 especialmente \u00fatil em ambientes multifuncionais onde a luz precisa mudar conforme sua necessidade.<\/p>\n<p>Em resumo, a <b>ilumina\u00e7\u00e3o elegante e pr\u00e1tica<\/b> n\u00e3o s\u00f3 embeleza seu espa\u00e7o, mas tamb\u00e9m proporciona funcionalidade. Ao seguir essas dicas, voc\u00ea transforma sua casa em um lugar mais aconchegante e sofisticado! N\u00e3o subestime o poder da luz na decora\u00e7\u00e3o.<\/p>\n<h3>Para se aprofundar mais sobre o tema, veja a minha recomenda\u00e7\u00e3o sobre o tema deste artigo no v\u00eddeo a seguir abaixo:<\/h3>\n<p><iframe title=\"YouTube video player\" src=\"https:\/\/www.youtube.com\/embed\/Q--v85BIoIY\" width=\"560\" height=\"315\" frameborder=\"0\" allowfullscreen=\"allowfullscreen\"><\/iframe><\/p>\n","protected":false},"excerpt":{"rendered":"<p>Voc\u00ea j\u00e1 parou para pensar como uma boa ilumina\u00e7\u00e3o pode transformar seu ambiente? Neste artigo, vou te mostrar como iluminar seu espa\u00e7o com estilo e funcionalidade. Entenda Suas Necessidades de Ilumina\u00e7\u00e3o Antes de escolher qualquer lumin\u00e1ria, \u00e9 essencial analisar seu espa\u00e7o. Cada c\u00f4modo demanda uma ilumina\u00e7\u00e3o espec\u00edfica: ambientes como a sala de estar pedem luz [&hellip;]<\/p>\n","protected":false},"author":102,"featured_media":150393,"comment_status":"open","ping_status":"","sticky":false,"template":"","format":"standard","meta":{"footnotes":""},"categories":[1484],"tags":[],"class_list":["post-150398","post","type-post","status-publish","format-standard","has-post-thumbnail","category-decoracao"],"_wp_attached_file":null,"_wp_attachment_metadata":null,"_wp_attachment_context":null,"_wp_attachment_is_custom_header":null,"geo_longitude":null,"geo_public":null,"geo_latitude":null,"_publicize_done_external":null,"_wpas_done_3897181":null,"publicize_twitter_user":null,"_wpas_done_3897175":null,"_wpas_skip_3897181":null,"_wpas_skip_3897175":null,"_wpas_skip_3924723":null,"_wpas_mess":null,"_wpas_done_3924723":null,"wps_subtitle":"","_links":{"self":[{"href":"https:\/\/www.aarquiteta.com.br\/blog\/wp-json\/wp\/v2\/posts\/150398","targetHints":{"allow":["GET"]}}],"collection":[{"href":"https:\/\/www.aarquiteta.com.br\/blog\/wp-json\/wp\/v2\/posts"}],"about":[{"href":"https:\/\/www.aarquiteta.com.br\/blog\/wp-json\/wp\/v2\/types\/post"}],"author":[{"embeddable":true,"href":"https:\/\/www.aarquiteta.com.br\/blog\/wp-json\/wp\/v2\/users\/102"}],"replies":[{"embeddable":true,"href":"https:\/\/www.aarquiteta.com.br\/blog\/wp-json\/wp\/v2\/comments?post=150398"}],"version-history":[{"count":0,"href":"https:\/\/www.aarquiteta.com.br\/blog\/wp-json\/wp\/v2\/posts\/150398\/revisions"}],"wp:featuredmedia":[{"embeddable":true,"href":"https:\/\/www.aarquiteta.com.br\/blog\/wp-json\/wp\/v2\/media\/150393"}],"wp:attachment":[{"href":"https:\/\/www.aarquiteta.com.br\/blog\/wp-json\/wp\/v2\/media?parent=150398"}],"wp:term":[{"taxonomy":"category","embeddable":true,"href":"https:\/\/www.aarquiteta.com.br\/blog\/wp-json\/wp\/v2\/categories?post=150398"},{"taxonomy":"post_tag","embeddable":true,"href":"https:\/\/www.aarquiteta.com.br\/blog\/wp-json\/wp\/v2\/tags?post=150398"}],"curies":[{"name":"wp","href":"https:\/\/api.w.org\/{rel}","templated":true}]}}