{"id":150356,"date":"2025-05-01T18:39:02","date_gmt":"2025-05-01T21:39:02","guid":{"rendered":"https:\/\/www.aarquiteta.com.br\/blog\/tijolo-ecologico-3\/"},"modified":"2025-05-01T18:39:02","modified_gmt":"2025-05-01T21:39:02","slug":"tijolo-ecologico-3","status":"publish","type":"post","link":"https:\/\/www.aarquiteta.com.br\/blog\/tijolo-ecologico-3\/","title":{"rendered":"Como o Tijolo Ecol\u00f3gico Transforma a Constru\u00e7\u00e3o Civil"},"content":{"rendered":"<p>Quer saber como um simples tijolo pode transformar sua constru\u00e7\u00e3o? O <b>tijolo ecol\u00f3gico<\/b> \u00e9 a solu\u00e7\u00e3o! Vamos descobrir!<\/p>\n<h3>O que \u00e9 o tijolo ecol\u00f3gico?<\/h3>\n<p>O <b>tijolo ecol\u00f3gico<\/b> \u00e9 uma inova\u00e7\u00e3o no mundo da constru\u00e7\u00e3o civil, focado na <b>sustentabilidade<\/b> e efici\u00eancia.<\/p>\n<p>Com materiais recicl\u00e1veis e naturais na sua composi\u00e7\u00e3o, como o solo-cimento, ele <b>diminui a emiss\u00e3o de poluentes<\/b> e economiza energia. Em vez de ser queimado, \u00e9 compactado e prensado, o que representa um caminho mais verde para constru\u00e7\u00f5es.<\/p>\n<h3>Diferen\u00e7as entre tijolo ecol\u00f3gico e tijolo comum<\/h3>\n<figure style=\"width: 1024px\" class=\"wp-caption aligncenter\"><img decoding=\"async\" src=\"https:\/\/www.aarquiteta.com.br\/blog\/wp-content\/uploads\/2025\/05\/tijolo-ecologico01.jpg\" alt=\"Como o Tijolo Ecol\u00f3gico Transforma a Constru\u00e7\u00e3o Civil\" width=\"1024\" height=\"1024\" title=\"\"><figcaption class=\"wp-caption-text\">Como o Tijolo Ecol\u00f3gico Transforma a Constru\u00e7\u00e3o Civil<\/figcaption><\/figure>\n<p>Enquanto o <b>tijolo comum<\/b> \u00e9 feito de argila e queimado em fornos, o <b>ecol\u00f3gico<\/b> n\u00e3o precisa deste processo, o que reduz significativamente o impacto ambiental.<\/p>\n<p>Al\u00e9m disso, o tijolo ecol\u00f3gico \u00e9 mais leve e <b>facilita a aplica\u00e7\u00e3o<\/b>, resultando em economia de tempo e dinheiro durante a obra!<\/p>\n<h3>Como funciona o tijolo ecol\u00f3gico?<\/h3>\n<p>A produ\u00e7\u00e3o do tijolo ecol\u00f3gico \u00e9 bem simples: a mistura de solo e cimento \u00e9 compactada, formando um <b>bloco resistente<\/b> que seca ao ar. Isso economiza energia e evita a emiss\u00e3o de gases de efeito estufa.<\/p>\n<p>Seu sistema de encaixe a seco <b>reduz a necessidade de argamassa<\/b>, facilitando a montagem e diminuindo os custos de constru\u00e7\u00e3o.<\/p>\n<h3>Vantagens do tijolo ecol\u00f3gico<\/h3>\n<figure style=\"width: 1024px\" class=\"wp-caption aligncenter\"><img decoding=\"async\" src=\"https:\/\/www.aarquiteta.com.br\/blog\/wp-content\/uploads\/2025\/05\/tijolo-ecologico02.jpg\" alt=\" Como o Tijolo Ecol\u00f3gico Transforma a Constru\u00e7\u00e3o Civil\" width=\"1024\" height=\"1024\" title=\"\"><figcaption class=\"wp-caption-text\">Como o Tijolo Ecol\u00f3gico Transforma a Constru\u00e7\u00e3o Civil<\/figcaption><\/figure>\n<ul>\n<li><b>Sustentabilidade<\/b> em alta<\/li>\n<li><b>Menor custo a longo prazo<\/b> devido \u00e0 redu\u00e7\u00e3o de m\u00e3o de obra<\/li>\n<li><b>Facilidade de manuseio<\/b> e aplica\u00e7\u00e3o<\/li>\n<li><b>Menor impacto ambiental<\/b> na produ\u00e7\u00e3o<\/li>\n<\/ul>\n<h3>Desvantagens do tijolo ecol\u00f3gico<\/h3>\n<p>N\u00e3o podemos ignorar que o <b>tijolo ecol\u00f3gico<\/b> tem algumas desvantagens, como sua menor resist\u00eancia comparada ao tijolo cer\u00e2mico.<\/p>\n<p>Ideal para constru\u00e7\u00f5es pequenas e m\u00e9dias, mas em obras grandes, pode ser necess\u00e1rio combin\u00e1-lo com outros materiais.<\/p>\n<h3>Modelos de tijolo ecol\u00f3gico<\/h3>\n<figure style=\"width: 1024px\" class=\"wp-caption aligncenter\"><img decoding=\"async\" src=\"https:\/\/www.aarquiteta.com.br\/blog\/wp-content\/uploads\/2025\/05\/tijolo-ecologico03.jpg\" alt=\" Como o Tijolo Ecol\u00f3gico Transforma a Constru\u00e7\u00e3o Civil\" width=\"1024\" height=\"1024\" title=\"\"><figcaption class=\"wp-caption-text\">Como o Tijolo Ecol\u00f3gico Transforma a Constru\u00e7\u00e3o Civil<\/figcaption><\/figure>\n<ul>\n<li><b>Tijolo de encaixe a seco<\/b>: F\u00e1cil montagem e reduz desperd\u00edcios.<\/li>\n<li><b>Tijolo de reaproveitamento de res\u00edduos<\/b>: Utiliza materiais reciclados, como vidro e cascas de arroz.<\/li>\n<\/ul>\n<h3>Pre\u00e7o do tijolo ecol\u00f3gico<\/h3>\n<p>O pre\u00e7o varia entre R$ 1,50 e R$ 3,00 por unidade, dependendo da regi\u00e3o e do modelo.<\/p>\n<p><b>Mas lembre-se:<\/b> mesmo com um custo inicial mais alto, os <b>benef\u00edcios a longo prazo<\/b> costumam valer a pena!<\/p>\n<h3>Quando usar o tijolo ecol\u00f3gico na sua obra?<\/h3>\n<figure style=\"width: 1024px\" class=\"wp-caption aligncenter\"><img decoding=\"async\" src=\"https:\/\/www.aarquiteta.com.br\/blog\/wp-content\/uploads\/2025\/05\/tijolo-ecologico4.jpg\" alt=\" Como o Tijolo Ecol\u00f3gico Transforma a Constru\u00e7\u00e3o Civil\" width=\"1024\" height=\"1024\" title=\"\"><figcaption class=\"wp-caption-text\">Como o Tijolo Ecol\u00f3gico Transforma a Constru\u00e7\u00e3o Civil<\/figcaption><\/figure>\n<p>\u00c9 perfeito para <b>constru\u00e7\u00f5es sustent\u00e1veis<\/b>, como casas e pequenos pr\u00e9dios, especialmente se o foco for a <b>redu\u00e7\u00e3o do impacto ambiental<\/b>.<\/p>\n<p>Ele pode ser uma \u00f3tima solu\u00e7\u00e3o acess\u00edvel, embora seja importante verificar o tipo de resist\u00eancia necess\u00e1ria para cada projeto.<\/p>\n<table style=\"width:100%; border: 1px solid black; margin-top: 20px;\">\n<tr>\n<th style=\"border: 1px solid black;\">Aspecto<\/th>\n<th style=\"border: 1px solid black;\">Descri\u00e7\u00e3o<\/th>\n<\/tr>\n<tr>\n<td style=\"border: 1px solid black;\">Material<\/td>\n<td style=\"border: 1px solid black;\">Solo-cimento e materiais recicl\u00e1veis<\/td>\n<\/tr>\n<tr>\n<td style=\"border: 1px solid black;\">Produ\u00e7\u00e3o<\/td>\n<td style=\"border: 1px solid black;\">Compacta\u00e7\u00e3o, sem queima<\/td>\n<\/tr>\n<tr>\n<td style=\"border: 1px solid black;\">Custo<\/td>\n<td style=\"border: 1px solid black;\">R$ 1,50 a R$ 3,00 por unidade<\/td>\n<\/tr>\n<tr>\n<td style=\"border: 1px solid black;\">Vantagens<\/td>\n<td style=\"border: 1px solid black;\">Mais leve, sustent\u00e1vel e de f\u00e1cil aplica\u00e7\u00e3o<\/td>\n<\/tr>\n<\/table>\n<p>Se voc\u00ea ainda tem d\u00favidas, a melhor forma de entender as vantagens do tijolo ecol\u00f3gico \u00e9 testar! <b>A mudan\u00e7a come\u00e7a!<\/b> Vamos fazer a diferen\u00e7a na forma como constru\u00edmos nosso futuro?<\/p>\n<h3>Para se aprofundar mais sobre o tema, veja a minha recomenda\u00e7\u00e3o sobre o tema deste artigo no v\u00eddeo a seguir abaixo:<\/h3>\n<p><iframe title=\"YouTube video player\" src=\"https:\/\/www.youtube.com\/embed\/RxaFi1H9tJQ\" width=\"560\" height=\"315\" frameborder=\"0\" allowfullscreen=\"allowfullscreen\"><\/iframe><\/p>\n","protected":false},"excerpt":{"rendered":"<p>Descubra as vantagens do tijolo ecol\u00f3gico e como ele pode revolucionar a constru\u00e7\u00e3o civil com sustentabilidade e efici\u00eancia.<\/p>\n","protected":false},"author":102,"featured_media":150355,"comment_status":"open","ping_status":"","sticky":false,"template":"","format":"standard","meta":{"footnotes":""},"categories":[249],"tags":[],"class_list":["post-150356","post","type-post","status-publish","format-standard","has-post-thumbnail","category-engenharia-e-construcao-civil"],"_wp_attached_file":null,"_wp_attachment_metadata":null,"_wp_attachment_context":null,"_wp_attachment_is_custom_header":null,"geo_longitude":null,"geo_public":null,"geo_latitude":null,"_publicize_done_external":null,"_wpas_done_3897181":null,"publicize_twitter_user":null,"_wpas_done_3897175":null,"_wpas_skip_3897181":null,"_wpas_skip_3897175":null,"_wpas_skip_3924723":null,"_wpas_mess":null,"_wpas_done_3924723":null,"wps_subtitle":"","_links":{"self":[{"href":"https:\/\/www.aarquiteta.com.br\/blog\/wp-json\/wp\/v2\/posts\/150356","targetHints":{"allow":["GET"]}}],"collection":[{"href":"https:\/\/www.aarquiteta.com.br\/blog\/wp-json\/wp\/v2\/posts"}],"about":[{"href":"https:\/\/www.aarquiteta.com.br\/blog\/wp-json\/wp\/v2\/types\/post"}],"author":[{"embeddable":true,"href":"https:\/\/www.aarquiteta.com.br\/blog\/wp-json\/wp\/v2\/users\/102"}],"replies":[{"embeddable":true,"href":"https:\/\/www.aarquiteta.com.br\/blog\/wp-json\/wp\/v2\/comments?post=150356"}],"version-history":[{"count":0,"href":"https:\/\/www.aarquiteta.com.br\/blog\/wp-json\/wp\/v2\/posts\/150356\/revisions"}],"wp:featuredmedia":[{"embeddable":true,"href":"https:\/\/www.aarquiteta.com.br\/blog\/wp-json\/wp\/v2\/media\/150355"}],"wp:attachment":[{"href":"https:\/\/www.aarquiteta.com.br\/blog\/wp-json\/wp\/v2\/media?parent=150356"}],"wp:term":[{"taxonomy":"category","embeddable":true,"href":"https:\/\/www.aarquiteta.com.br\/blog\/wp-json\/wp\/v2\/categories?post=150356"},{"taxonomy":"post_tag","embeddable":true,"href":"https:\/\/www.aarquiteta.com.br\/blog\/wp-json\/wp\/v2\/tags?post=150356"}],"curies":[{"name":"wp","href":"https:\/\/api.w.org\/{rel}","templated":true}]}}