{"id":150233,"date":"2025-04-30T12:13:06","date_gmt":"2025-04-30T15:13:06","guid":{"rendered":"https:\/\/www.aarquiteta.com.br\/blog\/porta-de-vidro-para-banheiro-4\/"},"modified":"2025-04-30T12:13:06","modified_gmt":"2025-04-30T15:13:06","slug":"porta-de-vidro-para-banheiro-4","status":"publish","type":"post","link":"https:\/\/www.aarquiteta.com.br\/blog\/porta-de-vidro-para-banheiro-4\/","title":{"rendered":"Inspira\u00e7\u00f5es e Dicas para Uso de Portas de Vidro em Banheiros"},"content":{"rendered":"<p>As portas de vidro para banheiro trazem sofistica\u00e7\u00e3o, amplitude e luminosidade ao ambiente. Nesse artigo, vou compartilhar dicas e inspira\u00e7\u00f5es que podem transformar seu espa\u00e7o.<\/p>\n<h3>Por que escolher portas de vidro?<\/h3>\n<figure style=\"width: 1024px\" class=\"wp-caption aligncenter\"><img decoding=\"async\" src=\"https:\/\/www.aarquiteta.com.br\/blog\/wp-content\/uploads\/2025\/04\/porta-de-vidro-para-banheiro-5-960x1200.jpg\" alt=\"Noz Nozawa\" title=\"\"><figcaption class=\"wp-caption-text\">Noz Nozawa<\/figcaption><\/figure>\n<p>Voc\u00ea j\u00e1 pensou em como um toque de vidro pode **transformar** seu banheiro? Essas portas s\u00e3o muito mais que um detalhe: elas <b>ampliam<\/b> o espa\u00e7o visual e iluminam, trazendo a sensa\u00e7\u00e3o de um ambiente arejado.<\/p>\n<h3>Estilos e op\u00e7\u00f5es de vidro<\/h3>\n<figure style=\"width: 1024px\" class=\"wp-caption aligncenter\"><img decoding=\"async\" src=\"https:\/\/www.aarquiteta.com.br\/blog\/wp-content\/uploads\/2025\/04\/porta-de-vidro-para-banheiro01.jpg\" alt=\"Portas de Vidro para Banheiro: 35 Inspira\u00e7\u00f5es e Dicas de Uso\" width=\"1024\" height=\"1024\" title=\"\"><figcaption class=\"wp-caption-text\">Portas de Vidro para Banheiro: 35 Inspira\u00e7\u00f5es e Dicas de Uso<\/figcaption><\/figure>\n<p>Podemos encontrar uma variedade de op\u00e7\u00f5es, como vidro jateado e temperado. O <b>vidro jateado<\/b> \u00e9 ideal para garantir a privacidade, enquanto o temperado confere resist\u00eancia e modernas <b>linhas limpas<\/b> ao design.<\/p>\n<h3>Integra\u00e7\u00e3o com a decora\u00e7\u00e3o<\/h3>\n<figure style=\"width: 1024px\" class=\"wp-caption aligncenter\"><img decoding=\"async\" src=\"https:\/\/www.aarquiteta.com.br\/blog\/wp-content\/uploads\/2025\/04\/porta-de-vidro-para-banheiro-00.jpg\" alt=\"DT Estudio Arquitetura\" title=\"\"><figcaption class=\"wp-caption-text\">DT Estudio Arquitetura<\/figcaption><\/figure>\n<p>Uma porta de vidro se **encaixa** perfeitamente em diversos estilos de decora\u00e7\u00e3o. Seja um banheiro r\u00fastico ou um minimalista, as possibilidades s\u00e3o muitas. O importante \u00e9 encontrar o modelo que *converse* com o restante do ambiente.<\/p>\n<h3>Por dentro do banheiro pequeno<\/h3>\n<figure style=\"width: 1024px\" class=\"wp-caption aligncenter\"><img decoding=\"async\" src=\"https:\/\/www.aarquiteta.com.br\/blog\/wp-content\/uploads\/2025\/04\/porta-de-vidro-para-banheiro02.jpg\" alt=\"Portas de Vidro para Banheiro: 35 Inspira\u00e7\u00f5es e Dicas de Uso\" width=\"1024\" height=\"1024\" title=\"\"><figcaption class=\"wp-caption-text\">Portas de Vidro para Banheiro: 35 Inspira\u00e7\u00f5es e Dicas de Uso<\/figcaption><\/figure>\n<p>Em banheiros pequenos, a **op\u00e7\u00e3o** por portas de vidro pode ser uma sacada genial. Elas permitem que a luz circule, fazendo com que o espa\u00e7o pare\u00e7a mais amplo. Transforme esse cantinho em um **ref\u00fagio** de tranquilidade!<\/p>\n<table>\n<tr>\n<th>Aspecto<\/th>\n<th>Detalhes<\/th>\n<\/tr>\n<tr>\n<td>Tipos de vidros<\/td>\n<td>Jateado, temperado, com pel\u00edcula<\/td>\n<\/tr>\n<tr>\n<td>Benef\u00edcios<\/td>\n<td>Amplitudes visuais, modernidade, privacidade<\/td>\n<\/tr>\n<tr>\n<td>Estilos<\/td>\n<td>R\u00fastico, minimalista, contempor\u00e2neo<\/td>\n<\/tr>\n<\/table>\n<h3>Instala\u00e7\u00e3o e manuten\u00e7\u00e3o<\/h3>\n<figure style=\"width: 1024px\" class=\"wp-caption aligncenter\"><img decoding=\"async\" src=\"https:\/\/www.aarquiteta.com.br\/blog\/wp-content\/uploads\/2025\/04\/porta-de-vidro-para-banheiro-1.jpg\" alt=\"Alanis Brito\" title=\"\"><figcaption class=\"wp-caption-text\">Alanis Brito<\/figcaption><\/figure>\n<p>Antes de instalar, \u00e9 fundamental verificar o <b>acabamento<\/b>. Uma boa instala\u00e7\u00e3o evita problemas futuros e garante que o visual esteja sempre **impec\u00e1vel**. E n\u00e3o esque\u00e7a da manuten\u00e7\u00e3o: limpar periodicamente garante brilho e longevidade ao vidro!<\/p>\n<h3>Combina\u00e7\u00f5es que funcionam<\/h3>\n<figure style=\"width: 1024px\" class=\"wp-caption aligncenter\"><img decoding=\"async\" src=\"https:\/\/www.aarquiteta.com.br\/blog\/wp-content\/uploads\/2025\/04\/porta-de-vidro-para-banheiro03.jpg\" alt=\"Portas de Vidro para Banheiro: 35 Inspira\u00e7\u00f5es e Dicas de Uso\" width=\"1024\" height=\"1024\" title=\"\"><figcaption class=\"wp-caption-text\">Portas de Vidro para Banheiro: 35 Inspira\u00e7\u00f5es e Dicas de Uso<\/figcaption><\/figure>\n<p>A combina\u00e7\u00e3o de a porta de vidro com outros elementos, como pisos e revestimentos, \u00e9 essencial. Mantenha um equil\u00edbrio est\u00e9tico. Por exemplo, misturar <b>madeira e vidro<\/b> traz um charme inigual\u00e1vel.<\/p>\n<h3>Saia do comum<\/h3>\n<figure style=\"width: 1024px\" class=\"wp-caption aligncenter\"><img decoding=\"async\" src=\"https:\/\/www.aarquiteta.com.br\/blog\/wp-content\/uploads\/2025\/04\/porta-de-vidro-para-banheiro-2.jpg\" alt=\"West One Bathrooms Ltd\" title=\"\"><figcaption class=\"wp-caption-text\">West One Bathrooms Ltd<\/figcaption><\/figure>\n<p>Chega de portas tradicionais, n\u00e3o \u00e9 mesmo? A porta de vidro \u00e9 um verdadeiro convite \u00e0 modernidade e ao estilo. Voc\u00ea se **sentir\u00e1** bem ao entrar no seu banheiro, um espa\u00e7o que reflete quem voc\u00ea \u00e9.<\/p>\n<h3>Conclus\u00e3o simples<\/h3>\n<figure style=\"width: 1024px\" class=\"wp-caption aligncenter\"><img decoding=\"async\" src=\"https:\/\/www.aarquiteta.com.br\/blog\/wp-content\/uploads\/2025\/04\/porta-de-vidro-para-banheiro4.jpg\" alt=\"Portas de Vidro para Banheiro: 35 Inspira\u00e7\u00f5es e Dicas de Uso\" width=\"1024\" height=\"1024\" title=\"\"><figcaption class=\"wp-caption-text\">Portas de Vidro para Banheiro: 35 Inspira\u00e7\u00f5es e Dicas de Uso<\/figcaption><\/figure>\n<p>Investir em uma porta de vidro para o banheiro \u00e9 optar por luminosidade e eleg\u00e2ncia. Ao escolher, observe o estilo que se adapta ao seu espa\u00e7o e divirta-se nessa transforma\u00e7\u00e3o!<\/p>\n<figure style=\"width: 1024px\" class=\"wp-caption aligncenter\"><img decoding=\"async\" src=\"https:\/\/www.aarquiteta.com.br\/blog\/wp-content\/uploads\/2025\/04\/porta-de-vidro-para-banheiro-3-960x1200.jpg\" alt=\"Renonation\" title=\"\"><figcaption class=\"wp-caption-text\">Renonation<\/figcaption><\/figure>\n<h3>Para se aprofundar mais sobre o tema, veja a minha recomenda\u00e7\u00e3o sobre o tema deste artigo no v\u00eddeo a seguir abaixo:<\/h3>\n<p><iframe title=\"YouTube video player\" src=\"https:\/\/www.youtube.com\/embed\/oJ4K2_CRJGY\" width=\"560\" height=\"315\" frameborder=\"0\" allowfullscreen=\"allowfullscreen\"><\/iframe><\/p>\n<figure style=\"width: 1024px\" class=\"wp-caption aligncenter\"><img decoding=\"async\" src=\"https:\/\/www.aarquiteta.com.br\/blog\/wp-content\/uploads\/2025\/04\/porta-de-vidro-para-banheiro-4.jpg\" alt=\"Clearwater Baths\" title=\"\"><figcaption class=\"wp-caption-text\">Clearwater Baths<\/figcaption><\/figure>\n","protected":false},"excerpt":{"rendered":"<p>As portas de vidro para banheiro trazem sofistica\u00e7\u00e3o, amplitude e luminosidade ao ambiente. Nesse artigo, vou compartilhar dicas e inspira\u00e7\u00f5es que podem transformar seu espa\u00e7o. Por que escolher portas de vidro? Voc\u00ea j\u00e1 pensou em como um toque de vidro pode **transformar** seu banheiro? Essas portas s\u00e3o muito mais que um detalhe: elas ampliam o [&hellip;]<\/p>\n","protected":false},"author":102,"featured_media":150224,"comment_status":"open","ping_status":"","sticky":false,"template":"","format":"standard","meta":{"footnotes":""},"categories":[1484],"tags":[],"class_list":["post-150233","post","type-post","status-publish","format-standard","has-post-thumbnail","category-decoracao"],"_wp_attached_file":null,"_wp_attachment_metadata":null,"_wp_attachment_context":null,"_wp_attachment_is_custom_header":null,"geo_longitude":null,"geo_public":null,"geo_latitude":null,"_publicize_done_external":null,"_wpas_done_3897181":null,"publicize_twitter_user":null,"_wpas_done_3897175":null,"_wpas_skip_3897181":null,"_wpas_skip_3897175":null,"_wpas_skip_3924723":null,"_wpas_mess":null,"_wpas_done_3924723":null,"wps_subtitle":"","_links":{"self":[{"href":"https:\/\/www.aarquiteta.com.br\/blog\/wp-json\/wp\/v2\/posts\/150233","targetHints":{"allow":["GET"]}}],"collection":[{"href":"https:\/\/www.aarquiteta.com.br\/blog\/wp-json\/wp\/v2\/posts"}],"about":[{"href":"https:\/\/www.aarquiteta.com.br\/blog\/wp-json\/wp\/v2\/types\/post"}],"author":[{"embeddable":true,"href":"https:\/\/www.aarquiteta.com.br\/blog\/wp-json\/wp\/v2\/users\/102"}],"replies":[{"embeddable":true,"href":"https:\/\/www.aarquiteta.com.br\/blog\/wp-json\/wp\/v2\/comments?post=150233"}],"version-history":[{"count":0,"href":"https:\/\/www.aarquiteta.com.br\/blog\/wp-json\/wp\/v2\/posts\/150233\/revisions"}],"wp:featuredmedia":[{"embeddable":true,"href":"https:\/\/www.aarquiteta.com.br\/blog\/wp-json\/wp\/v2\/media\/150224"}],"wp:attachment":[{"href":"https:\/\/www.aarquiteta.com.br\/blog\/wp-json\/wp\/v2\/media?parent=150233"}],"wp:term":[{"taxonomy":"category","embeddable":true,"href":"https:\/\/www.aarquiteta.com.br\/blog\/wp-json\/wp\/v2\/categories?post=150233"},{"taxonomy":"post_tag","embeddable":true,"href":"https:\/\/www.aarquiteta.com.br\/blog\/wp-json\/wp\/v2\/tags?post=150233"}],"curies":[{"name":"wp","href":"https:\/\/api.w.org\/{rel}","templated":true}]}}