{"id":150218,"date":"2025-04-29T18:59:12","date_gmt":"2025-04-29T21:59:12","guid":{"rendered":"https:\/\/www.aarquiteta.com.br\/blog\/sofa-cama-solucao-perfeita\/"},"modified":"2025-04-29T18:59:12","modified_gmt":"2025-04-29T21:59:12","slug":"sofa-cama-solucao-perfeita","status":"publish","type":"post","link":"https:\/\/www.aarquiteta.com.br\/blog\/sofa-cama-solucao-perfeita\/","title":{"rendered":"Sof\u00e1-Cama: Ideal para Otimizar Espa\u00e7os Pequenos e Receber Confortavelmente Visitantes"},"content":{"rendered":"<p>Voc\u00ea j\u00e1 pensou como um sof\u00e1-cama pode transformar espa\u00e7os pequenos e facilitar o acolhimento de visitantes?<\/p>\n<h3>O que \u00e9 um Sof\u00e1-Cama?<\/h3>\n<figure style=\"width: 1024px\" class=\"wp-caption aligncenter\"><img decoding=\"async\" src=\"https:\/\/www.aarquiteta.com.br\/blog\/wp-content\/uploads\/2025\/04\/sofa-cama-solucao-perfeita01.jpg\" alt=\"Sof\u00e1-Cama: A Solu\u00e7\u00e3o Perfeita para Espa\u00e7os Compactos e Conforto para Visitantes\" width=\"1024\" height=\"1024\" title=\"\"><figcaption class=\"wp-caption-text\">Sof\u00e1-Cama: A Solu\u00e7\u00e3o Perfeita para Espa\u00e7os Compactos e Conforto para Visitantes<\/figcaption><\/figure>\n<p>Um <b>sof\u00e1-cama<\/b> \u00e9 um m\u00f3vel multifuncional que pode ser um sof\u00e1 durante o dia e um confort\u00e1vel leito \u00e0 noite. Ideal para quem vive em apartamentos pequenos ou tem visitas frequentes, ele otimiza o uso do espa\u00e7o.<\/p>\n<h3>Conforto e Versatilidade em Ambientes Pequenos<\/h3>\n<p>Voc\u00ea sabia que o sof\u00e1-cama \u00e9 perfeito para <b>ambientes pequenos<\/b>? Ele fornece uma solu\u00e7\u00e3o de descanso sem ocupar muito espa\u00e7o. Assim, mesmo em c\u00f4modos reduzidos, voc\u00ea consegue despojar-se e receber com estilo.<\/p>\n<h3>Recepcionando Visitas<\/h3>\n<figure style=\"width: 1024px\" class=\"wp-caption aligncenter\"><img decoding=\"async\" src=\"https:\/\/www.aarquiteta.com.br\/blog\/wp-content\/uploads\/2025\/04\/WhenaSofaBedisthePerfectSolutionTheBestScenariosforOwningOne-1200x1200.jpg\" alt=\"Uma imagem de um sof\u00e1-cama, ilustrando como ele pode ser uma solu\u00e7\u00e3o pr\u00e1tica e multifuncional para diferentes ambientes da casa.\" title=\"\"><figcaption class=\"wp-caption-text\">Uma imagem de um sof\u00e1-cama, ilustrando como ele pode ser uma solu\u00e7\u00e3o pr\u00e1tica e multifuncional para diferentes ambientes da casa.<\/figcaption><\/figure>\n<p>Quando amigos ou familiares chegam, ter um sof\u00e1-cama dispon\u00edvel \u00e9 uma verdadeira <b>m\u00e3o na roda<\/b>. Ele garante uma noite de sono tranquila, ao contr\u00e1rio de colch\u00f5es infl\u00e1veis ou sof\u00e1s comuns que podem n\u00e3o ser t\u00e3o confort\u00e1veis.<\/p>\n<h3>Home Office e Quarto em Um S\u00f3 Lugar<\/h3>\n<figure style=\"width: 1024px\" class=\"wp-caption aligncenter\"><img decoding=\"async\" src=\"https:\/\/www.aarquiteta.com.br\/blog\/wp-content\/uploads\/2025\/04\/sofa-cama-solucao-perfeita02.jpg\" alt=\"Sof\u00e1-Cama: A Solu\u00e7\u00e3o Perfeita para Espa\u00e7os Compactos e Conforto para Visitantes\" width=\"1024\" height=\"1024\" title=\"\"><figcaption class=\"wp-caption-text\">Sof\u00e1-Cama: A Solu\u00e7\u00e3o Perfeita para Espa\u00e7os Compactos e Conforto para Visitantes<\/figcaption><\/figure>\n<p>Se voc\u00ea trabalha de casa, um sof\u00e1-cama pode <b>reunir o escrit\u00f3rio e um quarto<\/b> na mesma pe\u00e7a. Durante o dia, \u00e9 um espa\u00e7o ideal para trabalhar, e \u00e0 noite, se transforma em um local aconchegante para receber amigos. Que tal?<\/p>\n<h3>O Que Considerar na Escolha<\/h3>\n<img decoding=\"async\" src=\"\" alt=\"\" title=\"\">\n<p>Na hora de escolher o seu sof\u00e1-cama, preste aten\u00e7\u00e3o no tamanho e na qualidade do colch\u00e3o. Um modelo com <b>colch\u00e3o confort\u00e1vel<\/b> faz toda a diferen\u00e7a. Ele possibilitar\u00e1 boas noites de sono, independentemente de quem estiver usando.<\/p>\n<h3>Tabela Resumida de Benef\u00edcios do Sof\u00e1-Cama<\/h3>\n<figure style=\"width: 1024px\" class=\"wp-caption aligncenter\"><img decoding=\"async\" src=\"https:\/\/www.aarquiteta.com.br\/blog\/wp-content\/uploads\/2025\/04\/sofa-cama-solucao-perfeita03.jpg\" alt=\"Sof\u00e1-Cama: A Solu\u00e7\u00e3o Perfeita para Espa\u00e7os Compactos e Conforto para Visitantes\" width=\"1024\" height=\"1024\" title=\"\"><figcaption class=\"wp-caption-text\">Sof\u00e1-Cama: A Solu\u00e7\u00e3o Perfeita para Espa\u00e7os Compactos e Conforto para Visitantes<\/figcaption><\/figure>\n<table>\n<tr>\n<th>Benef\u00edcios<\/th>\n<th>Descri\u00e7\u00e3o<\/th>\n<\/tr>\n<tr>\n<td>Otimiza\u00e7\u00e3o de Espa\u00e7o<\/td>\n<td>Funciona como sof\u00e1 e cama, ideal para pequenos ambientes.<\/td>\n<\/tr>\n<tr>\n<td>Conforto<\/td>\n<td>Modelos contempor\u00e2neos oferecem excelente suporte e conforto.<\/td>\n<\/tr>\n<tr>\n<td>Praticidade<\/td>\n<td>Perfeito para receber visitas de forma r\u00e1pida e pr\u00e1tica.<\/td>\n<\/tr>\n<tr>\n<td>Estilo<\/td>\n<td>Dispon\u00edvel em diversos designs, se encaixa em qualquer decora\u00e7\u00e3o.<\/td>\n<\/tr>\n<\/table>\n<h3>Uma Alternativa Econ\u00f4mica<\/h3>\n<p>Se o seu or\u00e7amento est\u00e1 apertado, investir em um <b>sof\u00e1-cama<\/b> pode ser a solu\u00e7\u00e3o perfeita. Ele substitui a necessidade de um sof\u00e1 e de uma cama, al\u00e9m de oferecer flexibilidade e funcionalidade ao seu lar.<\/p>\n<h3>Considera\u00e7\u00f5es Finais<\/h3>\n<figure style=\"width: 1024px\" class=\"wp-caption aligncenter\"><img decoding=\"async\" src=\"https:\/\/www.aarquiteta.com.br\/blog\/wp-content\/uploads\/2025\/04\/sofa-cama-solucao-perfeita4.jpg\" alt=\"Sof\u00e1-Cama: A Solu\u00e7\u00e3o Perfeita para Espa\u00e7os Compactos e Conforto para Visitantes\" width=\"1024\" height=\"1024\" title=\"\"><figcaption class=\"wp-caption-text\">Sof\u00e1-Cama: A Solu\u00e7\u00e3o Perfeita para Espa\u00e7os Compactos e Conforto para Visitantes<\/figcaption><\/figure>\n<p>Um sof\u00e1-cama realmente \u00e9 um trunfo para qualquer casa. N\u00e3o apenas faz com que os espa\u00e7os pequenos sejam mais funcionais, mas tamb\u00e9m proporciona o conforto necess\u00e1rio para receber amigos e fam\u00edlia. Voc\u00ea j\u00e1 pensou em ter um desses na sua casa?<\/p>\n<h3>Para se aprofundar mais sobre o tema, veja a minha recomenda\u00e7\u00e3o sobre o tema deste artigo no v\u00eddeo a seguir abaixo:<\/h3>\n<p><iframe title=\"YouTube video player\" src=\"https:\/\/www.youtube.com\/embed\/lWL0mNy9Ww4\" width=\"560\" height=\"315\" frameborder=\"0\" allowfullscreen=\"allowfullscreen\"><\/iframe><\/p>\n","protected":false},"excerpt":{"rendered":"<p>Voc\u00ea j\u00e1 pensou como um sof\u00e1-cama pode transformar espa\u00e7os pequenos e facilitar o acolhimento de visitantes? O que \u00e9 um Sof\u00e1-Cama? Um sof\u00e1-cama \u00e9 um m\u00f3vel multifuncional que pode ser um sof\u00e1 durante o dia e um confort\u00e1vel leito \u00e0 noite. Ideal para quem vive em apartamentos pequenos ou tem visitas frequentes, ele otimiza o [&hellip;]<\/p>\n","protected":false},"author":102,"featured_media":150215,"comment_status":"open","ping_status":"","sticky":false,"template":"","format":"standard","meta":{"footnotes":""},"categories":[1484],"tags":[],"class_list":["post-150218","post","type-post","status-publish","format-standard","has-post-thumbnail","category-decoracao"],"_wp_attached_file":null,"_wp_attachment_metadata":null,"_wp_attachment_context":null,"_wp_attachment_is_custom_header":null,"geo_longitude":null,"geo_public":null,"geo_latitude":null,"_publicize_done_external":null,"_wpas_done_3897181":null,"publicize_twitter_user":null,"_wpas_done_3897175":null,"_wpas_skip_3897181":null,"_wpas_skip_3897175":null,"_wpas_skip_3924723":null,"_wpas_mess":null,"_wpas_done_3924723":null,"wps_subtitle":"","_links":{"self":[{"href":"https:\/\/www.aarquiteta.com.br\/blog\/wp-json\/wp\/v2\/posts\/150218","targetHints":{"allow":["GET"]}}],"collection":[{"href":"https:\/\/www.aarquiteta.com.br\/blog\/wp-json\/wp\/v2\/posts"}],"about":[{"href":"https:\/\/www.aarquiteta.com.br\/blog\/wp-json\/wp\/v2\/types\/post"}],"author":[{"embeddable":true,"href":"https:\/\/www.aarquiteta.com.br\/blog\/wp-json\/wp\/v2\/users\/102"}],"replies":[{"embeddable":true,"href":"https:\/\/www.aarquiteta.com.br\/blog\/wp-json\/wp\/v2\/comments?post=150218"}],"version-history":[{"count":0,"href":"https:\/\/www.aarquiteta.com.br\/blog\/wp-json\/wp\/v2\/posts\/150218\/revisions"}],"wp:featuredmedia":[{"embeddable":true,"href":"https:\/\/www.aarquiteta.com.br\/blog\/wp-json\/wp\/v2\/media\/150215"}],"wp:attachment":[{"href":"https:\/\/www.aarquiteta.com.br\/blog\/wp-json\/wp\/v2\/media?parent=150218"}],"wp:term":[{"taxonomy":"category","embeddable":true,"href":"https:\/\/www.aarquiteta.com.br\/blog\/wp-json\/wp\/v2\/categories?post=150218"},{"taxonomy":"post_tag","embeddable":true,"href":"https:\/\/www.aarquiteta.com.br\/blog\/wp-json\/wp\/v2\/tags?post=150218"}],"curies":[{"name":"wp","href":"https:\/\/api.w.org\/{rel}","templated":true}]}}