{"id":150140,"date":"2025-04-28T17:21:15","date_gmt":"2025-04-28T20:21:15","guid":{"rendered":"https:\/\/www.aarquiteta.com.br\/blog\/nichos-para-quarto-de-casal\/"},"modified":"2025-04-28T17:21:15","modified_gmt":"2025-04-28T20:21:15","slug":"nichos-para-quarto-de-casal","status":"publish","type":"post","link":"https:\/\/www.aarquiteta.com.br\/blog\/nichos-para-quarto-de-casal\/","title":{"rendered":"Transformando Seu Quarto de Casal com Espa\u00e7os Inteligentes e Nichos Funcionais"},"content":{"rendered":"<p>Transformar seu quarto de casal em um espa\u00e7o inteligente e funcional \u00e9 muito mais f\u00e1cil do que voc\u00ea imagina.<\/p>\n<h3>O que s\u00e3o espa\u00e7os inteligentes?<\/h3>\n<img decoding=\"async\" src=\"https:\/\/www.aarquiteta.com.br\/blog\/wp-content\/uploads\/2025\/04\/nichos-para-quarto-de-casal-02-730x912.jpg\" alt=\"\" title=\"\">\n<p>Espa\u00e7os inteligentes s\u00e3o \u00e1reas projetadas para <b>maximizar a funcionalidade<\/b> sem perder o estilo.<\/p>\n<p>Um exemplo que vem ganhando cada vez mais espa\u00e7o s\u00e3o os <b>nichos funcionais<\/b>.<\/p>\n<p>Esses suportes s\u00e3o vers\u00e1teis e podem ser utilizados para organizar, decorar e at\u00e9 mesmo como mesas de cabeceira.<\/p>\n<h3>Por que escolher nichos no quarto de casal?<\/h3>\n<figure style=\"width: 1024px\" class=\"wp-caption aligncenter\"><img decoding=\"async\" src=\"https:\/\/www.aarquiteta.com.br\/blog\/wp-content\/uploads\/2025\/04\/nichos-para-quarto-de-casal01.jpg\" alt=\"Espa\u00e7os Inteligentes: Como Nichos Podem Transformar Seu Quarto de Casal\" width=\"1024\" height=\"1024\" title=\"\"><figcaption class=\"wp-caption-text\">Espa\u00e7os Inteligentes: Como Nichos Podem Transformar Seu Quarto de Casal<\/figcaption><\/figure>\n<p>Quando pensamos em otimiza\u00e7\u00e3o de espa\u00e7o, os nichos s\u00e3o uma <b>solu\u00e7\u00e3o pr\u00e1tica<\/b>.<\/p>\n<p>Al\u00e9m de serem bonitos, eles proporcionam uma organiza\u00e7\u00e3o visual, criando um <b>clima agrad\u00e1vel e aconchegante<\/b>.<\/p>\n<h3>Aproveitando todos os cantos<\/h3>\n<figure style=\"width: 1024px\" class=\"wp-caption aligncenter\"><img decoding=\"async\" src=\"https:\/\/www.aarquiteta.com.br\/blog\/wp-content\/uploads\/2025\/04\/nichos-para-quarto-de-casal-00.jpg\" alt=\"Nichos para quarto de casal. Arquitetura de Sesso &#038; Dalanezi.\" title=\"\"><figcaption class=\"wp-caption-text\">Nichos para quarto de casal. Arquitetura de Sesso &#038; Dalanezi.<\/figcaption><\/figure>\n<p>Voc\u00ea sabia que nem sempre \u00e9 preciso seguir as regras tradicionais?<\/p>\n<p>Instalar nichos em \u00e1reas n\u00e3o convencionais, como em cantos ou acima da cama, pode <b>transformar<\/b> a percep\u00e7\u00e3o do espa\u00e7o!<\/p>\n<h3>Tabela de dicas de nichos funcionais<\/h3>\n<figure style=\"width: 1024px\" class=\"wp-caption aligncenter\"><img decoding=\"async\" src=\"https:\/\/www.aarquiteta.com.br\/blog\/wp-content\/uploads\/2025\/04\/nichos-para-quarto-de-casal02.jpg\" alt=\"Espa\u00e7os Inteligentes: Como Nichos Podem Transformar Seu Quarto de Casal\" width=\"1024\" height=\"1024\" title=\"\"><figcaption class=\"wp-caption-text\">Espa\u00e7os Inteligentes: Como Nichos Podem Transformar Seu Quarto de Casal<\/figcaption><\/figure>\n<table>\n<tr>\n<th>Tipo de Nicho<\/th>\n<th>Fun\u00e7\u00e3o<\/th>\n<th>Exemplo<\/th>\n<\/tr>\n<tr>\n<td>Nicho embutido<\/td>\n<td>Armazenamento discreto<\/td>\n<td>Cabeceira de cama com nicho<\/td>\n<\/tr>\n<tr>\n<td>Nicho iluminado<\/td>\n<td>Decora\u00e7\u00e3o e destaque<\/td>\n<td>Nicho com luz LED<\/td>\n<\/tr>\n<tr>\n<td>Nicho decorativo<\/td>\n<td>Apoio para objetos<\/td>\n<td>Exposi\u00e7\u00e3o de quadros<\/td>\n<\/tr>\n<\/table>\n<h3>Integrando a personalidade do casal<\/h3>\n<figure style=\"width: 1024px\" class=\"wp-caption aligncenter\"><img decoding=\"async\" src=\"https:\/\/www.aarquiteta.com.br\/blog\/wp-content\/uploads\/2025\/04\/almofada-rolo-0-286x160.jpg\" alt=\"Nichos em cubos empilhados para decorar o espa\u00e7o. Arquitetura de Marcella Bacellar Studio.\" title=\"\"><figcaption class=\"wp-caption-text\">Nichos em cubos empilhados para decorar o espa\u00e7o. Arquitetura de Marcella Bacellar Studio.<\/figcaption><\/figure>\n<p>Os nichos tamb\u00e9m s\u00e3o uma \u00f3tima oportunidade para <b>exibir personalidades<\/b> e gostos.<\/p>\n<p>Usar itens que fazem parte da hist\u00f3ria do casal pode transformar o ambiente em um verdadeiro <b>reflexo da rela\u00e7\u00e3o<\/b>.<\/p>\n<h3>Dicas para escolha das cores<\/h3>\n<figure style=\"width: 1024px\" class=\"wp-caption aligncenter\"><img decoding=\"async\" src=\"https:\/\/www.aarquiteta.com.br\/blog\/wp-content\/uploads\/2025\/04\/nichos-para-quarto-de-casal03.jpg\" alt=\"Espa\u00e7os Inteligentes: Como Nichos Podem Transformar Seu Quarto de Casal\" width=\"1024\" height=\"1024\" title=\"\"><figcaption class=\"wp-caption-text\">Espa\u00e7os Inteligentes: Como Nichos Podem Transformar Seu Quarto de Casal<\/figcaption><\/figure>\n<p>Cores impactam muito na sensa\u00e7\u00e3o do espa\u00e7o.<\/p>\n<p><b>Aposte em cores suaves<\/b> para transmitir calma, ou em tons vibrantes para energizar o ambiente.<\/p>\n<h3>Como utilizar nichos de forma criativa?<\/h3>\n<figure style=\"width: 1024px\" class=\"wp-caption aligncenter\"><img decoding=\"async\" src=\"https:\/\/www.aarquiteta.com.br\/blog\/wp-content\/uploads\/2025\/04\/paleta-de-cores-para-quarto-de-casal-25-286x160.jpg\" alt=\"Nichos tradicionalmente instalados no alto da parede, Arquitetura de Renata Chist\u00e9.\" title=\"\"><figcaption class=\"wp-caption-text\">Nichos tradicionalmente instalados no alto da parede, Arquitetura de Renata Chist\u00e9.<\/figcaption><\/figure>\n<p>Nichos n\u00e3o precisam ser apenas funcionais. Voc\u00ea pode usar <b>vida e cor<\/b> com plantas e objetos decorativos que contam uma hist\u00f3ria.<\/p>\n<h3>Impress\u00e3o de amplitude com espelhos<\/h3>\n<figure style=\"width: 1024px\" class=\"wp-caption aligncenter\"><img decoding=\"async\" src=\"https:\/\/www.aarquiteta.com.br\/blog\/wp-content\/uploads\/2025\/04\/nichos-para-quarto-de-casal4.jpg\" alt=\"Espa\u00e7os Inteligentes: Como Nichos Podem Transformar Seu Quarto de Casal\" width=\"1024\" height=\"1024\" title=\"\"><figcaption class=\"wp-caption-text\">Espa\u00e7os Inteligentes: Como Nichos Podem Transformar Seu Quarto de Casal<\/figcaption><\/figure>\n<p>Uma dica poderosa \u00e9 integrar <b>espelhos aos nichos<\/b>.<\/p>\n<p>Isso n\u00e3o apenas amplia visualmente o espa\u00e7o, mas tamb\u00e9m cria uma <b>ilumina\u00e7\u00e3o surpreendente<\/b>.<\/p>\n<p>Ao transformar seu quarto de casal com nichos funcionais, voc\u00ea n\u00e3o apenas otimiza o espa\u00e7o, mas tamb\u00e9m traz uma ess\u00eancia \u00fanica e pessoal ao ambiente.<\/p>\n<figure style=\"width: 1024px\" class=\"wp-caption aligncenter\"><img decoding=\"async\" src=\"https:\/\/www.aarquiteta.com.br\/blog\/wp-content\/uploads\/2025\/04\/modelos-de-camas-00-286x160.jpg\" alt=\"Nicho iluminado que transforma o quarto por completo. Arquitetura de Giovana Zorzanelli.\" title=\"\"><figcaption class=\"wp-caption-text\">Nicho iluminado que transforma o quarto por completo. Arquitetura de Giovana Zorzanelli.<\/figcaption><\/figure>\n<h3>Para se aprofundar mais sobre o tema, veja a minha recomenda\u00e7\u00e3o sobre o tema deste artigo no v\u00eddeo a seguir abaixo:<\/h3>\n<p><iframe title=\"YouTube video player\" src=\"https:\/\/www.youtube.com\/embed\/Wdl8jLSMPkU\" width=\"560\" height=\"315\" frameborder=\"0\" allowfullscreen=\"allowfullscreen\"><\/iframe><\/p>\n<figure style=\"width: 1024px\" class=\"wp-caption aligncenter\"><img decoding=\"async\" src=\"https:\/\/www.aarquiteta.com.br\/blog\/wp-content\/uploads\/2025\/04\/nichos-para-quarto-de-casal-71-730x730.jpg\" alt=\"Nichos de encaixe s\u00e3o muito utilizados na marcenaria inteligente. Arquitetura de Doma Arquitetura.\" title=\"\"><figcaption class=\"wp-caption-text\">Nichos de encaixe s\u00e3o muito utilizados na marcenaria inteligente. Arquitetura de Doma Arquitetura.<\/figcaption><\/figure>\n","protected":false},"excerpt":{"rendered":"<p>Transformar seu quarto de casal em um espa\u00e7o inteligente e funcional \u00e9 muito mais f\u00e1cil do que voc\u00ea imagina. O que s\u00e3o espa\u00e7os inteligentes? Espa\u00e7os inteligentes s\u00e3o \u00e1reas projetadas para maximizar a funcionalidade sem perder o estilo. Um exemplo que vem ganhando cada vez mais espa\u00e7o s\u00e3o os nichos funcionais. Esses suportes s\u00e3o vers\u00e1teis e [&hellip;]<\/p>\n","protected":false},"author":102,"featured_media":150133,"comment_status":"open","ping_status":"","sticky":false,"template":"","format":"standard","meta":{"footnotes":""},"categories":[1484],"tags":[],"class_list":["post-150140","post","type-post","status-publish","format-standard","has-post-thumbnail","category-decoracao"],"_wp_attached_file":null,"_wp_attachment_metadata":null,"_wp_attachment_context":null,"_wp_attachment_is_custom_header":null,"geo_longitude":null,"geo_public":null,"geo_latitude":null,"_publicize_done_external":null,"_wpas_done_3897181":null,"publicize_twitter_user":null,"_wpas_done_3897175":null,"_wpas_skip_3897181":null,"_wpas_skip_3897175":null,"_wpas_skip_3924723":null,"_wpas_mess":null,"_wpas_done_3924723":null,"wps_subtitle":"","_links":{"self":[{"href":"https:\/\/www.aarquiteta.com.br\/blog\/wp-json\/wp\/v2\/posts\/150140","targetHints":{"allow":["GET"]}}],"collection":[{"href":"https:\/\/www.aarquiteta.com.br\/blog\/wp-json\/wp\/v2\/posts"}],"about":[{"href":"https:\/\/www.aarquiteta.com.br\/blog\/wp-json\/wp\/v2\/types\/post"}],"author":[{"embeddable":true,"href":"https:\/\/www.aarquiteta.com.br\/blog\/wp-json\/wp\/v2\/users\/102"}],"replies":[{"embeddable":true,"href":"https:\/\/www.aarquiteta.com.br\/blog\/wp-json\/wp\/v2\/comments?post=150140"}],"version-history":[{"count":0,"href":"https:\/\/www.aarquiteta.com.br\/blog\/wp-json\/wp\/v2\/posts\/150140\/revisions"}],"wp:featuredmedia":[{"embeddable":true,"href":"https:\/\/www.aarquiteta.com.br\/blog\/wp-json\/wp\/v2\/media\/150133"}],"wp:attachment":[{"href":"https:\/\/www.aarquiteta.com.br\/blog\/wp-json\/wp\/v2\/media?parent=150140"}],"wp:term":[{"taxonomy":"category","embeddable":true,"href":"https:\/\/www.aarquiteta.com.br\/blog\/wp-json\/wp\/v2\/categories?post=150140"},{"taxonomy":"post_tag","embeddable":true,"href":"https:\/\/www.aarquiteta.com.br\/blog\/wp-json\/wp\/v2\/tags?post=150140"}],"curies":[{"name":"wp","href":"https:\/\/api.w.org\/{rel}","templated":true}]}}