{"id":150111,"date":"2025-04-27T19:01:12","date_gmt":"2025-04-27T22:01:12","guid":{"rendered":"https:\/\/www.aarquiteta.com.br\/blog\/prateleira-para-plantas-4\/"},"modified":"2025-04-27T19:01:12","modified_gmt":"2025-04-27T22:01:12","slug":"prateleira-para-plantas-4","status":"publish","type":"post","link":"https:\/\/www.aarquiteta.com.br\/blog\/prateleira-para-plantas-4\/","title":{"rendered":"Ideias e Tutoriais para Criar Prateleiras de Plantas que Alegram o Seu Espa\u00e7o Verde"},"content":{"rendered":"<p>Quer saber como criar prateleiras de plantas que deixe seu espa\u00e7o verde ainda mais bonito? Voc\u00ea est\u00e1 no lugar certo!<\/p>\n<h3>Ideias Incr\u00edveis para Prateleiras de Plantas<\/h3>\n<figure style=\"width: 1024px\" class=\"wp-caption aligncenter\"><img decoding=\"async\" src=\"https:\/\/www.aarquiteta.com.br\/blog\/wp-content\/uploads\/2025\/04\/prateleira-para-plantas-5-730x768.jpg\" alt=\"Um pegboard para abrigar as plantinhas.\" title=\"\"><figcaption class=\"wp-caption-text\">Um pegboard para abrigar as plantinhas.<\/figcaption><\/figure>\n<p>Voc\u00ea n\u00e3o imagina como uma <b>prateleira de plantas<\/b> pode transformar o ambiente!<\/p>\n<p>Al\u00e9m de otimizar o espa\u00e7o, elas tamb\u00e9m trazem um charme todo especial. Que tal aproveitar os cantos da sua casa para criar um mini jardim vertical?<\/p>\n<h3>Materiais Vers\u00e1teis para seu Projeto<\/h3>\n<figure style=\"width: 1024px\" class=\"wp-caption aligncenter\"><img decoding=\"async\" src=\"https:\/\/www.aarquiteta.com.br\/blog\/wp-content\/uploads\/2025\/04\/prateleira-para-plantas01.jpg\" alt=\"Prateleira para Plantas: 20 Ideias e Tutoriais Para Encher a Vida de Verde\" width=\"1024\" height=\"1024\" title=\"\"><figcaption class=\"wp-caption-text\">Prateleira para Plantas: 20 Ideias e Tutoriais Para Encher a Vida de Verde<\/figcaption><\/figure>\n<p>Na hora de escolher o material, lembre-se que a <b>madeira<\/b> \u00e9 sempre uma \u00f3tima op\u00e7\u00e3o. O pinus, por exemplo, al\u00e9m de leve, traz uma est\u00e9tica r\u00fastica que combina com diversas decora\u00e7\u00f5es.<\/p>\n<p>Mas, se voc\u00ea busca um estilo mais industrial, o <b>metal<\/b> tamb\u00e9m d\u00e1 um toque moderno e diferenciado.<\/p>\n<h3>Prateleiras Criativas: Usabilidade e Estilo<\/h3>\n<figure style=\"width: 1024px\" class=\"wp-caption aligncenter\"><img decoding=\"async\" src=\"https:\/\/www.aarquiteta.com.br\/blog\/wp-content\/uploads\/2025\/04\/prateleira-para-plantas-capa.png\" alt=\"Capa do artigo sobre prateleiras para plantas.\" title=\"\"><figcaption class=\"wp-caption-text\">Capa do artigo sobre prateleiras para plantas.<\/figcaption><\/figure>\n<p>Utilizar <b>cordas<\/b> para criar prateleiras suspensas \u00e9 uma ideia incr\u00edvel para quem adora um visual mais despojado.<\/p>\n<p>As prateleiras com <b>grid<\/b> se destacam pela versatilidade, permitindo que voc\u00ea opte por posicionar as plantas onde quiser.<\/p>\n<h3>Tutoriais que Voc\u00ea N\u00e3o Pode Perder<\/h3>\n<figure style=\"width: 1024px\" class=\"wp-caption aligncenter\"><img decoding=\"async\" src=\"https:\/\/www.aarquiteta.com.br\/blog\/wp-content\/uploads\/2025\/04\/prateleira-para-plantas02.jpg\" alt=\"Prateleira para Plantas: 20 Ideias e Tutoriais Para Encher a Vida de Verde\" width=\"1024\" height=\"1024\" title=\"\"><figcaption class=\"wp-caption-text\">Prateleira para Plantas: 20 Ideias e Tutoriais Para Encher a Vida de Verde<\/figcaption><\/figure>\n<p>Vamos aprender a criar prateleiras incr\u00edveis? No <b>canal Ideias no Varal<\/b>, voc\u00ea encontra um passo a passo para construir prateleiras sem furar as paredes. Isso mesmo!<\/p>\n<p>E se o seu or\u00e7amento \u00e9 apertado, o <b>canal Cantinho de Sorrisos<\/b> traz dicas de como fazer prateleiras usando t\u00e1buas e blocos de concreto.<\/p>\n<h3>Tabela Resumo de Dicas e Tutoriais<\/h3>\n<figure style=\"width: 1024px\" class=\"wp-caption aligncenter\"><img decoding=\"async\" src=\"https:\/\/www.aarquiteta.com.br\/blog\/wp-content\/uploads\/2025\/04\/prateleira-para-plantas-1-730x730.jpg\" alt=\"Um conjunto de prateleiras supermoderno.\" title=\"\"><figcaption class=\"wp-caption-text\">Um conjunto de prateleiras supermoderno.<\/figcaption><\/figure>\n<table>\n<tr>\n<th>Tipo de Prateleira<\/th>\n<th>Material<\/th>\n<th>Tutorial<\/th>\n<\/tr>\n<tr>\n<td>Suspensa<\/td>\n<td>Corda<\/td>\n<td>\ud83d\udd17 Canal Ideias no Varal<\/td>\n<\/tr>\n<tr>\n<td>Grid<\/td>\n<td>Metal ou Madeira<\/td>\n<td>\ud83d\udd17 Canal GavetaMix<\/td>\n<\/tr>\n<tr>\n<td>Budget<\/td>\n<td>Madeira e Concreto<\/td>\n<td>\ud83d\udd17 Canal Cantinho de Sorrisos<\/td>\n<\/tr>\n<\/table>\n<h3>Estantes para Plantas: Acess\u00f3rios que Transformam<\/h3>\n<figure style=\"width: 1024px\" class=\"wp-caption aligncenter\"><img decoding=\"async\" src=\"https:\/\/www.aarquiteta.com.br\/blog\/wp-content\/uploads\/2025\/04\/prateleira-para-plantas03.jpg\" alt=\"Prateleira para Plantas: 20 Ideias e Tutoriais Para Encher a Vida de Verde\" width=\"1024\" height=\"1024\" title=\"\"><figcaption class=\"wp-caption-text\">Prateleira para Plantas: 20 Ideias e Tutoriais Para Encher a Vida de Verde<\/figcaption><\/figure>\n<p>Al\u00e9m das prateleiras, <b>vasos decorativos<\/b> e suportes de plantas podem complementar a sua decora\u00e7\u00e3o.<\/p>\n<p>Isso confere um toque ainda mais charmoso ao seu espa\u00e7o verde. Lembre-se que a <b>organiza\u00e7\u00e3o<\/b> tamb\u00e9m \u00e9 fundamental para expor suas plantinhas de forma harmoniosa.<\/p>\n<h3>Espa\u00e7os Menores? Sem Problemas!<\/h3>\n<figure style=\"width: 1024px\" class=\"wp-caption aligncenter\"><img decoding=\"async\" src=\"https:\/\/www.aarquiteta.com.br\/blog\/wp-content\/uploads\/2025\/04\/prateleira-para-plantas-2-730x730.jpg\" alt=\"Qualquer cantinho pode ser transformado em um espa\u00e7o verde.\" title=\"\"><figcaption class=\"wp-caption-text\">Qualquer cantinho pode ser transformado em um espa\u00e7o verde.<\/figcaption><\/figure>\n<p>Se o seu espa\u00e7o \u00e9 pequeno, op\u00e7\u00f5es como <b>prateleiras verticais<\/b> garantem que voc\u00ea n\u00e3o precise abrir m\u00e3o da sua paix\u00e3o por plantas!<\/p>\n<p>Aproveite cantos e paredes. Voc\u00ea vai ver como o verde vai trazer vida e frescor ao seu lar.<\/p>\n<p>Com essas ideias e tutoriais, voc\u00ea certamente vai deixar seu espa\u00e7o verde mais alegre e bonito. Pronto para se aventurar na cria\u00e7\u00e3o de prateleiras de plantas?<\/p>\n<figure style=\"width: 1024px\" class=\"wp-caption aligncenter\"><img decoding=\"async\" src=\"https:\/\/www.aarquiteta.com.br\/blog\/wp-content\/uploads\/2025\/04\/prateleira-para-plantas4.jpg\" alt=\"Prateleira para Plantas: 20 Ideias e Tutoriais Para Encher a Vida de Verde\" width=\"1024\" height=\"1024\" title=\"\"><figcaption class=\"wp-caption-text\">Prateleira para Plantas: 20 Ideias e Tutoriais Para Encher a Vida de Verde<\/figcaption><\/figure>\n<figure style=\"width: 1024px\" class=\"wp-caption aligncenter\"><img decoding=\"async\" src=\"https:\/\/www.aarquiteta.com.br\/blog\/wp-content\/uploads\/2025\/04\/prateleira-para-plantas-3-730x913.jpg\" alt=\"A madeira pinus \u00e9 bastante utilizada em prateleiras.\" title=\"\"><figcaption class=\"wp-caption-text\">A madeira pinus \u00e9 bastante utilizada em prateleiras.<\/figcaption><\/figure>\n<h3>Para se aprofundar mais sobre o tema, veja a minha recomenda\u00e7\u00e3o sobre o tema deste artigo no v\u00eddeo a seguir abaixo:<\/h3>\n<p><iframe title=\"YouTube video player\" src=\"https:\/\/www.youtube.com\/embed\/Oul0pPqZ85w\" width=\"560\" height=\"315\" frameborder=\"0\" allowfullscreen=\"allowfullscreen\"><\/iframe><\/p>\n<figure style=\"width: 1024px\" class=\"wp-caption aligncenter\"><img decoding=\"async\" src=\"https:\/\/www.aarquiteta.com.br\/blog\/wp-content\/uploads\/2025\/04\/prateleira-para-plantas-4-730x730.jpg\" alt=\"Prateleiras altas s\u00e3o \u00f3timas para plantas pendentes.\" title=\"\"><figcaption class=\"wp-caption-text\">Prateleiras altas s\u00e3o \u00f3timas para plantas pendentes.<\/figcaption><\/figure>\n","protected":false},"excerpt":{"rendered":"<p>Quer saber como criar prateleiras de plantas que deixe seu espa\u00e7o verde ainda mais bonito? Voc\u00ea est\u00e1 no lugar certo! Ideias Incr\u00edveis para Prateleiras de Plantas Voc\u00ea n\u00e3o imagina como uma prateleira de plantas pode transformar o ambiente! Al\u00e9m de otimizar o espa\u00e7o, elas tamb\u00e9m trazem um charme todo especial. Que tal aproveitar os cantos [&hellip;]<\/p>\n","protected":false},"author":102,"featured_media":150110,"comment_status":"open","ping_status":"","sticky":false,"template":"","format":"standard","meta":{"footnotes":""},"categories":[1484],"tags":[],"class_list":["post-150111","post","type-post","status-publish","format-standard","has-post-thumbnail","category-decoracao"],"_wp_attached_file":null,"_wp_attachment_metadata":null,"_wp_attachment_context":null,"_wp_attachment_is_custom_header":null,"geo_longitude":null,"geo_public":null,"geo_latitude":null,"_publicize_done_external":null,"_wpas_done_3897181":null,"publicize_twitter_user":null,"_wpas_done_3897175":null,"_wpas_skip_3897181":null,"_wpas_skip_3897175":null,"_wpas_skip_3924723":null,"_wpas_mess":null,"_wpas_done_3924723":null,"wps_subtitle":"","_links":{"self":[{"href":"https:\/\/www.aarquiteta.com.br\/blog\/wp-json\/wp\/v2\/posts\/150111","targetHints":{"allow":["GET"]}}],"collection":[{"href":"https:\/\/www.aarquiteta.com.br\/blog\/wp-json\/wp\/v2\/posts"}],"about":[{"href":"https:\/\/www.aarquiteta.com.br\/blog\/wp-json\/wp\/v2\/types\/post"}],"author":[{"embeddable":true,"href":"https:\/\/www.aarquiteta.com.br\/blog\/wp-json\/wp\/v2\/users\/102"}],"replies":[{"embeddable":true,"href":"https:\/\/www.aarquiteta.com.br\/blog\/wp-json\/wp\/v2\/comments?post=150111"}],"version-history":[{"count":0,"href":"https:\/\/www.aarquiteta.com.br\/blog\/wp-json\/wp\/v2\/posts\/150111\/revisions"}],"wp:featuredmedia":[{"embeddable":true,"href":"https:\/\/www.aarquiteta.com.br\/blog\/wp-json\/wp\/v2\/media\/150110"}],"wp:attachment":[{"href":"https:\/\/www.aarquiteta.com.br\/blog\/wp-json\/wp\/v2\/media?parent=150111"}],"wp:term":[{"taxonomy":"category","embeddable":true,"href":"https:\/\/www.aarquiteta.com.br\/blog\/wp-json\/wp\/v2\/categories?post=150111"},{"taxonomy":"post_tag","embeddable":true,"href":"https:\/\/www.aarquiteta.com.br\/blog\/wp-json\/wp\/v2\/tags?post=150111"}],"curies":[{"name":"wp","href":"https:\/\/api.w.org\/{rel}","templated":true}]}}