{"id":150083,"date":"2025-04-27T12:14:36","date_gmt":"2025-04-27T15:14:36","guid":{"rendered":"https:\/\/www.aarquiteta.com.br\/blog\/aprenda-de-vez-a-calcular-o-espacamento-entre-as-plantas\/"},"modified":"2025-04-27T12:14:36","modified_gmt":"2025-04-27T15:14:36","slug":"aprenda-de-vez-a-calcular-o-espacamento-entre-as-plantas","status":"publish","type":"post","link":"https:\/\/www.aarquiteta.com.br\/blog\/aprenda-de-vez-a-calcular-o-espacamento-entre-as-plantas\/","title":{"rendered":"Como determinar o espa\u00e7amento ideal entre plantas para um jardim bonito"},"content":{"rendered":"<p><body><\/p>\n<p>Voc\u00ea est\u00e1 sonhando em ter um jardim deslumbrante, mas n\u00e3o sabe por onde come\u00e7ar? O <b>espa\u00e7amento entre as plantas<\/b> \u00e9 fundamental para garantir o sucesso do seu projeto. Descubra como calcular corretamente e transformar esse sonho em realidade!<\/p>\n<h3>Por que o espa\u00e7amento \u00e9 t\u00e3o importante?<\/h3>\n<figure style=\"width: 1024px\" class=\"wp-caption aligncenter\"><img decoding=\"async\" src=\"https:\/\/www.jardineiro.net\/wp-content\/uploads\/2024\/04\/macicos_de_flores.webp\" alt=\"Planejar canteiros \u00e9 ao mesmo tempo ci\u00eancia e arte.\" title=\"\"><figcaption class=\"wp-caption-text\">Planejar canteiros \u00e9 ao mesmo tempo ci\u00eancia e arte.<\/figcaption><\/figure>\n<p>Um erro comum entre jardineiros e paisagistas \u00e9 o <b>espa\u00e7amento inadequado<\/b>. Essa falha pode comprometer tanto a sa\u00fade das plantas quanto a est\u00e9tica do jardim. O correto \u00e9 que cada planta tenha o espa\u00e7o necess\u00e1rio para o seu crescimento pleno.<\/p>\n<h3>Fatores a considerar para o c\u00e1lculo do espa\u00e7amento<\/h3>\n<figure style=\"width: 1024px\" class=\"wp-caption aligncenter\"><img decoding=\"async\" src=\"https:\/\/www.aarquiteta.com.br\/blog\/wp-content\/uploads\/2025\/04\/aprenda-de-vez-a-calcular-o-espacamento-entre-as-plantas-01.jpg\" alt=\"Como calcular o espa\u00e7amento entre plantas para um jardim deslumbrante\" width=\"1024\" height=\"1024\" title=\"\"><figcaption class=\"wp-caption-text\">Como calcular o espa\u00e7amento entre plantas para um jardim deslumbrante<\/figcaption><\/figure>\n<p>O espa\u00e7amento ideal entre plantas varia conforme <b>diversos fatores<\/b>. Entre eles est\u00e3o: tipo de planta, tamanho adulto, e o objetivo do jardim. Assim, \u00e9 imprescind\u00edvel analisar cada situa\u00e7\u00e3o individualmente para obter os melhores resultados.<\/p>\n<h3>Medidas da \u00e1rea do jardim<\/h3>\n<figure style=\"width: 1024px\" class=\"wp-caption aligncenter\"><img decoding=\"async\" src=\"https:\/\/www.jardineiro.net\/wp-content\/uploads\/2024\/04\/calculodeespacamento-1024x649.webp\" alt=\"C\u00e1lculo do espa\u00e7amento entre plantas.\" title=\"\"><figcaption class=\"wp-caption-text\">C\u00e1lculo do espa\u00e7amento entre plantas.<\/figcaption><\/figure>\n<p>Antes de mais nada, tenha em m\u00e3os as <b>medidas exatas<\/b> da \u00e1rea que ser\u00e1 ajardinada. O conhecimento das dimens\u00f5es \u00e9 crucial para o dimensionamento correto do espa\u00e7o a ser utilizado por cada esp\u00e9cie.<\/p>\n<h3>Espa\u00e7amento entre \u00e1rvores<\/h3>\n<figure style=\"width: 1024px\" class=\"wp-caption aligncenter\"><img decoding=\"async\" src=\"https:\/\/www.aarquiteta.com.br\/blog\/wp-content\/uploads\/2025\/04\/aprenda-de-vez-a-calcular-o-espacamento-entre-as-plantas-02.jpg\" alt=\"Como calcular o espa\u00e7amento entre plantas para um jardim deslumbrante\" width=\"1024\" height=\"1024\" title=\"\"><figcaption class=\"wp-caption-text\">Como calcular o espa\u00e7amento entre plantas para um jardim deslumbrante<\/figcaption><\/figure>\n<p>Ao trabalhar com \u00e1rvores, sua <b>dist\u00e2ncia \u00e9 vital<\/b> para garantir que cada uma se desenvolva adequadamente. Um ponto focal, como uma \u00e1rvore, deve ter um espa\u00e7amento de <b>cinco vezes a largura da copa<\/b> quando adulta. Essa t\u00e9cnica \u00e9 ideal para destacar o elemento escolhido.<\/p>\n<h3>Considera\u00e7\u00f5es para arbustos e cercas vivas<\/h3>\n<figure style=\"width: 1024px\" class=\"wp-caption aligncenter\"><img decoding=\"async\" src=\"https:\/\/www.jardineiro.net\/wp-content\/uploads\/2024\/04\/plantio.webp\" alt=\"Plantio de flores no canteiro.\" title=\"\"><figcaption class=\"wp-caption-text\">Plantio de flores no canteiro.<\/figcaption><\/figure>\n<p>Os <b>arbustos<\/b> podem ser plantados mais pr\u00f3ximos uns dos outros, especialmente se a inten\u00e7\u00e3o for formar uma cerca viva. Nesse caso, o ideal \u00e9 espa\u00e7\u00e1-los a cada <b>metade da largura adulta<\/b> para garantir um efeito cont\u00ednuo e harmonioso.<\/p>\n<h3>Como calcular o espa\u00e7amento de plantas perenes e anuais<\/h3>\n<figure style=\"width: 1024px\" class=\"wp-caption aligncenter\"><img decoding=\"async\" src=\"https:\/\/www.aarquiteta.com.br\/blog\/wp-content\/uploads\/2025\/04\/aprenda-de-vez-a-calcular-o-espacamento-entre-as-plantas-03.jpg\" alt=\"Como calcular o espa\u00e7amento entre plantas para um jardim deslumbrante\" width=\"1024\" height=\"1024\" title=\"\"><figcaption class=\"wp-caption-text\">Como calcular o espa\u00e7amento entre plantas para um jardim deslumbrante<\/figcaption><\/figure>\n<p>Ao calcular plantas perenes, recomenda-se um espa\u00e7amento de <b>tr\u00eas quartos de sua largura madura<\/b>. J\u00e1 para as plantas anuais, \u00e9 importante seguir as indica\u00e7\u00f5es da embalagem de sementes, realizando o desbaste no momento adequado para n\u00e3o prejudicar as ra\u00edzes vizinhas.<\/p>\n<h3>Espa\u00e7amento vertical: uma dimens\u00e3o importante<\/h3>\n<figure style=\"width: 1024px\" class=\"wp-caption aligncenter\"><img decoding=\"async\" src=\"https:\/\/www.jardineiro.net\/wp-content\/uploads\/2024\/04\/fileira_de_arvores.webp\" alt=\"Uma bela alameda de \u00e1rvores com dossel cont\u00ednuo.\" title=\"\"><figcaption class=\"wp-caption-text\">Uma bela alameda de \u00e1rvores com dossel cont\u00ednuo.<\/figcaption><\/figure>\n<p>Quando se fala em espa\u00e7amento, muitos esquecem do aspecto <b>vertical<\/b>. \u00c9 essencial planejar as plantas em camadas, promovendo um visual equilibrado. Utilize a regra de ter\u00e7os para garantir que cada camada se destaque sem perder a harmonia do jardim.<\/p>\n<h3>Resumo das dist\u00e2ncias de espa\u00e7amento recomendadas<\/h3>\n<figure style=\"width: 1024px\" class=\"wp-caption aligncenter\"><img decoding=\"async\" src=\"https:\/\/www.aarquiteta.com.br\/blog\/wp-content\/uploads\/2025\/04\/aprenda-de-vez-a-calcular-o-espacamento-entre-as-plantas-4.jpg\" alt=\"Como calcular o espa\u00e7amento entre plantas para um jardim deslumbrante\" width=\"1024\" height=\"1024\" title=\"\"><figcaption class=\"wp-caption-text\">Como calcular o espa\u00e7amento entre plantas para um jardim deslumbrante<\/figcaption><\/figure>\n<table>\n<tr>\n<th>Tipo de Planta<\/th>\n<th>Espa\u00e7amento Recomendo<\/th>\n<\/tr>\n<tr>\n<td>\u00c1rvores Pequeno Porte<\/td>\n<td>2 metros de casas; 1 metro de muros.<\/td>\n<\/tr>\n<tr>\n<td>\u00c1rvores M\u00e9dio Porte<\/td>\n<td>4 metros de casas; 2 metros de muros.<\/td>\n<\/tr>\n<tr>\n<td>\u00c1rvores Grande Porte<\/td>\n<td>7 metros de casas; 3 metros de muros.<\/td>\n<\/tr>\n<tr>\n<td>Arbustos<\/td>\n<td>A cada 50 cm da largura adulta.<\/td>\n<\/tr>\n<\/table>\n<h3>Utilizando recursos digitais para auxiliar no c\u00e1lculo<\/h3>\n<figure style=\"width: 1024px\" class=\"wp-caption aligncenter\"><img decoding=\"async\" src=\"https:\/\/www.jardineiro.net\/wp-content\/uploads\/2024\/04\/cerca-viva.webp\" alt=\"Calcular uma cerca viva \u00e9 mais simples do que parece.\" title=\"\"><figcaption class=\"wp-caption-text\">Calcular uma cerca viva \u00e9 mais simples do que parece.<\/figcaption><\/figure>\n<p>Existem muitos aplicativos e ferramentas digitais dispon\u00edveis que podem <b>facilitar os c\u00e1lculos<\/b> de espa\u00e7amento. Eles ajudam a prever o desenvolvimento das plantas e a organiza\u00e7\u00e3o do espa\u00e7o. Mesmo assim, use sempre sua percep\u00e7\u00e3o do ambiente para adaptar as recomenda\u00e7\u00f5es.<\/p>\n<h3>Transformando seu jardim em um espa\u00e7o encantador<\/h3>\n<h3>Para se aprofundar mais sobre o tema, veja a minha recomenda\u00e7\u00e3o sobre o tema deste artigo no v\u00eddeo a seguir abaixo:<\/h3>\n<p><iframe title=\"YouTube video player\" src=\"https:\/\/www.youtube.com\/embed\/joABibX6CmY\" width=\"560\" height=\"315\" frameborder=\"0\" allowfullscreen=\"allowfullscreen\"><\/iframe><\/p>\n<p>Ao aplicar corretamente o espa\u00e7amento, voc\u00ea n\u00e3o s\u00f3 garantir\u00e1 a sa\u00fade das plantas, mas tamb\u00e9m criar\u00e1 um <b>jardim esteticamente agrad\u00e1vel<\/b>. Um planejamento cuidadoso possibilita o uso eficiente de \u00e1gua, luz e nutrientes, promovendo um espa\u00e7o mais sustent\u00e1vel e harmonioso.<\/p>\n<p>Pronto para colocar essas dicas em pr\u00e1tica? Comece a calcular o <b>espa\u00e7amento perfeito<\/b> para seu jardim e desfrute da satisfa\u00e7\u00e3o de v\u00ea-lo crescer vibrante e saud\u00e1vel.<\/p>\n<p><\/body><br \/>\n<figure style=\"width: 1024px\" class=\"wp-caption aligncenter\"><img decoding=\"async\" src=\"https:\/\/www.jardineiro.net\/wp-content\/uploads\/2024\/04\/capins_ornamentais.webp\" alt=\"Nem sempre queremos formar uma massa \u00fanica. Os mont\u00edculos podem ter um efeito bem interessante.\" title=\"\"><figcaption class=\"wp-caption-text\">Nem sempre queremos formar uma massa \u00fanica. Os mont\u00edculos podem ter um efeito bem interessante.<\/figcaption><\/figure>\n","protected":false},"excerpt":{"rendered":"<p>Aprenda a calcular o espa\u00e7amento entre plantas para garantir um jardim bonito e saud\u00e1vel, otimizando espa\u00e7o, luz e recursos.<\/p>\n","protected":false},"author":102,"featured_media":150082,"comment_status":"open","ping_status":"","sticky":false,"template":"","format":"standard","meta":{"footnotes":""},"categories":[9612],"tags":[],"class_list":["post-150083","post","type-post","status-publish","format-standard","has-post-thumbnail","category-jardinagem"],"_wp_attached_file":null,"_wp_attachment_metadata":null,"_wp_attachment_context":null,"_wp_attachment_is_custom_header":null,"geo_longitude":null,"geo_public":null,"geo_latitude":null,"_publicize_done_external":null,"_wpas_done_3897181":null,"publicize_twitter_user":null,"_wpas_done_3897175":null,"_wpas_skip_3897181":null,"_wpas_skip_3897175":null,"_wpas_skip_3924723":null,"_wpas_mess":null,"_wpas_done_3924723":null,"wps_subtitle":"","_links":{"self":[{"href":"https:\/\/www.aarquiteta.com.br\/blog\/wp-json\/wp\/v2\/posts\/150083","targetHints":{"allow":["GET"]}}],"collection":[{"href":"https:\/\/www.aarquiteta.com.br\/blog\/wp-json\/wp\/v2\/posts"}],"about":[{"href":"https:\/\/www.aarquiteta.com.br\/blog\/wp-json\/wp\/v2\/types\/post"}],"author":[{"embeddable":true,"href":"https:\/\/www.aarquiteta.com.br\/blog\/wp-json\/wp\/v2\/users\/102"}],"replies":[{"embeddable":true,"href":"https:\/\/www.aarquiteta.com.br\/blog\/wp-json\/wp\/v2\/comments?post=150083"}],"version-history":[{"count":0,"href":"https:\/\/www.aarquiteta.com.br\/blog\/wp-json\/wp\/v2\/posts\/150083\/revisions"}],"wp:featuredmedia":[{"embeddable":true,"href":"https:\/\/www.aarquiteta.com.br\/blog\/wp-json\/wp\/v2\/media\/150082"}],"wp:attachment":[{"href":"https:\/\/www.aarquiteta.com.br\/blog\/wp-json\/wp\/v2\/media?parent=150083"}],"wp:term":[{"taxonomy":"category","embeddable":true,"href":"https:\/\/www.aarquiteta.com.br\/blog\/wp-json\/wp\/v2\/categories?post=150083"},{"taxonomy":"post_tag","embeddable":true,"href":"https:\/\/www.aarquiteta.com.br\/blog\/wp-json\/wp\/v2\/tags?post=150083"}],"curies":[{"name":"wp","href":"https:\/\/api.w.org\/{rel}","templated":true}]}}