{"id":150061,"date":"2025-04-26T18:51:44","date_gmt":"2025-04-26T21:51:44","guid":{"rendered":"https:\/\/www.aarquiteta.com.br\/blog\/moveis-retro\/"},"modified":"2025-04-26T18:51:44","modified_gmt":"2025-04-26T21:51:44","slug":"moveis-retro","status":"publish","type":"post","link":"https:\/\/www.aarquiteta.com.br\/blog\/moveis-retro\/","title":{"rendered":"Ideias Elegantes de M\u00f3veis Retr\u00f4 para Transformar sua Casa"},"content":{"rendered":"<p>Transforme sua casa com <b>m\u00f3veis retr\u00f4 elegantes<\/b> que trazem personalidade e charme, inspirando ambientes \u00fanicos e acolhedores!<\/p>\n<h3>Por que escolher m\u00f3veis retr\u00f4?<\/h3>\n<figure style=\"width: 1024px\" class=\"wp-caption aligncenter\"><img decoding=\"async\" src=\"https:\/\/www.aarquiteta.com.br\/blog\/wp-content\/uploads\/2025\/04\/moveis-retro-6-960x1200.jpg\" alt=\"E at\u00e9 nas cozinhas.\" title=\"\"><figcaption class=\"wp-caption-text\">E at\u00e9 nas cozinhas.<\/figcaption><\/figure>\n<p>Voc\u00ea j\u00e1 percebeu como um simples detalhe pode <b>transformar completamente<\/b> a decora\u00e7\u00e3o da sua casa? M\u00f3veis retr\u00f4 s\u00e3o uma excelente escolha por sua <b>versatilidade<\/b>. Eles oferecem um apelo nost\u00e1lgico e uma est\u00e9tica \u00fanica que combina com diferentes estilos.<\/p>\n<h3>Como harmonizar os estilos?<\/h3>\n<figure style=\"width: 1024px\" class=\"wp-caption aligncenter\"><img decoding=\"async\" src=\"https:\/\/www.aarquiteta.com.br\/blog\/wp-content\/uploads\/2025\/04\/moveis-retro01.jpg\" alt=\"M\u00f3veis Retr\u00f4: 50 Ideias Charmosas para Decorar a Casa\" width=\"1024\" height=\"1024\" title=\"\"><figcaption class=\"wp-caption-text\">M\u00f3veis Retr\u00f4: 50 Ideias Charmosas para Decorar a Casa<\/figcaption><\/figure>\n<p>Muita gente quer um ambiente sofisticado, mas acaba tendo dificuldades em misturar estilos. A boa not\u00edcia \u00e9 que voc\u00ea pode <b>combinar pe\u00e7as retr\u00f4<\/b> com elementos modernos! Por que n\u00e3o experimentar uma poltrona vintage ao lado de uma mesa de caf\u00e9 contempor\u00e2nea?<\/p>\n<h3>O papel das cores<\/h3>\n<figure style=\"width: 1024px\" class=\"wp-caption aligncenter\"><img decoding=\"async\" src=\"https:\/\/www.aarquiteta.com.br\/blog\/wp-content\/uploads\/2025\/04\/moveis-retro-1.jpg\" alt=\"O estilo retr\u00f4 \u00e9 um dos favoritos na hora de decorar.\" title=\"\"><figcaption class=\"wp-caption-text\">O estilo retr\u00f4 \u00e9 um dos favoritos na hora de decorar.<\/figcaption><\/figure>\n<p>As cores vibrantes s\u00e3o uma marca registrada do <b>estilo retr\u00f4<\/b>. Um m\u00f3vel amarelo ou verde-\u00e1gua pode ser o detalhe que faltava para alegrar um espa\u00e7o. Por\u00e9m, se voc\u00ea prefere algo mais s\u00f3brio, um tom neutro tamb\u00e9m pode ser uma \u00f3tima pedida.<\/p>\n<table>\n<tr>\n<th>Estilo<\/th>\n<th>Cores<\/th>\n<th>Ambientes<\/th>\n<th>Dicas<\/th>\n<\/tr>\n<tr>\n<td>Retr\u00f4<\/td>\n<td>Vibrantes e Neutras<\/td>\n<td>Sala, Quarto, Cozinha<\/td>\n<td>Combine com elementos modernos<\/td>\n<\/tr>\n<\/table>\n<h3>Pe\u00e7as que fazem a diferen\u00e7a<\/h3>\n<figure style=\"width: 1024px\" class=\"wp-caption aligncenter\"><img decoding=\"async\" src=\"https:\/\/www.aarquiteta.com.br\/blog\/wp-content\/uploads\/2025\/04\/moveis-retro02.jpg\" alt=\"M\u00f3veis Retr\u00f4: 50 Ideias Charmosas para Decorar a Casa\" width=\"1024\" height=\"1024\" title=\"\"><figcaption class=\"wp-caption-text\">M\u00f3veis Retr\u00f4: 50 Ideias Charmosas para Decorar a Casa<\/figcaption><\/figure>\n<p>Uma <b>mesa lateral retr\u00f4<\/b> pode ser o detalhe que finaliza a sua sala. E n\u00e3o esque\u00e7a das prateleiras para dar um toque especial ao seu quarto. Al\u00e9m disso, as <b>cadeiras com p\u00e9s palitos<\/b> s\u00e3o extremamente charmosas e adicionam personalidade.<\/p>\n<h3>Funcionalidade e est\u00e9tica<\/h3>\n<figure style=\"width: 1024px\" class=\"wp-caption aligncenter\"><img decoding=\"async\" src=\"https:\/\/www.aarquiteta.com.br\/blog\/wp-content\/uploads\/2025\/04\/moveis-retro-2.jpg\" alt=\"Pois faz uma homenagem aos anos 50 a 80.\" title=\"\"><figcaption class=\"wp-caption-text\">Pois faz uma homenagem aos anos 50 a 80.<\/figcaption><\/figure>\n<p>Por que n\u00e3o unir o \u00fatil ao agrad\u00e1vel? Um <b>roupeiro retr\u00f4<\/b> n\u00e3o apenas embeleza o ambiente, mas tamb\u00e9m proporciona espa\u00e7o para organizar suas roupas. N\u00e3o subestime o poder de uma pe\u00e7a bem escolhida!<\/p>\n<h3>Dicas pr\u00e1ticas para a compra<\/h3>\n<figure style=\"width: 1024px\" class=\"wp-caption aligncenter\"><img decoding=\"async\" src=\"https:\/\/www.aarquiteta.com.br\/blog\/wp-content\/uploads\/2025\/04\/moveis-retro03.jpg\" alt=\"M\u00f3veis Retr\u00f4: 50 Ideias Charmosas para Decorar a Casa\" width=\"1024\" height=\"1024\" title=\"\"><figcaption class=\"wp-caption-text\">M\u00f3veis Retr\u00f4: 50 Ideias Charmosas para Decorar a Casa<\/figcaption><\/figure>\n<p>Na hora de adquirir m\u00f3veis, vale a pena pesquisar e visitar lojas f\u00edsicas e online. Procure por <b>promo\u00e7\u00f5es<\/b> e descontos que garantam a melhor compra. Mais do que economizar, \u00e9 essencial que as pe\u00e7as escolhidas tenham sua identidade.<\/p>\n<h3>O impacto emocional dos m\u00f3veis<\/h3>\n<figure style=\"width: 1024px\" class=\"wp-caption aligncenter\"><img decoding=\"async\" src=\"https:\/\/www.aarquiteta.com.br\/blog\/wp-content\/uploads\/2025\/04\/moveis-retro-3-970x1200.jpg\" alt=\"Estes mobili\u00e1rios podem decorar qualquer espa\u00e7o da casa.\" title=\"\"><figcaption class=\"wp-caption-text\">Estes mobili\u00e1rios podem decorar qualquer espa\u00e7o da casa.<\/figcaption><\/figure>\n<p>Os m\u00f3veis retr\u00f4 contam hist\u00f3rias e evocam lembran\u00e7as. Uma <b>cadeira antiga<\/b> pode lembrar os tempos de inf\u00e2ncia e trazer conforto emocional ao ambiente. M\u00f3veis t\u00eam a capacidade de <b>transformar n\u00e3o s\u00f3 o espa\u00e7o<\/b>, mas tamb\u00e9m o bem-estar.<\/p>\n<h3>Cuidado com a combina\u00e7\u00e3o de texturas<\/h3>\n<figure style=\"width: 1024px\" class=\"wp-caption aligncenter\"><img decoding=\"async\" src=\"https:\/\/www.aarquiteta.com.br\/blog\/wp-content\/uploads\/2025\/04\/moveis-retro4.jpg\" alt=\"M\u00f3veis Retr\u00f4: 50 Ideias Charmosas para Decorar a Casa\" width=\"1024\" height=\"1024\" title=\"\"><figcaption class=\"wp-caption-text\">M\u00f3veis Retr\u00f4: 50 Ideias Charmosas para Decorar a Casa<\/figcaption><\/figure>\n<p>A mistura de <b>texturas<\/b> tamb\u00e9m \u00e9 fundamental. Sof\u00e1s de veludo podem ser combinados com almofadas de linho, criando um contraste interessante e acolhedor. Se joga na criatividade!<\/p>\n<p>Agora que voc\u00ea j\u00e1 sabe como os <b>m\u00f3veis retr\u00f4<\/b> podem transformar sua casa, por que n\u00e3o experimentar e dar uma nova cara ao seu espa\u00e7o? Escolha suas pe\u00e7as favoritas, misture estilos e ambientes, e sinta toda a magia desse estilo \u00fanico!<\/p>\n<figure style=\"width: 1024px\" class=\"wp-caption aligncenter\"><img decoding=\"async\" src=\"https:\/\/www.aarquiteta.com.br\/blog\/wp-content\/uploads\/2025\/04\/moveis-retro-4.jpg\" alt=\"Como no quarto.\" title=\"\"><figcaption class=\"wp-caption-text\">Como no quarto.<\/figcaption><\/figure>\n<h3>Para se aprofundar mais sobre o tema, veja a minha recomenda\u00e7\u00e3o sobre o tema deste artigo no v\u00eddeo a seguir abaixo:<\/h3>\n<p><iframe title=\"YouTube video player\" src=\"https:\/\/www.youtube.com\/embed\/Y6xQh1e-K6w\" width=\"560\" height=\"315\" frameborder=\"0\" allowfullscreen=\"allowfullscreen\"><\/iframe><\/p>\n<figure style=\"width: 1024px\" class=\"wp-caption aligncenter\"><img decoding=\"async\" src=\"https:\/\/www.aarquiteta.com.br\/blog\/wp-content\/uploads\/2025\/04\/moveis-retro-5-960x1200.jpg\" alt=\"Voc\u00ea tamb\u00e9m pode usar m\u00f3veis retr\u00f4 nas salas.\" title=\"\"><figcaption class=\"wp-caption-text\">Voc\u00ea tamb\u00e9m pode usar m\u00f3veis retr\u00f4 nas salas.<\/figcaption><\/figure>\n","protected":false},"excerpt":{"rendered":"<p>Transforme sua casa com m\u00f3veis retr\u00f4 elegantes que trazem personalidade e charme, inspirando ambientes \u00fanicos e acolhedores! Por que escolher m\u00f3veis retr\u00f4? Voc\u00ea j\u00e1 percebeu como um simples detalhe pode transformar completamente a decora\u00e7\u00e3o da sua casa? M\u00f3veis retr\u00f4 s\u00e3o uma excelente escolha por sua versatilidade. Eles oferecem um apelo nost\u00e1lgico e uma est\u00e9tica \u00fanica [&hellip;]<\/p>\n","protected":false},"author":102,"featured_media":150051,"comment_status":"open","ping_status":"","sticky":false,"template":"","format":"standard","meta":{"footnotes":""},"categories":[1484],"tags":[],"class_list":["post-150061","post","type-post","status-publish","format-standard","has-post-thumbnail","category-decoracao"],"_wp_attached_file":null,"_wp_attachment_metadata":null,"_wp_attachment_context":null,"_wp_attachment_is_custom_header":null,"geo_longitude":null,"geo_public":null,"geo_latitude":null,"_publicize_done_external":null,"_wpas_done_3897181":null,"publicize_twitter_user":null,"_wpas_done_3897175":null,"_wpas_skip_3897181":null,"_wpas_skip_3897175":null,"_wpas_skip_3924723":null,"_wpas_mess":null,"_wpas_done_3924723":null,"wps_subtitle":"","_links":{"self":[{"href":"https:\/\/www.aarquiteta.com.br\/blog\/wp-json\/wp\/v2\/posts\/150061","targetHints":{"allow":["GET"]}}],"collection":[{"href":"https:\/\/www.aarquiteta.com.br\/blog\/wp-json\/wp\/v2\/posts"}],"about":[{"href":"https:\/\/www.aarquiteta.com.br\/blog\/wp-json\/wp\/v2\/types\/post"}],"author":[{"embeddable":true,"href":"https:\/\/www.aarquiteta.com.br\/blog\/wp-json\/wp\/v2\/users\/102"}],"replies":[{"embeddable":true,"href":"https:\/\/www.aarquiteta.com.br\/blog\/wp-json\/wp\/v2\/comments?post=150061"}],"version-history":[{"count":0,"href":"https:\/\/www.aarquiteta.com.br\/blog\/wp-json\/wp\/v2\/posts\/150061\/revisions"}],"wp:featuredmedia":[{"embeddable":true,"href":"https:\/\/www.aarquiteta.com.br\/blog\/wp-json\/wp\/v2\/media\/150051"}],"wp:attachment":[{"href":"https:\/\/www.aarquiteta.com.br\/blog\/wp-json\/wp\/v2\/media?parent=150061"}],"wp:term":[{"taxonomy":"category","embeddable":true,"href":"https:\/\/www.aarquiteta.com.br\/blog\/wp-json\/wp\/v2\/categories?post=150061"},{"taxonomy":"post_tag","embeddable":true,"href":"https:\/\/www.aarquiteta.com.br\/blog\/wp-json\/wp\/v2\/tags?post=150061"}],"curies":[{"name":"wp","href":"https:\/\/api.w.org\/{rel}","templated":true}]}}