{"id":150028,"date":"2025-04-26T12:49:22","date_gmt":"2025-04-26T15:49:22","guid":{"rendered":"https:\/\/www.aarquiteta.com.br\/blog\/clusia-porcelana-clusia-orthoneura\/"},"modified":"2025-04-26T12:49:22","modified_gmt":"2025-04-26T15:49:22","slug":"clusia-porcelana-clusia-orthoneura","status":"publish","type":"post","link":"https:\/\/www.aarquiteta.com.br\/blog\/clusia-porcelana-clusia-orthoneura\/","title":{"rendered":"Cl\u00fasia-porcelana: Como Essa Planta Pode Embelezar Seu Jardim"},"content":{"rendered":"<p>Voc\u00ea j\u00e1 pensou em como uma \u00fanica planta pode transformar seu jardim, trazendo beleza e sustentabilidade? <\/p>\n<h3>Descubra a Cl\u00fasia-porcelana<\/h3>\n<figure style=\"width: 1024px\" class=\"wp-caption aligncenter\"><img decoding=\"async\" src=\"https:\/\/www.aarquiteta.com.br\/blog\/wp-content\/uploads\/2025\/04\/jardim-escola-1-350x250.jpg\" alt=\"Em resumo, a Cl\u00fasia-porcelana \u00e9 uma op\u00e7\u00e3o de destaque para aqueles que desejam introduzir um elemento de sofistica\u00e7\u00e3o natural em seus espa\u00e7os verdes.\" title=\"\"><figcaption class=\"wp-caption-text\">Em resumo, a Cl\u00fasia-porcelana \u00e9 uma op\u00e7\u00e3o de destaque para aqueles que desejam introduzir um elemento de sofistica\u00e7\u00e3o natural em seus espa\u00e7os verdes.<\/figcaption><\/figure>\n<p>A <b>Cl\u00fasia-porcelana<\/b>, ou Clusia orthoneura, \u00e9 uma planta ornamental que se destaca por seu <b>visual tropical e ex\u00f3tico<\/b>. <\/p>\n<p>Origin\u00e1ria da Am\u00e9rica Central, ela \u00e9 conhecida por suas folhas suculentas com textura cerosa. <\/p>\n<p>Essa caracter\u00edstica a torna uma op\u00e7\u00e3o muito popular entre os paisagistas brasileiros.<\/p>\n<h3>Caracter\u00edsticas Not\u00e1veis da Cl\u00fasia-porcelana<\/h3>\n<figure style=\"width: 1024px\" class=\"wp-caption aligncenter\"><img decoding=\"async\" src=\"https:\/\/www.aarquiteta.com.br\/blog\/wp-content\/uploads\/2025\/04\/clusia-porcelana-clusia-orthoneura01.jpg\" alt=\"Cl\u00fasia-porcelana: Uma Beleza Esculpida para Seu Jardim\" width=\"1024\" height=\"1024\" title=\"\"><figcaption class=\"wp-caption-text\">Cl\u00fasia-porcelana: Uma Beleza Esculpida para Seu Jardim<\/figcaption><\/figure>\n<p>As folhas da Cl\u00fasia-porcelana s\u00e3o <b>espessas e brilhantes<\/b>, variando entre verde-claro e verde-escuro. <\/p>\n<p>Al\u00e9m disso, suas folhas ovaladas n\u00e3o s\u00f3 embelezam, mas tamb\u00e9m ajudam na <b>conserva\u00e7\u00e3o de \u00e1gua<\/b>, tornando-a resistente \u00e0 seca. <\/p>\n<p>As flores brancas discretas s\u00e3o outro atrativo, lembrando pequenas porcelanas que adicionam um charme especial. <\/p>\n<h3>Usos Vers\u00e1teis no Paisagismo<\/h3>\n<figure style=\"width: 1024px\" class=\"wp-caption aligncenter\"><img decoding=\"async\" src=\"https:\/\/www.aarquiteta.com.br\/blog\/wp-content\/uploads\/2025\/04\/clusia-porcelana-cp-1200x697.webp\" alt=\"A Cl\u00fasia-porcelana, conhecida cientificamente como Clusia orthoneura, \u00e9 uma planta ornamental encantadora e robusta, perfeita para dar um toque tropical e ex\u00f3tico a qualquer jardim.\" title=\"\"><figcaption class=\"wp-caption-text\">A Cl\u00fasia-porcelana, conhecida cientificamente como Clusia orthoneura, \u00e9 uma planta ornamental encantadora e robusta, perfeita para dar um toque tropical e ex\u00f3tico a qualquer jardim.<\/figcaption><\/figure>\n<p>Segundo o paisagista Ricardo Behring, a Cl\u00fasia-porcelana \u00e9 <b>extremamente vers\u00e1til<\/b>, adequada para jardins verticais ou em associa\u00e7\u00e3o com outras plantas tropicais. <\/p>\n<p>Isso a torna ideal para quem busca adicionar <b>um toque duradouro ao paisagismo<\/b>, seja em resid\u00eancias ou estabelecimentos comerciais. <\/p>\n<h3>Condi\u00e7\u00f5es Ideais para o Cultivo<\/h3>\n<figure style=\"width: 1024px\" class=\"wp-caption aligncenter\"><img decoding=\"async\" src=\"https:\/\/www.aarquiteta.com.br\/blog\/wp-content\/uploads\/2025\/04\/clusia-porcelana-clusia-orthoneura02.jpg\" alt=\"Cl\u00fasia-porcelana: Uma Beleza Esculpida para Seu Jardim\" width=\"1024\" height=\"1024\" title=\"\"><figcaption class=\"wp-caption-text\">Cl\u00fasia-porcelana: Uma Beleza Esculpida para Seu Jardim<\/figcaption><\/figure>\n<p>Para um cultivo de sucesso, a Cl\u00fasia-porcelana necessita de <b>solos bem drenados e ricos em mat\u00e9ria org\u00e2nica<\/b>. <\/p>\n<p>Mesmo tolerando a seca, \u00e9 crucial manter o solo <b>ligeiramente \u00famido<\/b>, especialmente nos primeiros meses ap\u00f3s o plantio. <\/p>\n<p>Ela se adapta bem a diferentes n\u00edveis de ilumina\u00e7\u00e3o, desde sol pleno at\u00e9 meia-sombra. <\/p>\n<h3>Propaga\u00e7\u00e3o e Manuten\u00e7\u00e3o<\/h3>\n<figure style=\"width: 1024px\" class=\"wp-caption aligncenter\"><img decoding=\"async\" src=\"https:\/\/www.aarquiteta.com.br\/blog\/wp-content\/uploads\/2025\/04\/clusia-porcelana-1-1024x1024.webp\" alt=\"Com folhas espessas e brilhantes que podem variar de verde-claro a verde-escuro, a Cl\u00fasia-porcelana possui um visual impactante.\" title=\"\"><figcaption class=\"wp-caption-text\">Com folhas espessas e brilhantes que podem variar de verde-claro a verde-escuro, a Cl\u00fasia-porcelana possui um visual impactante.<\/figcaption><\/figure>\n<p>A propaga\u00e7\u00e3o da Cl\u00fasia-porcelana acontece principalmente por <b>estaquia<\/b>. <\/p>\n<p>Pequenos ramos saud\u00e1veis podem ser cortados e plantados em solo apropriado. <\/p>\n<p>Um bom substrato pode incluir misturas com perlita ou areia grossa para garantir a <b>drenagem adequada<\/b>. <\/p>\n<h3>Cuidados Espec\u00edficos e Podas<\/h3>\n<figure style=\"width: 1024px\" class=\"wp-caption aligncenter\"><img decoding=\"async\" src=\"https:\/\/www.aarquiteta.com.br\/blog\/wp-content\/uploads\/2025\/04\/clusia-porcelana-clusia-orthoneura03.jpg\" alt=\"Cl\u00fasia-porcelana: Uma Beleza Esculpida para Seu Jardim\" width=\"1024\" height=\"1024\" title=\"\"><figcaption class=\"wp-caption-text\">Cl\u00fasia-porcelana: Uma Beleza Esculpida para Seu Jardim<\/figcaption><\/figure>\n<p>Embora tenha baixa manuten\u00e7\u00e3o, alguns cuidados espec\u00edficos s\u00e3o fundamentais para manter a Cl\u00fasia-porcelana saud\u00e1vel. <\/p>\n<p>As <b>podas regulares<\/b> n\u00e3o s\u00e3o essenciais, mas ajudam a controlar o crescimento e a est\u00e9tica geral da planta. <\/p>\n<p>Remover folhas danificadas tamb\u00e9m contribui para a sa\u00fade da planta. <\/p>\n<h3>Benef\u00edcios Ecol\u00f3gicos da Cl\u00fasia-porcelana<\/h3>\n<figure style=\"width: 1024px\" class=\"wp-caption aligncenter\"><img decoding=\"async\" src=\"https:\/\/www.aarquiteta.com.br\/blog\/wp-content\/uploads\/2025\/04\/clusia-porcelana-2-1024x1024.jpg\" alt=\"Suas folhas ovaladas e duras adicionam um aspecto elegante \u00e0 planta e ainda desempenham um papel essencial na conserva\u00e7\u00e3o de \u00e1gua, o que torna a planta altamente resistente a per\u00edodos de seca.\" title=\"\"><figcaption class=\"wp-caption-text\">Suas folhas ovaladas e duras adicionam um aspecto elegante \u00e0 planta e ainda desempenham um papel essencial na conserva\u00e7\u00e3o de \u00e1gua, o que torna a planta altamente resistente a per\u00edodos de seca.<\/figcaption><\/figure>\n<p>Al\u00e9m de sua beleza est\u00e9tica, essa planta oferece <b>benef\u00edcios ecol\u00f3gicos<\/b>. <\/p>\n<p>Suas folhas servem como abrigo para insetos ben\u00e9ficos, enquanto suas flores fornecem n\u00e9ctar para polinizadores, enriquecendo o <b>ecossistema local<\/b>. <\/p>\n<table>\n<tr>\n<th>Caracter\u00edsticas<\/th>\n<th>Detalhes<\/th>\n<\/tr>\n<tr>\n<td>Origem<\/td>\n<td>Am\u00e9rica Central<\/td>\n<\/tr>\n<tr>\n<td>Tipo de Solo<\/td>\n<td>Bem drenado e rico em mat\u00e9ria org\u00e2nica<\/td>\n<\/tr>\n<tr>\n<td>Rega<\/td>\n<td>Moderada, evitar encharcamento<\/td>\n<\/tr>\n<tr>\n<td>Ilumina\u00e7\u00e3o<\/td>\n<td>Sol pleno a meia-sombra<\/td>\n<\/tr>\n<\/table>\n<h3>Espa\u00e7os Verdes com Sofistica\u00e7\u00e3o<\/h3>\n<figure style=\"width: 1024px\" class=\"wp-caption aligncenter\"><img decoding=\"async\" src=\"https:\/\/www.aarquiteta.com.br\/blog\/wp-content\/uploads\/2025\/04\/clusia-porcelana-clusia-orthoneura4.jpg\" alt=\"Cl\u00fasia-porcelana: Uma Beleza Esculpida para Seu Jardim\" width=\"1024\" height=\"1024\" title=\"\"><figcaption class=\"wp-caption-text\">Cl\u00fasia-porcelana: Uma Beleza Esculpida para Seu Jardim<\/figcaption><\/figure>\n<p>A Cl\u00fasia-porcelana \u00e9 uma escolha excelente para quem deseja <b>sofistica\u00e7\u00e3o natural<\/b> em seus espa\u00e7os verdes. <\/p>\n<p>Com sua incr\u00edvel capacidade de adapta\u00e7\u00e3o e requerimento de manuten\u00e7\u00e3o reduzido, ela se torna um componente valioso em qualquer projeto de jardinagem. <\/p>\n<p>Como conclui Ricardo Behring, essa planta \u00e9 um <b>coringa<\/b> em paisagismo, unindo beleza e funcionalidade. <\/p>\n<p>Por isso, considere incluir a Cl\u00fasia-porcelana no seu pr\u00f3ximo projeto de jardinagem. <\/p>\n<p>Essa planta pode enriquecer seu ambiente, trazendo gra\u00e7a e vigor ao seu espa\u00e7o. <\/p>\n<p><b>Venha experimentar e transforme seu jardim!<\/b><\/p>\n<figure style=\"width: 1024px\" class=\"wp-caption aligncenter\"><img decoding=\"async\" src=\"https:\/\/maniadeplantas.com.br\/wp-content\/uploads\/2024\/08\/clusia-porcelana-3-820x1024.jpg\" alt=\"O m\u00e9todo mais comum de propaga\u00e7\u00e3o \u00e9 a estaquia, onde pequenos ramos saud\u00e1veis s\u00e3o cortados e plantados diretamente no solo ou em vasos com substrato adequado.\" title=\"\"><figcaption class=\"wp-caption-text\">O m\u00e9todo mais comum de propaga\u00e7\u00e3o \u00e9 a estaquia, onde pequenos ramos saud\u00e1veis s\u00e3o cortados e plantados diretamente no solo ou em vasos com substrato adequado.<\/figcaption><\/figure>\n<h3>Para se aprofundar mais sobre o tema, veja a minha recomenda\u00e7\u00e3o sobre o tema deste artigo no v\u00eddeo a seguir abaixo:<\/h3>\n<p><iframe title=\"YouTube video player\" src=\"https:\/\/www.youtube.com\/embed\/oumMFdMYye4\" width=\"560\" height=\"315\" frameborder=\"0\" allowfullscreen=\"allowfullscreen\"><\/iframe><\/p>\n<figure style=\"width: 1024px\" class=\"wp-caption aligncenter\"><img decoding=\"async\" src=\"https:\/\/www.aarquiteta.com.br\/blog\/wp-content\/uploads\/2025\/04\/jovem-jardineira-com-cabelo-curto-no-avental-e-um-chapeu-mostrando-uma-planta-em-um-vaso-olhando-para-a-camera-e-sorrindo-com-uma-cara-feliz-em-pe-sobre-um-fundo-laranja_141793-45968.\" alt=\"Suas folhas robustas e cerosas servem como um \u00f3timo abrigo para insetos ben\u00e9ficos, e suas flores s\u00e3o fontes de n\u00e9ctar para polinizadores.\" title=\"\"><figcaption class=\"wp-caption-text\">Suas folhas robustas e cerosas servem como um \u00f3timo abrigo para insetos ben\u00e9ficos, e suas flores s\u00e3o fontes de n\u00e9ctar para polinizadores.<\/figcaption><\/figure>\n","protected":false},"excerpt":{"rendered":"<p>Descubra a Cl\u00fasia-porcelana e aprenda como cultiv\u00e1-la. Uma planta ideal para transformar seu jardim com beleza e sustentabilidade.<\/p>\n","protected":false},"author":102,"featured_media":150021,"comment_status":"open","ping_status":"","sticky":false,"template":"","format":"standard","meta":{"footnotes":""},"categories":[9612],"tags":[],"class_list":["post-150028","post","type-post","status-publish","format-standard","has-post-thumbnail","category-jardinagem"],"_wp_attached_file":null,"_wp_attachment_metadata":null,"_wp_attachment_context":null,"_wp_attachment_is_custom_header":null,"geo_longitude":null,"geo_public":null,"geo_latitude":null,"_publicize_done_external":null,"_wpas_done_3897181":null,"publicize_twitter_user":null,"_wpas_done_3897175":null,"_wpas_skip_3897181":null,"_wpas_skip_3897175":null,"_wpas_skip_3924723":null,"_wpas_mess":null,"_wpas_done_3924723":null,"wps_subtitle":"","_links":{"self":[{"href":"https:\/\/www.aarquiteta.com.br\/blog\/wp-json\/wp\/v2\/posts\/150028","targetHints":{"allow":["GET"]}}],"collection":[{"href":"https:\/\/www.aarquiteta.com.br\/blog\/wp-json\/wp\/v2\/posts"}],"about":[{"href":"https:\/\/www.aarquiteta.com.br\/blog\/wp-json\/wp\/v2\/types\/post"}],"author":[{"embeddable":true,"href":"https:\/\/www.aarquiteta.com.br\/blog\/wp-json\/wp\/v2\/users\/102"}],"replies":[{"embeddable":true,"href":"https:\/\/www.aarquiteta.com.br\/blog\/wp-json\/wp\/v2\/comments?post=150028"}],"version-history":[{"count":0,"href":"https:\/\/www.aarquiteta.com.br\/blog\/wp-json\/wp\/v2\/posts\/150028\/revisions"}],"wp:featuredmedia":[{"embeddable":true,"href":"https:\/\/www.aarquiteta.com.br\/blog\/wp-json\/wp\/v2\/media\/150021"}],"wp:attachment":[{"href":"https:\/\/www.aarquiteta.com.br\/blog\/wp-json\/wp\/v2\/media?parent=150028"}],"wp:term":[{"taxonomy":"category","embeddable":true,"href":"https:\/\/www.aarquiteta.com.br\/blog\/wp-json\/wp\/v2\/categories?post=150028"},{"taxonomy":"post_tag","embeddable":true,"href":"https:\/\/www.aarquiteta.com.br\/blog\/wp-json\/wp\/v2\/tags?post=150028"}],"curies":[{"name":"wp","href":"https:\/\/api.w.org\/{rel}","templated":true}]}}