{"id":150017,"date":"2025-04-26T11:25:25","date_gmt":"2025-04-26T14:25:25","guid":{"rendered":"https:\/\/www.aarquiteta.com.br\/blog\/designs-de-cozinha\/"},"modified":"2025-04-26T11:25:25","modified_gmt":"2025-04-26T14:25:25","slug":"designs-de-cozinha","status":"publish","type":"post","link":"https:\/\/www.aarquiteta.com.br\/blog\/designs-de-cozinha\/","title":{"rendered":"5 Tend\u00eancias de Design de Cozinha para 2025 que Voc\u00ea Precisa Conhecer."},"content":{"rendered":"<p><body><\/p>\n<p>Se voc\u00ea ama inova\u00e7\u00e3o e busca trazer modernidade para sua casa, venha conferir as <b>5 tend\u00eancias de design de cozinha para 2025<\/b> que v\u00e3o te inspirar!<\/p>\n<h3>\ud83c\udf1f Voc\u00ea j\u00e1 quis transformar sua cozinha em 2025?<\/h3>\n<figure style=\"width: 1024px\" class=\"wp-caption aligncenter\"><img decoding=\"async\" src=\"https:\/\/www.aarquiteta.com.br\/blog\/wp-content\/uploads\/2025\/04\/designs-de-cozinha04.jpg\" alt=\"5 Tend\u00eancias de Design de Cozinha para 2025 que Voc\u00ea Precisa Conhecer.\" width=\"1024\" height=\"1024\" title=\"\"><figcaption class=\"wp-caption-text\">5 Tend\u00eancias de Design de Cozinha para 2025 que Voc\u00ea Precisa Conhecer.<\/figcaption><\/figure>\n<p>Eu entendo bem esse desejo! <b>Todo mundo sonha com uma cozinha linda, pr\u00e1tica e cheia de personalidade<\/b>, n\u00e9?<\/p>\n<p>O problema \u00e9 que, com tanta novidade surgindo, <b>fica dif\u00edcil saber no que realmente apostar<\/b> para n\u00e3o gastar dinheiro \u00e0 toa.<\/p>\n<p>Mas calma, porque hoje eu trouxe as <b>principais tend\u00eancias<\/b> que v\u00e3o bombar e deixar sua cozinha irresist\u00edvel. Bora conferir?<\/p>\n<h3>\ud83d\udd2e Cozinhas Integradas Continuam em Alta<\/h3>\n<figure style=\"width: 1024px\" class=\"wp-caption aligncenter\"><img decoding=\"async\" src=\"https:\/\/www.aarquiteta.com.br\/blog\/wp-content\/uploads\/2025\/04\/designs-de-cozinha03.jpg\" alt=\"5 Tend\u00eancias de Design de Cozinha para 2025 que Voc\u00ea Precisa Conhecer.\" width=\"1024\" height=\"1024\" title=\"\"><figcaption class=\"wp-caption-text\">5 Tend\u00eancias de Design de Cozinha para 2025 que Voc\u00ea Precisa Conhecer.<\/figcaption><\/figure>\n<p>Em 2025, as <b>cozinhas integradas<\/b> continuam dominando! Elas unem sala, cozinha e at\u00e9 varanda, num s\u00f3 ambiente fluido e moderno.<\/p>\n<p>O charme est\u00e1 em usar <b>m\u00f3veis planejados<\/b> e integrar tudo com muita funcionalidade e estilo. Essa tend\u00eancia veio pra ficar!<\/p>\n<h3>\ud83c\udfa8 Paleta de Cores Naturais e Aconchegantes<\/h3>\n<figure style=\"width: 1024px\" class=\"wp-caption aligncenter\"><img decoding=\"async\" src=\"https:\/\/www.aarquiteta.com.br\/blog\/wp-content\/uploads\/2025\/04\/designs-de-cozinha02.jpg\" alt=\"5 Tend\u00eancias de Design de Cozinha para 2025 que Voc\u00ea Precisa Conhecer.\" width=\"1024\" height=\"1024\" title=\"\"><figcaption class=\"wp-caption-text\">5 Tend\u00eancias de Design de Cozinha para 2025 que Voc\u00ea Precisa Conhecer.<\/figcaption><\/figure>\n<p>Se prepare para se apaixonar pelas <b>cores suaves e tons terrosos<\/b> que v\u00e3o tomar conta das cozinhas em 2025!<\/p>\n<p>Bege, areia, oliva, ferrugem\u2026 cores que abra\u00e7am e transformam o espa\u00e7o num verdadeiro ref\u00fagio. Um espet\u00e1culo!<\/p>\n<h3>\ud83d\udd32 Minimalismo Funcional: Menos \u00e9 Mais<\/h3>\n<figure style=\"width: 1024px\" class=\"wp-caption aligncenter\"><img decoding=\"async\" src=\"https:\/\/www.aarquiteta.com.br\/blog\/wp-content\/uploads\/2025\/04\/designs-de-cozinha01.jpg\" alt=\"5 Tend\u00eancias de Design de Cozinha para 2025 que Voc\u00ea Precisa Conhecer.\" width=\"1024\" height=\"1024\" title=\"\"><figcaption class=\"wp-caption-text\">5 Tend\u00eancias de Design de Cozinha para 2025 que Voc\u00ea Precisa Conhecer.<\/figcaption><\/figure>\n<p>O minimalismo vem ganhando for\u00e7a, trazendo o foco para a <b>funcionalidade e o conforto visual<\/b> das cozinhas.<\/p>\n<p>Arm\u00e1rios lisos, linhas retas e superf\u00edcies clean v\u00e3o trazer aquele ar de leveza que todo mundo ama.<\/p>\n<h3>\u26a1 Tecnologia Discreta: Casas Inteligentes<\/h3>\n<p>J\u00e1 pensou em abrir a geladeira s\u00f3 com a voz? Pois \u00e9, <b>a tecnologia nas cozinhas vai ser t\u00e3o discreta quanto eficiente!<\/b><\/p>\n<p>M\u00e1quinas inteligentes, ilumina\u00e7\u00e3o automatizada e eletrodom\u00e9sticos conectados v\u00e3o deixar tudo mais pr\u00e1tico \u2014 e super cool!<\/p>\n<h3>\ud83c\udf31 Materiais Sustent\u00e1veis: Tend\u00eancia e Consci\u00eancia<\/h3>\n<h3>Assista agora a minha recomenda\u00e7\u00e3o de video abaixo sobre o tema que estamos tratando neste artigo: <\/h3>\n<p><div class=\"youtube-embed\" data-video_id=\"CFP9A7mGcW0\"><iframe title=\"2025: As 9 Tend\u00eancias de Decora\u00e7\u00e3o Que Voc\u00ea Precisa Conhecer!\" width=\"696\" height=\"392\" src=\"https:\/\/www.youtube.com\/embed\/CFP9A7mGcW0?feature=oembed&#038;enablejsapi=1\" frameborder=\"0\" allow=\"accelerometer; autoplay; clipboard-write; encrypted-media; gyroscope; picture-in-picture; web-share\" referrerpolicy=\"strict-origin-when-cross-origin\" allowfullscreen><\/iframe><\/div>\n<\/p>\n<p>Em 2025, quem ama design de interiores vai apostar forte nos <b>materiais ecol\u00f3gicos e recicl\u00e1veis<\/b>.<\/p>\n<p>Madeiras de reflorestamento, pedras naturais e tintas sem componentes t\u00f3xicos v\u00e3o brilhar nas novas cozinhas.<\/p>\n<h3>\ud83d\udccb Resumo das Tend\u00eancias de Design de Cozinha para 2025<\/h3>\n<table border=\"1\" cellpadding=\"8\" cellspacing=\"0\" style=\"border-collapse: collapse; width: 100%;\">\n<thead>\n<tr>\n<th>Tend\u00eancia<\/th>\n<th>Descri\u00e7\u00e3o<\/th>\n<\/tr>\n<\/thead>\n<tbody>\n<tr>\n<td>Cozinhas Integradas<\/td>\n<td>Ambientes unidos e funcionais<\/td>\n<\/tr>\n<tr>\n<td>Cores Naturais<\/td>\n<td>Paleta de tons terrosos suaves<\/td>\n<\/tr>\n<tr>\n<td>Minimalismo Funcional<\/td>\n<td>Menos objetos, mais praticidade<\/td>\n<\/tr>\n<tr>\n<td>Tecnologia Discreta<\/td>\n<td>Automa\u00e7\u00e3o invis\u00edvel e pr\u00e1tica<\/td>\n<\/tr>\n<tr>\n<td>Materiais Sustent\u00e1veis<\/td>\n<td>Relev\u00e2ncia ecol\u00f3gica no design<\/td>\n<\/tr>\n<\/tbody>\n<\/table>\n<h3>\u2728 Ilhas Multifuncionais: O Cora\u00e7\u00e3o da Cozinha<\/h3>\n<p>As ilhas de cozinha v\u00e3o ganhar ainda mais for\u00e7a! <b>Elas se tornam \u00e1reas para cozinhar, comer e at\u00e9 trabalhar<\/b> em 2025.<\/p>\n<p>Uma bela ilha, cheia de gavetas e m\u00f3dulos inteligentes, \u00e9 tudo que voc\u00ea precisa para um espa\u00e7o vers\u00e1til e moderno.<\/p>\n<h3>\ud83d\udd8c\ufe0f Texturas em Alta: Mais Vida para seu Espa\u00e7o<\/h3>\n<p>Se prepare para ver muita textura legal nas cozinhas: <b>paredes com efeito 3D, metais escovados e texturas em pedras<\/b>.<\/p>\n<p>\u00c9 aquela pitada de alma que faltava, pra deixar seu lar doce lar ainda mais encantador!<\/p>\n<p>Viu como <b>n\u00e3o \u00e9 dif\u00edcil atualizar sua cozinha<\/b> e deix\u00e1-la totalmente alinhada \u00e0s tend\u00eancias de 2025?<\/p>\n<p>Com um pouquinho de criatividade e olhos atentos aos detalhes, a sua cozinha pode se tornar o cen\u00e1rio dos seus sonhos.<\/p>\n<p>Agora me conta: Qual dessas tend\u00eancias mais combinou com voc\u00ea? \ud83d\ude80<\/p>\n<p><\/body><\/p>\n","protected":false},"excerpt":{"rendered":"<p>Descubra as principais tend\u00eancias de design de cozinha para 2025 e inspire-se com ideias modernas, funcionais e cheias de estilo para transformar seu espa\u00e7o.<\/p>\n","protected":false},"author":102,"featured_media":150014,"comment_status":"open","ping_status":"","sticky":false,"template":"","format":"standard","meta":{"footnotes":""},"categories":[1484,971],"tags":[],"class_list":["post-150017","post","type-post","status-publish","format-standard","has-post-thumbnail","category-decoracao","category-design-de-interiores"],"_wp_attached_file":null,"_wp_attachment_metadata":null,"_wp_attachment_context":null,"_wp_attachment_is_custom_header":null,"geo_longitude":null,"geo_public":null,"geo_latitude":null,"_publicize_done_external":null,"_wpas_done_3897181":null,"publicize_twitter_user":null,"_wpas_done_3897175":null,"_wpas_skip_3897181":null,"_wpas_skip_3897175":null,"_wpas_skip_3924723":null,"_wpas_mess":null,"_wpas_done_3924723":null,"wps_subtitle":"","_links":{"self":[{"href":"https:\/\/www.aarquiteta.com.br\/blog\/wp-json\/wp\/v2\/posts\/150017","targetHints":{"allow":["GET"]}}],"collection":[{"href":"https:\/\/www.aarquiteta.com.br\/blog\/wp-json\/wp\/v2\/posts"}],"about":[{"href":"https:\/\/www.aarquiteta.com.br\/blog\/wp-json\/wp\/v2\/types\/post"}],"author":[{"embeddable":true,"href":"https:\/\/www.aarquiteta.com.br\/blog\/wp-json\/wp\/v2\/users\/102"}],"replies":[{"embeddable":true,"href":"https:\/\/www.aarquiteta.com.br\/blog\/wp-json\/wp\/v2\/comments?post=150017"}],"version-history":[{"count":0,"href":"https:\/\/www.aarquiteta.com.br\/blog\/wp-json\/wp\/v2\/posts\/150017\/revisions"}],"wp:featuredmedia":[{"embeddable":true,"href":"https:\/\/www.aarquiteta.com.br\/blog\/wp-json\/wp\/v2\/media\/150014"}],"wp:attachment":[{"href":"https:\/\/www.aarquiteta.com.br\/blog\/wp-json\/wp\/v2\/media?parent=150017"}],"wp:term":[{"taxonomy":"category","embeddable":true,"href":"https:\/\/www.aarquiteta.com.br\/blog\/wp-json\/wp\/v2\/categories?post=150017"},{"taxonomy":"post_tag","embeddable":true,"href":"https:\/\/www.aarquiteta.com.br\/blog\/wp-json\/wp\/v2\/tags?post=150017"}],"curies":[{"name":"wp","href":"https:\/\/api.w.org\/{rel}","templated":true}]}}