{"id":149823,"date":"2025-04-23T17:18:25","date_gmt":"2025-04-23T20:18:25","guid":{"rendered":"https:\/\/www.aarquiteta.com.br\/blog\/prateleira-para-quadros-3\/"},"modified":"2025-04-23T17:18:25","modified_gmt":"2025-04-23T20:18:25","slug":"prateleira-para-quadros-3","status":"publish","type":"post","link":"https:\/\/www.aarquiteta.com.br\/blog\/prateleira-para-quadros-3\/","title":{"rendered":"Formas Criativas de Incorporar Prateleiras para Quadros na Sua Decora\u00e7\u00e3o"},"content":{"rendered":"<p>Voc\u00ea j\u00e1 percebeu como as prateleiras para quadros podem transformar a decora\u00e7\u00e3o do seu ambiente? Elas s\u00e3o vers\u00e1teis e pr\u00e1ticas!<\/p>\n<h3>1. A Versatilidade das Prateleiras para Quadros<\/h3>\n<figure style=\"width: 1024px\" class=\"wp-caption aligncenter\"><img decoding=\"async\" src=\"https:\/\/www.aarquiteta.com.br\/blog\/wp-content\/uploads\/2025\/04\/prateleira-para-quadros-4-730x1108.jpg\" alt=\"Prateleira para quadros funcional\" title=\"\"><figcaption class=\"wp-caption-text\">Prateleira para quadros funcional<\/figcaption><\/figure>\n<p>As <b>prateleiras para quadros<\/b> s\u00e3o verdadeiros curadores da arte em nossos lares, n\u00e3o acha? Elas permitem que voc\u00ea altere a disposi\u00e7\u00e3o dos quadros com facilidade. Isso traz frescor ao espa\u00e7o.<\/p>\n<h3>2. Aposte em Cores e Materiais Diferentes<\/h3>\n<figure style=\"width: 1024px\" class=\"wp-caption aligncenter\"><img decoding=\"async\" src=\"https:\/\/www.aarquiteta.com.br\/blog\/wp-content\/uploads\/2025\/04\/prateleira-para-quadros01.jpg\" alt=\"Prateleira para Quadros: 30 Maneiras de Usar na Sua Decora\u00e7\u00e3o\" width=\"1024\" height=\"1024\" title=\"\"><figcaption class=\"wp-caption-text\">Prateleira para Quadros: 30 Maneiras de Usar na Sua Decora\u00e7\u00e3o<\/figcaption><\/figure>\n<p>Escolher <b>cores e materiais<\/b> que contrastem com a parede ou o ambiente cria um efeito visual incr\u00edvel. Uma prateleira escura em uma parede clara, por exemplo, \u00e9 uma combina\u00e7\u00e3o poderosa!<\/p>\n<h3>3. Organize por Temas<\/h3>\n<figure style=\"width: 1024px\" class=\"wp-caption aligncenter\"><img decoding=\"async\" src=\"https:\/\/www.aarquiteta.com.br\/blog\/wp-content\/uploads\/2025\/04\/prateleira-para-quadros-capa.jpg\" alt=\"Capa do artigo sobre prateleira para quadros\" title=\"\"><figcaption class=\"wp-caption-text\">Capa do artigo sobre prateleira para quadros<\/figcaption><\/figure>\n<p>Uma dica que adoro \u00e9 agrupar quadros por temas. Que tal uma prateleira com fotos de viagens? Ou uma que conte a sua hist\u00f3ria? Fica super pessoal!<\/p>\n<h3>4. Prateleiras em Camadas<\/h3>\n<figure style=\"width: 1024px\" class=\"wp-caption aligncenter\"><img decoding=\"async\" src=\"https:\/\/www.aarquiteta.com.br\/blog\/wp-content\/uploads\/2025\/04\/prateleira-para-quadros02.jpg\" alt=\"Prateleira para Quadros: 30 Maneiras de Usar na Sua Decora\u00e7\u00e3o\" width=\"1024\" height=\"1024\" title=\"\"><figcaption class=\"wp-caption-text\">Prateleira para Quadros: 30 Maneiras de Usar na Sua Decora\u00e7\u00e3o<\/figcaption><\/figure>\n<p>Pense em camadas. Coloque quadros em diferentes alturas e dist\u00e2ncias. Isso traz <b>dinamicidade<\/b> ao visual e deixa tudo mais interessante para quem visita sua casa.<\/p>\n<h3>5. Mescle Dimens\u00f5es e Formatos<\/h3>\n<figure style=\"width: 1024px\" class=\"wp-caption aligncenter\"><img decoding=\"async\" src=\"https:\/\/www.aarquiteta.com.br\/blog\/wp-content\/uploads\/2025\/04\/quadros-para-sala-1-286x160.png\" alt=\"Foto de quadros para sala\" title=\"\"><figcaption class=\"wp-caption-text\">Foto de quadros para sala<\/figcaption><\/figure>\n<p>Use <b>quadros de diferentes tamanhos<\/b> na prateleira. Essa combina\u00e7\u00e3o ajuda a criar um visual mais despojado e aut\u00eantico, quebrando a rigidez que muitas vezes as paredes t\u00eam.<\/p>\n<h3>6. Elementos Decorativos<\/h3>\n<figure style=\"width: 1024px\" class=\"wp-caption aligncenter\"><img decoding=\"async\" src=\"https:\/\/www.aarquiteta.com.br\/blog\/wp-content\/uploads\/2025\/04\/prateleira-para-quadros03.jpg\" alt=\"Prateleira para Quadros: 30 Maneiras de Usar na Sua Decora\u00e7\u00e3o\" width=\"1024\" height=\"1024\" title=\"\"><figcaption class=\"wp-caption-text\">Prateleira para Quadros: 30 Maneiras de Usar na Sua Decora\u00e7\u00e3o<\/figcaption><\/figure>\n<p>N\u00e3o se esque\u00e7a de mesclar quadros com outros objetos decorativos, como livros e plantas. Isso d\u00e1 <b>profundidade<\/b> e car\u00e1ter \u00e0 composi\u00e7\u00e3o. Sua prateleira conta uma hist\u00f3ria \u00fanica com cada elemento!<\/p>\n<h3>7. Montagem e Fixa\u00e7\u00e3o<\/h3>\n<figure style=\"width: 1024px\" class=\"wp-caption aligncenter\"><img decoding=\"async\" src=\"https:\/\/www.aarquiteta.com.br\/blog\/wp-content\/uploads\/2025\/04\/prateleira-para-quadros-1-730x828.jpg\" alt=\"Prateleira para quadros em ambiente 1\" title=\"\"><figcaption class=\"wp-caption-text\">Prateleira para quadros em ambiente 1<\/figcaption><\/figure>\n<p>Preste aten\u00e7\u00e3o na <b>montagem e fixa\u00e7\u00e3o<\/b> da sua prateleira. A seguran\u00e7a \u00e9 crucial, principalmente em locais com crian\u00e7as ou pets. Vale a pena investir em suportes adequados.<\/p>\n<h3>8. Trocas e Atualiza\u00e7\u00f5es<\/h3>\n<figure style=\"width: 1024px\" class=\"wp-caption aligncenter\"><img decoding=\"async\" src=\"https:\/\/www.aarquiteta.com.br\/blog\/wp-content\/uploads\/2025\/04\/prateleira-para-quadros4.jpg\" alt=\"Prateleira para Quadros: 30 Maneiras de Usar na Sua Decora\u00e7\u00e3o\" width=\"1024\" height=\"1024\" title=\"\"><figcaption class=\"wp-caption-text\">Prateleira para Quadros: 30 Maneiras de Usar na Sua Decora\u00e7\u00e3o<\/figcaption><\/figure>\n<p>Ah, e uma das melhores partes: voc\u00ea pode trocar os quadros sempre que quiser! Isso traz uma <b>novidade constante<\/b> e mant\u00e9m sua decora\u00e7\u00e3o atualizada sem grandes esfor\u00e7os.<\/p>\n<table>\n<tr>\n<th>Aspecto<\/th>\n<th>Detalhe<\/th>\n<\/tr>\n<tr>\n<td>Versatilidade<\/td>\n<td>Pode ser reposicionada facilmente<\/td>\n<\/tr>\n<tr>\n<td>Cores<\/td>\n<td>Contraste traz destaque<\/td>\n<\/tr>\n<tr>\n<td>Temas<\/td>\n<td>Personaliza\u00e7\u00e3o emocionante<\/td>\n<\/tr>\n<tr>\n<td>Dimens\u00f5es<\/td>\n<td>Mesclar tamanhos \u00e9 fundamental<\/td>\n<\/tr>\n<tr>\n<td>Elementos<\/td>\n<td>Combinar objetos enriquece a decora\u00e7\u00e3o<\/td>\n<\/tr>\n<\/table>\n<p>Com todas essas dicas, voc\u00ea est\u00e1 pronto para transformar a sua decora\u00e7\u00e3o.<\/p>\n<p>Lembre-se, <b>prateleiras para quadros<\/b> s\u00e3o mais do que simples suportes; elas s\u00e3o oportunidades de expressar sua personalidade e estilo. Vamos usar a criatividade e arrasar nessa mudan\u00e7a! <\/p>\n<figure style=\"width: 1024px\" class=\"wp-caption aligncenter\"><img decoding=\"async\" src=\"https:\/\/www.aarquiteta.com.br\/blog\/wp-content\/uploads\/2025\/04\/prateleira-para-quadros-2-730x913.jpg\" alt=\"Prateleira para quadros em ambiente 2\" title=\"\"><figcaption class=\"wp-caption-text\">Prateleira para quadros em ambiente 2<\/figcaption><\/figure>\n<h3>Para se aprofundar mais sobre o tema, veja a minha recomenda\u00e7\u00e3o sobre o tema deste artigo no v\u00eddeo a seguir abaixo:<\/h3>\n<p><iframe title=\"YouTube video player\" src=\"https:\/\/www.youtube.com\/embed\/Uik-bHY_7BU\" width=\"560\" height=\"315\" frameborder=\"0\" allowfullscreen=\"allowfullscreen\"><\/iframe><\/p>\n<figure style=\"width: 1024px\" class=\"wp-caption aligncenter\"><img decoding=\"async\" src=\"https:\/\/www.aarquiteta.com.br\/blog\/wp-content\/uploads\/2025\/04\/prateleira-para-quadros-3-730x833.jpg\" alt=\"Prateleira para quadros em ambiente 3\" title=\"\"><figcaption class=\"wp-caption-text\">Prateleira para quadros em ambiente 3<\/figcaption><\/figure>\n","protected":false},"excerpt":{"rendered":"<p>Voc\u00ea j\u00e1 percebeu como as prateleiras para quadros podem transformar a decora\u00e7\u00e3o do seu ambiente? Elas s\u00e3o vers\u00e1teis e pr\u00e1ticas! 1. A Versatilidade das Prateleiras para Quadros As prateleiras para quadros s\u00e3o verdadeiros curadores da arte em nossos lares, n\u00e3o acha? Elas permitem que voc\u00ea altere a disposi\u00e7\u00e3o dos quadros com facilidade. Isso traz frescor [&hellip;]<\/p>\n","protected":false},"author":102,"featured_media":149816,"comment_status":"open","ping_status":"","sticky":false,"template":"","format":"standard","meta":{"footnotes":""},"categories":[1484],"tags":[],"class_list":["post-149823","post","type-post","status-publish","format-standard","has-post-thumbnail","category-decoracao"],"_wp_attached_file":null,"_wp_attachment_metadata":null,"_wp_attachment_context":null,"_wp_attachment_is_custom_header":null,"geo_longitude":null,"geo_public":null,"geo_latitude":null,"_publicize_done_external":null,"_wpas_done_3897181":null,"publicize_twitter_user":null,"_wpas_done_3897175":null,"_wpas_skip_3897181":null,"_wpas_skip_3897175":null,"_wpas_skip_3924723":null,"_wpas_mess":null,"_wpas_done_3924723":null,"wps_subtitle":"","_links":{"self":[{"href":"https:\/\/www.aarquiteta.com.br\/blog\/wp-json\/wp\/v2\/posts\/149823","targetHints":{"allow":["GET"]}}],"collection":[{"href":"https:\/\/www.aarquiteta.com.br\/blog\/wp-json\/wp\/v2\/posts"}],"about":[{"href":"https:\/\/www.aarquiteta.com.br\/blog\/wp-json\/wp\/v2\/types\/post"}],"author":[{"embeddable":true,"href":"https:\/\/www.aarquiteta.com.br\/blog\/wp-json\/wp\/v2\/users\/102"}],"replies":[{"embeddable":true,"href":"https:\/\/www.aarquiteta.com.br\/blog\/wp-json\/wp\/v2\/comments?post=149823"}],"version-history":[{"count":0,"href":"https:\/\/www.aarquiteta.com.br\/blog\/wp-json\/wp\/v2\/posts\/149823\/revisions"}],"wp:featuredmedia":[{"embeddable":true,"href":"https:\/\/www.aarquiteta.com.br\/blog\/wp-json\/wp\/v2\/media\/149816"}],"wp:attachment":[{"href":"https:\/\/www.aarquiteta.com.br\/blog\/wp-json\/wp\/v2\/media?parent=149823"}],"wp:term":[{"taxonomy":"category","embeddable":true,"href":"https:\/\/www.aarquiteta.com.br\/blog\/wp-json\/wp\/v2\/categories?post=149823"},{"taxonomy":"post_tag","embeddable":true,"href":"https:\/\/www.aarquiteta.com.br\/blog\/wp-json\/wp\/v2\/tags?post=149823"}],"curies":[{"name":"wp","href":"https:\/\/api.w.org\/{rel}","templated":true}]}}