{"id":149797,"date":"2025-04-23T12:46:09","date_gmt":"2025-04-23T15:46:09","guid":{"rendered":"https:\/\/www.aarquiteta.com.br\/blog\/mesa-de-cafe-da-manha\/"},"modified":"2025-04-23T12:46:09","modified_gmt":"2025-04-23T15:46:09","slug":"mesa-de-cafe-da-manha","status":"publish","type":"post","link":"https:\/\/www.aarquiteta.com.br\/blog\/mesa-de-cafe-da-manha\/","title":{"rendered":"Ideias inspiradoras para um caf\u00e9 da manh\u00e3 encantador"},"content":{"rendered":"<p>Preparar um caf\u00e9 da manh\u00e3 encantador pode transformar a sua manh\u00e3 em uma experi\u00eancia especial e acolhedora. Vamos l\u00e1!<\/p>\n<h3>O poder de um caf\u00e9 da manh\u00e3 encantador<\/h3>\n<figure style=\"width: 1024px\" class=\"wp-caption aligncenter\"><img decoding=\"async\" src=\"https:\/\/www.aarquiteta.com.br\/blog\/wp-content\/uploads\/2025\/04\/mesa-de-cafe-da-manha-04-966x1200.jpg\" alt=\"Arranjos de flores para um toque especial.\" title=\"\"><figcaption class=\"wp-caption-text\">Arranjos de flores para um toque especial.<\/figcaption><\/figure>\n<p>Voc\u00ea j\u00e1 percebeu como <b>um simples caf\u00e9 da manh\u00e3<\/b> pode mudar o humor do dia? \u00c9 o primeiro momento do dia, e isso merece ser celebrado! Um caf\u00e9 bem montado se torna um ritual que, al\u00e9m de alimentar, conecta pessoas.<\/p>\n<h3>Escolhendo os itens certos<\/h3>\n<figure style=\"width: 1024px\" class=\"wp-caption aligncenter\"><img decoding=\"async\" src=\"https:\/\/www.aarquiteta.com.br\/blog\/wp-content\/uploads\/2025\/04\/mesa-de-cafe-da-manha01.jpg\" alt=\"Mesa de caf\u00e9 da manh\u00e3: 35 ideias para um despertar apaixonante\" width=\"1024\" height=\"1024\" title=\"\"><figcaption class=\"wp-caption-text\">Mesa de caf\u00e9 da manh\u00e3: 35 ideias para um despertar apaixonante<\/figcaption><\/figure>\n<p>Come\u00e7amos nossa jornada com a <b>escolha dos alimentos<\/b>. Al\u00e9m de ser saud\u00e1vel, combine del\u00edcias como p\u00e3es, queijos e frutas. Um bolo suave ou um brownie tamb\u00e9m sempre caem bem! Pense na textura e nas cores que v\u00e3o encantar os olhos de quem vai degustar.<\/p>\n<h3>Apresenta\u00e7\u00e3o \u00e9 tudo<\/h3>\n<figure style=\"width: 1024px\" class=\"wp-caption aligncenter\"><img decoding=\"async\" src=\"https:\/\/www.aarquiteta.com.br\/blog\/wp-content\/uploads\/2025\/04\/mesa-de-cafe-da-manha-00.jpg\" alt=\"Mesa de caf\u00e9 da manh\u00e3 decorada e cheia de alimentos gostosos.\" title=\"\"><figcaption class=\"wp-caption-text\">Mesa de caf\u00e9 da manh\u00e3 decorada e cheia de alimentos gostosos.<\/figcaption><\/figure>\n<p>A disposi\u00e7\u00e3o dos alimentos faz toda a diferen\u00e7a. <b>Usar pratos bonitos<\/b>, talheres que combinem e uma toalha atraente elevam a experi\u00eancia. Voc\u00ea pode at\u00e9 brincar com diferentes alturas, usando suportes ou pratinhos. Um pouco de criatividade aqui pode transformar tudo em arte!<\/p>\n<h3>Detalhes que encantam<\/h3>\n<figure style=\"width: 1024px\" class=\"wp-caption aligncenter\"><img decoding=\"async\" src=\"https:\/\/www.aarquiteta.com.br\/blog\/wp-content\/uploads\/2025\/04\/mesa-de-cafe-da-manha02.jpg\" alt=\"Mesa de caf\u00e9 da manh\u00e3: 35 ideias para um despertar apaixonante\" width=\"1024\" height=\"1024\" title=\"\"><figcaption class=\"wp-caption-text\">Mesa de caf\u00e9 da manh\u00e3: 35 ideias para um despertar apaixonante<\/figcaption><\/figure>\n<p>Alguma vez voc\u00ea j\u00e1 se sentiu atra\u00eddo por uma mesa decorada com flores? <b>Arranjos florais s\u00e3o um charme!<\/b> Escolha flores frescas do seu jardim ou at\u00e9 mesmo algumas folhagens. Isso traz um ar de fresh e acolhedor ao ambiente.<\/p>\n<h3>Cores que fazem a diferen\u00e7a<\/h3>\n<figure style=\"width: 1024px\" class=\"wp-caption aligncenter\"><img decoding=\"async\" src=\"https:\/\/www.aarquiteta.com.br\/blog\/wp-content\/uploads\/2025\/04\/mesa-de-cafe-da-manha-001.jpg\" alt=\"Detalhes que fazem a diferen\u00e7a na decora\u00e7\u00e3o da mesa.\" title=\"\"><figcaption class=\"wp-caption-text\">Detalhes que fazem a diferen\u00e7a na decora\u00e7\u00e3o da mesa.<\/figcaption><\/figure>\n<p>A harmonia das cores \u00e9 super importante. Brinque com <b>paletas que agradam os olhos<\/b>. Tons past\u00e9is passam tranquilidade, enquanto cores vivas trazem energia. Escolha a que melhor se encaixa com o clima que deseja criar pela manh\u00e3!<\/p>\n<table>\n<tr>\n<th>Detalhe<\/th>\n<th>Dica<\/th>\n<\/tr>\n<tr>\n<td>Alimentos<\/td>\n<td>Combine frutas, p\u00e3es e sobremesas deliciosas.<\/td>\n<\/tr>\n<tr>\n<td>Apresenta\u00e7\u00e3o<\/td>\n<td>Use talheres e lou\u00e7as bonitas para destacar a mesa.<\/td>\n<\/tr>\n<tr>\n<td>Flores<\/td>\n<td>Utilize arranjos florais frescos para embelezar o ambiente.<\/td>\n<\/tr>\n<tr>\n<td>Cores<\/td>\n<td>Escolha paletas que transmitam paz ou energia.<\/td>\n<\/tr>\n<\/table>\n<h3>O toque final<\/h3>\n<figure style=\"width: 1024px\" class=\"wp-caption aligncenter\"><img decoding=\"async\" src=\"https:\/\/www.aarquiteta.com.br\/blog\/wp-content\/uploads\/2025\/04\/mesa-de-cafe-da-manha03.jpg\" alt=\"Mesa de caf\u00e9 da manh\u00e3: 35 ideias para um despertar apaixonante\" width=\"1024\" height=\"1024\" title=\"\"><figcaption class=\"wp-caption-text\">Mesa de caf\u00e9 da manh\u00e3: 35 ideias para um despertar apaixonante<\/figcaption><\/figure>\n<p>Por fim, um \u00f3timo caf\u00e9 fresco \u00e9 fundamental. <b>Torne-o especial<\/b> com op\u00e7\u00f5es como cappuccino ou caf\u00e9 com especiarias. Aproveite a ocasi\u00e3o para oferecer um momento de relaxamento e descontra\u00e7\u00e3o.<\/p>\n<h3>Um ritual de afeto<\/h3>\n<figure style=\"width: 1024px\" class=\"wp-caption aligncenter\"><img decoding=\"async\" src=\"https:\/\/www.aarquiteta.com.br\/blog\/wp-content\/uploads\/2025\/04\/mesa-de-cafe-da-manha-1-730x730.jpg\" alt=\"Lou\u00e7as delicadas ou s\u00f3brias para uma decora\u00e7\u00e3o elegante.\" title=\"\"><figcaption class=\"wp-caption-text\">Lou\u00e7as delicadas ou s\u00f3brias para uma decora\u00e7\u00e3o elegante.<\/figcaption><\/figure>\n<p>Transformar o caf\u00e9 da manh\u00e3 em um momento encantador \u00e9 um gesto de carinho. Cada detalhe, desde a escolha dos alimentos at\u00e9 a apresenta\u00e7\u00e3o, reflete amor e aten\u00e7\u00e3o. Agora, n\u00e3o tem mais desculpas para n\u00e3o criar momentos inesquec\u00edveis pela manh\u00e3!<\/p>\n<figure style=\"width: 1024px\" class=\"wp-caption aligncenter\"><img decoding=\"async\" src=\"https:\/\/www.aarquiteta.com.br\/blog\/wp-content\/uploads\/2025\/04\/mesa-de-cafe-da-manha4.jpg\" alt=\"Mesa de caf\u00e9 da manh\u00e3: 35 ideias para um despertar apaixonante\" width=\"1024\" height=\"1024\" title=\"\"><figcaption class=\"wp-caption-text\">Mesa de caf\u00e9 da manh\u00e3: 35 ideias para um despertar apaixonante<\/figcaption><\/figure>\n<figure style=\"width: 1024px\" class=\"wp-caption aligncenter\"><img decoding=\"async\" src=\"https:\/\/www.aarquiteta.com.br\/blog\/wp-content\/uploads\/2025\/04\/mesa-de-cafe-da-manha-02-960x1200.jpg\" alt=\"Jogo americano para uma montagem pr\u00e1tica.\" title=\"\"><figcaption class=\"wp-caption-text\">Jogo americano para uma montagem pr\u00e1tica.<\/figcaption><\/figure>\n<h3>Para se aprofundar mais sobre o tema, veja a minha recomenda\u00e7\u00e3o sobre o tema deste artigo no v\u00eddeo a seguir abaixo:<\/h3>\n<p><iframe title=\"YouTube video player\" src=\"https:\/\/www.youtube.com\/embed\/-F9P_BqhRKU\" width=\"560\" height=\"315\" frameborder=\"0\" allowfullscreen=\"allowfullscreen\"><\/iframe><\/p>\n<figure style=\"width: 1024px\" class=\"wp-caption aligncenter\"><img decoding=\"async\" src=\"https:\/\/www.aarquiteta.com.br\/blog\/wp-content\/uploads\/2025\/04\/mesa-de-cafe-da-manha-03-960x1200.jpg\" alt=\"Disposi\u00e7\u00e3o dos alimentos em cestos e bandejas.\" title=\"\"><figcaption class=\"wp-caption-text\">Disposi\u00e7\u00e3o dos alimentos em cestos e bandejas.<\/figcaption><\/figure>\n","protected":false},"excerpt":{"rendered":"<p>Preparar um caf\u00e9 da manh\u00e3 encantador pode transformar a sua manh\u00e3 em uma experi\u00eancia especial e acolhedora. Vamos l\u00e1! O poder de um caf\u00e9 da manh\u00e3 encantador Voc\u00ea j\u00e1 percebeu como um simples caf\u00e9 da manh\u00e3 pode mudar o humor do dia? \u00c9 o primeiro momento do dia, e isso merece ser celebrado! Um caf\u00e9 [&hellip;]<\/p>\n","protected":false},"author":102,"featured_media":149787,"comment_status":"open","ping_status":"","sticky":false,"template":"","format":"standard","meta":{"footnotes":""},"categories":[1484],"tags":[],"class_list":["post-149797","post","type-post","status-publish","format-standard","has-post-thumbnail","category-decoracao"],"_wp_attached_file":null,"_wp_attachment_metadata":null,"_wp_attachment_context":null,"_wp_attachment_is_custom_header":null,"geo_longitude":null,"geo_public":null,"geo_latitude":null,"_publicize_done_external":null,"_wpas_done_3897181":null,"publicize_twitter_user":null,"_wpas_done_3897175":null,"_wpas_skip_3897181":null,"_wpas_skip_3897175":null,"_wpas_skip_3924723":null,"_wpas_mess":null,"_wpas_done_3924723":null,"wps_subtitle":"","_links":{"self":[{"href":"https:\/\/www.aarquiteta.com.br\/blog\/wp-json\/wp\/v2\/posts\/149797","targetHints":{"allow":["GET"]}}],"collection":[{"href":"https:\/\/www.aarquiteta.com.br\/blog\/wp-json\/wp\/v2\/posts"}],"about":[{"href":"https:\/\/www.aarquiteta.com.br\/blog\/wp-json\/wp\/v2\/types\/post"}],"author":[{"embeddable":true,"href":"https:\/\/www.aarquiteta.com.br\/blog\/wp-json\/wp\/v2\/users\/102"}],"replies":[{"embeddable":true,"href":"https:\/\/www.aarquiteta.com.br\/blog\/wp-json\/wp\/v2\/comments?post=149797"}],"version-history":[{"count":0,"href":"https:\/\/www.aarquiteta.com.br\/blog\/wp-json\/wp\/v2\/posts\/149797\/revisions"}],"wp:featuredmedia":[{"embeddable":true,"href":"https:\/\/www.aarquiteta.com.br\/blog\/wp-json\/wp\/v2\/media\/149787"}],"wp:attachment":[{"href":"https:\/\/www.aarquiteta.com.br\/blog\/wp-json\/wp\/v2\/media?parent=149797"}],"wp:term":[{"taxonomy":"category","embeddable":true,"href":"https:\/\/www.aarquiteta.com.br\/blog\/wp-json\/wp\/v2\/categories?post=149797"},{"taxonomy":"post_tag","embeddable":true,"href":"https:\/\/www.aarquiteta.com.br\/blog\/wp-json\/wp\/v2\/tags?post=149797"}],"curies":[{"name":"wp","href":"https:\/\/api.w.org\/{rel}","templated":true}]}}