{"id":149721,"date":"2025-04-21T19:23:54","date_gmt":"2025-04-21T22:23:54","guid":{"rendered":"https:\/\/www.aarquiteta.com.br\/blog\/cores-para-quarto-masculino\/"},"modified":"2025-04-21T19:23:54","modified_gmt":"2025-04-21T22:23:54","slug":"cores-para-quarto-masculino","status":"publish","type":"post","link":"https:\/\/www.aarquiteta.com.br\/blog\/cores-para-quarto-masculino\/","title":{"rendered":"Descubra as 70 Melhores Cores Para Quartos Masculinos que Transformam o Espa\u00e7o!"},"content":{"rendered":"<p><body><\/p>\n<p>Voc\u00ea sabia que as cores do seu quarto podem mudar tudo? Vamos descobrir as 70 melhores cores para quartos masculinos!<\/p>\n<h3>Por que investir nas cores certas?<\/h3>\n<figure style=\"width: 1024px\" class=\"wp-caption aligncenter\"><img decoding=\"async\" src=\"https:\/\/www.aarquiteta.com.br\/blog\/wp-content\/uploads\/2025\/04\/cores-para-quarto-masculino-01-730x449.png\" alt=\"Cores para um quarto masculino\" title=\"\"><figcaption class=\"wp-caption-text\">Cores para um quarto masculino<\/figcaption><\/figure>\n<p>A escolha das <b>cores<\/b> para o quarto masculino \u00e9 crucial. Elas influenciam a atmosfera, o conforto e at\u00e9 a <b>produtividade<\/b>.<\/p>\n<h3>Definindo seu estilo<\/h3>\n<figure style=\"width: 1024px\" class=\"wp-caption aligncenter\"><img decoding=\"async\" src=\"https:\/\/www.aarquiteta.com.br\/blog\/wp-content\/uploads\/2025\/04\/cores-para-quarto-masculino01.jpg\" alt=\"70 Ideias Para Cores de Quarto Masculino e Dicas de Especialista\" width=\"1024\" height=\"1024\" title=\"\"><figcaption class=\"wp-caption-text\">70 Ideias Para Cores de Quarto Masculino e Dicas de Especialista<\/figcaption><\/figure>\n<p>Primeiro, \u00e9 preciso saber qual estilo voc\u00ea quer. Se voc\u00ea curte algo mais <b>moderno<\/b>, uma paleta de cores s\u00f3brias pode ser ideal. Se prefere algo divertido, cores mais vibrantes s\u00e3o o caminho!<\/p>\n<h3>A import\u00e2ncia do tamanho<\/h3>\n<figure style=\"width: 1024px\" class=\"wp-caption aligncenter\"><img decoding=\"async\" src=\"https:\/\/www.aarquiteta.com.br\/blog\/wp-content\/uploads\/2025\/04\/cores-para-quarto-masculino-000.png\" alt=\"Dicas de cores para um quarto masculino\" title=\"\"><figcaption class=\"wp-caption-text\">Dicas de cores para um quarto masculino<\/figcaption><\/figure>\n<p>Considere o espa\u00e7o dispon\u00edvel. Cores <b>claras<\/b> trazem a sensa\u00e7\u00e3o de amplitude, enquanto cores escuras podem deixar o ambiente mais coeso, mas menores.<\/p>\n<h3>Cores que transmitem sensa\u00e7\u00f5es<\/h3>\n<figure style=\"width: 1024px\" class=\"wp-caption aligncenter\"><img decoding=\"async\" src=\"https:\/\/www.aarquiteta.com.br\/blog\/wp-content\/uploads\/2025\/04\/cores-para-quarto-masculino02.jpg\" alt=\"70 Ideias Para Cores de Quarto Masculino e Dicas de Especialista\" width=\"1024\" height=\"1024\" title=\"\"><figcaption class=\"wp-caption-text\">70 Ideias Para Cores de Quarto Masculino e Dicas de Especialista<\/figcaption><\/figure>\n<p>As cores geram <b>emo\u00e7\u00f5es<\/b>. Um azul calmo pode relaxar, enquanto um vermelho energiza. Escolha de acordo com o que voc\u00ea deseja sentir ao entrar no quarto. E n\u00e3o se esque\u00e7a que cor n\u00e3o tem g\u00eanero!<\/p>\n<h3>A paleta perfeita<\/h3>\n<figure style=\"width: 1024px\" class=\"wp-caption aligncenter\"><img decoding=\"async\" src=\"https:\/\/www.aarquiteta.com.br\/blog\/wp-content\/uploads\/2025\/04\/IMG_3879-100x100.jpg\" alt=\"Foto de quarto colorido\" title=\"\"><figcaption class=\"wp-caption-text\">Foto de quarto colorido<\/figcaption><\/figure>\n<p>Definir uma <b>paleta de cores<\/b> \u00e9 fundamental. Combina\u00e7\u00f5es de tons que se harmonizam criam um visual incr\u00edvel e coeso. Pense em como voc\u00ea pode misturar os seus favoritos.<\/p>\n<table>\n<tr>\n<th>Cor<\/th>\n<th>Significado<\/th>\n<th>Estilo<\/th>\n<\/tr>\n<tr>\n<td>Azul<\/td>\n<td>Calma e tranquilidade<\/td>\n<td>Moderno<\/td>\n<\/tr>\n<tr>\n<td>Verde<\/td>\n<td>Conex\u00e3o com a natureza<\/td>\n<td>R\u00fastico<\/td>\n<\/tr>\n<tr>\n<td>Cinza<\/td>\n<td>Eleg\u00e2ncia e sofistica\u00e7\u00e3o<\/td>\n<td>Industrial<\/td>\n<\/tr>\n<tr>\n<td>Amarelo<\/td>\n<td>Felicidade e alegria<\/td>\n<td>Contempor\u00e2neo<\/td>\n<\/tr>\n<tr>\n<td>Preto<\/td>\n<td>Modernidade e conforto<\/td>\n<td>Minimalista<\/td>\n<\/tr>\n<\/table>\n<h3>Dicas pr\u00e1ticas<\/h3>\n<figure style=\"width: 1024px\" class=\"wp-caption aligncenter\"><img decoding=\"async\" src=\"https:\/\/www.aarquiteta.com.br\/blog\/wp-content\/uploads\/2025\/04\/cores-para-quarto-masculino03.jpg\" alt=\"70 Ideias Para Cores de Quarto Masculino e Dicas de Especialista\" width=\"1024\" height=\"1024\" title=\"\"><figcaption class=\"wp-caption-text\">70 Ideias Para Cores de Quarto Masculino e Dicas de Especialista<\/figcaption><\/figure>\n<p>Na hora de pintar, pense em <b>detalhes<\/b>. Uma parede de destaque pode fazer magia! Utilize quadros para complementar a decora\u00e7\u00e3o e dar vida ao espa\u00e7o.<\/p>\n<h3>A import\u00e2ncia da ilumina\u00e7\u00e3o<\/h3>\n<figure style=\"width: 1024px\" class=\"wp-caption aligncenter\"><img decoding=\"async\" src=\"https:\/\/www.aarquiteta.com.br\/blog\/wp-content\/uploads\/2025\/04\/quarto-colorido-destacada-286x160.jpg\" alt=\"Foto de rack para quarto\" title=\"\"><figcaption class=\"wp-caption-text\">Foto de rack para quarto<\/figcaption><\/figure>\n<p>A ilumina\u00e7\u00e3o pode mudar completamente como as cores aparecem. Um quarto bem iluminado destaca cada tom, enquanto luzes mais suaves criam um ambiente <b>acolhedor<\/b>.<\/p>\n<h3>Finalize com estilo<\/h3>\n<figure style=\"width: 1024px\" class=\"wp-caption aligncenter\"><img decoding=\"async\" src=\"https:\/\/www.aarquiteta.com.br\/blog\/wp-content\/uploads\/2025\/04\/cores-para-quarto-masculino4.jpg\" alt=\"70 Ideias Para Cores de Quarto Masculino e Dicas de Especialista\" width=\"1024\" height=\"1024\" title=\"\"><figcaption class=\"wp-caption-text\">70 Ideias Para Cores de Quarto Masculino e Dicas de Especialista<\/figcaption><\/figure>\n<p>Por fim, as cores do quarto devem representar quem voc\u00ea \u00e9. N\u00e3o tenha medo de ser ousado, escolha o que te deixa <b>feliz<\/b> e confort\u00e1vel!<\/p>\n<p>Explorar o mundo das cores pode ser uma aventura divertida. As combina\u00e7\u00f5es s\u00e3o infinitas e a \u00fanica regra \u00e9: escolha aquilo que fala ao seu cora\u00e7\u00e3o. Vamos l\u00e1, transforme o seu espa\u00e7o!<\/p>\n<p><\/body><br \/>\n<figure style=\"width: 1024px\" class=\"wp-caption aligncenter\"><img decoding=\"async\" src=\"https:\/\/www.aarquiteta.com.br\/blog\/wp-content\/uploads\/2025\/04\/rack-para-quarto-00-286x160.jpg\" alt=\"Modelo de quarto preto decorado\" title=\"\"><figcaption class=\"wp-caption-text\">Modelo de quarto preto decorado<\/figcaption><\/figure>\n<h3>Para se aprofundar mais sobre o tema, veja a minha recomenda\u00e7\u00e3o sobre o tema deste artigo no v\u00eddeo a seguir abaixo:<\/h3>\n<p><iframe title=\"YouTube video player\" src=\"https:\/\/www.youtube.com\/embed\/TK1pFrzxd90\" width=\"560\" height=\"315\" frameborder=\"0\" allowfullscreen=\"allowfullscreen\"><\/iframe><\/p>\n<figure style=\"width: 1024px\" class=\"wp-caption aligncenter\"><img decoding=\"async\" src=\"https:\/\/www.aarquiteta.com.br\/blog\/wp-content\/uploads\/2025\/04\/quarto-preto-49-286x160.jpg\" alt=\"Foto de cores para quarto masculino\" title=\"\"><figcaption class=\"wp-caption-text\">Foto de cores para quarto masculino<\/figcaption><\/figure>\n","protected":false},"excerpt":{"rendered":"<p>Voc\u00ea sabia que as cores do seu quarto podem mudar tudo? Vamos descobrir as 70 melhores cores para quartos masculinos! Por que investir nas cores certas? A escolha das cores para o quarto masculino \u00e9 crucial. Elas influenciam a atmosfera, o conforto e at\u00e9 a produtividade. Definindo seu estilo Primeiro, \u00e9 preciso saber qual estilo [&hellip;]<\/p>\n","protected":false},"author":102,"featured_media":149715,"comment_status":"open","ping_status":"","sticky":false,"template":"","format":"standard","meta":{"footnotes":""},"categories":[1484],"tags":[],"class_list":["post-149721","post","type-post","status-publish","format-standard","has-post-thumbnail","category-decoracao"],"_wp_attached_file":null,"_wp_attachment_metadata":null,"_wp_attachment_context":null,"_wp_attachment_is_custom_header":null,"geo_longitude":null,"geo_public":null,"geo_latitude":null,"_publicize_done_external":null,"_wpas_done_3897181":null,"publicize_twitter_user":null,"_wpas_done_3897175":null,"_wpas_skip_3897181":null,"_wpas_skip_3897175":null,"_wpas_skip_3924723":null,"_wpas_mess":null,"_wpas_done_3924723":null,"wps_subtitle":"","_links":{"self":[{"href":"https:\/\/www.aarquiteta.com.br\/blog\/wp-json\/wp\/v2\/posts\/149721","targetHints":{"allow":["GET"]}}],"collection":[{"href":"https:\/\/www.aarquiteta.com.br\/blog\/wp-json\/wp\/v2\/posts"}],"about":[{"href":"https:\/\/www.aarquiteta.com.br\/blog\/wp-json\/wp\/v2\/types\/post"}],"author":[{"embeddable":true,"href":"https:\/\/www.aarquiteta.com.br\/blog\/wp-json\/wp\/v2\/users\/102"}],"replies":[{"embeddable":true,"href":"https:\/\/www.aarquiteta.com.br\/blog\/wp-json\/wp\/v2\/comments?post=149721"}],"version-history":[{"count":0,"href":"https:\/\/www.aarquiteta.com.br\/blog\/wp-json\/wp\/v2\/posts\/149721\/revisions"}],"wp:featuredmedia":[{"embeddable":true,"href":"https:\/\/www.aarquiteta.com.br\/blog\/wp-json\/wp\/v2\/media\/149715"}],"wp:attachment":[{"href":"https:\/\/www.aarquiteta.com.br\/blog\/wp-json\/wp\/v2\/media?parent=149721"}],"wp:term":[{"taxonomy":"category","embeddable":true,"href":"https:\/\/www.aarquiteta.com.br\/blog\/wp-json\/wp\/v2\/categories?post=149721"},{"taxonomy":"post_tag","embeddable":true,"href":"https:\/\/www.aarquiteta.com.br\/blog\/wp-json\/wp\/v2\/tags?post=149721"}],"curies":[{"name":"wp","href":"https:\/\/api.w.org\/{rel}","templated":true}]}}