{"id":14969,"date":"2021-12-20T18:00:55","date_gmt":"2021-12-20T21:00:55","guid":{"rendered":"http:\/\/aarquiteta.com.br\/?p=14969"},"modified":"2025-02-15T10:55:44","modified_gmt":"2025-02-15T13:55:44","slug":"inhotim","status":"publish","type":"post","link":"https:\/\/www.aarquiteta.com.br\/blog\/inhotim\/","title":{"rendered":"Inhotim:  Arte contempor\u00e2nea, arquitetura e conex\u00e3o com a natureza!"},"content":{"rendered":"<p align=\"justify\">Inhotim: Arte contempor\u00e2nea, <a href=\"https:\/\/www.aarquiteta.com.br\/blog\/?s=ARQUITETURA\">arquitetura<\/a> e conex\u00e3o com a natureza!<\/p><p align=\"justify\">Quem se aventura pela terra do p\u00e3o de queijo n\u00e3o pode deixar de fora do roteiro um passeio pelo belo e famoso Inhotim.<\/p><p align=\"justify\">O lugar \u00e9 sede de um dos acervos mais importantes de arte contempor\u00e2nea do Brasil e tamb\u00e9m \u00e9 o maior centro de arte ao ar livre da Am\u00e9rica Latina.<\/p><p align=\"justify\">Em Inhotim, a arte e a arquitetura misturam-se com a natureza, criando uma conex\u00e3o e uma harmonia indescrit\u00edveis.<\/p><figure id=\"attachment_14976\" aria-describedby=\"caption-attachment-14976\" style=\"width: 2000px\" class=\"wp-caption aligncenter\"><a href=\"https:\/\/www.aarquiteta.com.br\/blog\/wp-content\/uploads\/2018\/11\/arquitetura-inhotim-a-arquiteta-2.jpg\"><img decoding=\"async\" class=\"wp-image-14976 size-full\" src=\"https:\/\/www.aarquiteta.com.br\/blog\/wp-content\/uploads\/2018\/11\/arquitetura-inhotim-a-arquiteta-2.jpg\" alt=\"\" width=\"2000\" height=\"1330\" title=\"\" srcset=\"https:\/\/www.aarquiteta.com.br\/blog\/wp-content\/uploads\/2018\/11\/arquitetura-inhotim-a-arquiteta-2.jpg 2000w, https:\/\/www.aarquiteta.com.br\/blog\/wp-content\/uploads\/2018\/11\/arquitetura-inhotim-a-arquiteta-2-1024x681.jpg 1024w, https:\/\/www.aarquiteta.com.br\/blog\/wp-content\/uploads\/2018\/11\/arquitetura-inhotim-a-arquiteta-2-696x463.jpg 696w, https:\/\/www.aarquiteta.com.br\/blog\/wp-content\/uploads\/2018\/11\/arquitetura-inhotim-a-arquiteta-2-150x100.jpg 150w\" sizes=\"(max-width: 2000px) 100vw, 2000px\" \/><\/a><figcaption id=\"caption-attachment-14976\" class=\"wp-caption-text\">Imagem: catracalivre.com.br<\/figcaption><\/figure><h2>Inhotim: Arte contempor\u00e2nea, arquitetura e conex\u00e3o com a natureza!<\/h2><h2 align=\"justify\">+ O que \u00e9 o Inhotim<\/h2><p align=\"justify\">O Instituto Inhotim \u00e9 uma OSCIP (Organiza\u00e7\u00e3o da Sociedade Civil de Interesse P\u00fablico).<\/p><p align=\"justify\">Ele foi idealizado por Bernardo de Mello Paz, empres\u00e1rio mineiro, na d\u00e9cada de 1980.<\/p><p align=\"justify\">Aos poucos, o lugar foi se tornando um acervo de arte contempor\u00e2nea e tamb\u00e9m uma cole\u00e7\u00e3o biol\u00f3gica, com esp\u00e9cies raras do mundo todo.<\/p><figure id=\"attachment_14974\" aria-describedby=\"caption-attachment-14974\" style=\"width: 1571px\" class=\"wp-caption aligncenter\"><a href=\"https:\/\/www.aarquiteta.com.br\/blog\/wp-content\/uploads\/2018\/11\/arquitetura-inhotim-a-arquiteta-4.jpg\"><img decoding=\"async\" class=\"wp-image-14974 size-full\" src=\"https:\/\/www.aarquiteta.com.br\/blog\/wp-content\/uploads\/2018\/11\/arquitetura-inhotim-a-arquiteta-4.jpg\" alt=\"\" width=\"1571\" height=\"838\" title=\"\" srcset=\"https:\/\/www.aarquiteta.com.br\/blog\/wp-content\/uploads\/2018\/11\/arquitetura-inhotim-a-arquiteta-4.jpg 1571w, https:\/\/www.aarquiteta.com.br\/blog\/wp-content\/uploads\/2018\/11\/arquitetura-inhotim-a-arquiteta-4-1024x546.jpg 1024w, https:\/\/www.aarquiteta.com.br\/blog\/wp-content\/uploads\/2018\/11\/arquitetura-inhotim-a-arquiteta-4-696x371.jpg 696w, https:\/\/www.aarquiteta.com.br\/blog\/wp-content\/uploads\/2018\/11\/arquitetura-inhotim-a-arquiteta-4-150x80.jpg 150w\" sizes=\"(max-width: 1571px) 100vw, 1571px\" \/><\/a><figcaption id=\"caption-attachment-14974\" class=\"wp-caption-text\">Imagem: carpemundi.com.br<\/figcaption><\/figure><p align=\"justify\">Embora muitos acreditem que Inhotim fica em Belo Horizonte, a verdade \u00e9 que ele se localiza no munic\u00edpio de Brumadinho, que faz parte da regi\u00e3o metropolitana da capital mineira. A viagem n\u00e3o \u00e9 longa e compensa o passeio.<\/p><p align=\"justify\">Em 2002, foi fundado o Instituto Cultural Inhotim, sem fins lucrativos, voltado para a conserva\u00e7\u00e3o, exposi\u00e7\u00e3o e produ\u00e7\u00e3o de trabalhos contempor\u00e2neos de arte e com a\u00e7\u00f5es educativas e sociais.<\/p><p align=\"justify\">As visitas pr\u00e9-agendadas come\u00e7aram em 2005 e, em 2006, foi aberto ao grande p\u00fablico.<\/p><p align=\"justify\">O reconhecimento como uma OSCIP, dado pelo Governo de Minas Gerais, aconteceu em 2008.<\/p><p align=\"justify\">No ano seguinte, recebeu o mesmo reconhecimento do Governo Federal.<\/p><p align=\"justify\">O Inhotim recebeu o t\u00edtulo de <a href=\"https:\/\/www.aarquiteta.com.br\/blog\/casa-e-jardim\/\" class=\"ilj-generated-link\">Jardim<\/a> Bot\u00e2nico em 2010, pela Comiss\u00e3o Nacional de Jardins Bot\u00e2nicos.<\/p><p align=\"justify\">O marco de 2 milh\u00f5es de visitantes ocorreu em 2015.<\/p><p align=\"justify\">Reza a lenda que o local era uma mineradora e o respons\u00e1vel chamava-se Timothy. O \u201cSenhor Tim\u201d virou \u201cNh\u00f4 Tim\u201d e, da\u00ed, foi um pulo para o mineir\u00eas dar origem ao \u201cInhotim\u201d.<\/p><figure id=\"attachment_14972\" aria-describedby=\"caption-attachment-14972\" style=\"width: 1000px\" class=\"wp-caption aligncenter\"><a href=\"https:\/\/www.aarquiteta.com.br\/blog\/wp-content\/uploads\/2018\/11\/arquitetura-inhotim-a-arquiteta-6.jpg\"><img decoding=\"async\" class=\"wp-image-14972 size-full\" src=\"https:\/\/www.aarquiteta.com.br\/blog\/wp-content\/uploads\/2018\/11\/arquitetura-inhotim-a-arquiteta-6.jpg\" alt=\"Inhotim\" width=\"1000\" height=\"573\" title=\"\" srcset=\"https:\/\/www.aarquiteta.com.br\/blog\/wp-content\/uploads\/2018\/11\/arquitetura-inhotim-a-arquiteta-6.jpg 1000w, https:\/\/www.aarquiteta.com.br\/blog\/wp-content\/uploads\/2018\/11\/arquitetura-inhotim-a-arquiteta-6-696x399.jpg 696w, https:\/\/www.aarquiteta.com.br\/blog\/wp-content\/uploads\/2018\/11\/arquitetura-inhotim-a-arquiteta-6-150x86.jpg 150w\" sizes=\"(max-width: 1000px) 100vw, 1000px\" \/><\/a><figcaption id=\"caption-attachment-14972\" class=\"wp-caption-text\">Imagem: istoe.com.br<\/figcaption><\/figure><h2 align=\"justify\">Jardim Bot\u00e2nico<\/h2><p align=\"justify\">Ao longo do Inhotim, h\u00e1 v\u00e1rios <a href=\"https:\/\/www.aarquiteta.com.br\/blog\/design-de-interiores\/como-fazer-um-jardim-vertical\/\" target=\"_blank\" rel=\"noopener\">jardins<\/a> para contempla\u00e7\u00e3o.<\/p><p align=\"justify\">Com um <a href=\"https:\/\/www.aarquiteta.com.br\/blog\/casa-e-jardim\/paisagismo\/\" class=\"ilj-generated-link\">paisagismo<\/a> singular, cada um deles explora a est\u00e9tica que a cole\u00e7\u00e3o bot\u00e2nica oferece.<\/p><p align=\"justify\">Al\u00e9m de ser um local de contempla\u00e7\u00e3o incr\u00edvel, os jardins tamb\u00e9m s\u00e3o usados para estudos da flora, cataloga\u00e7\u00e3o de novas esp\u00e9cies, conserva\u00e7\u00e3o e a\u00e7\u00f5es de educa\u00e7\u00e3o ambiental.<\/p><p align=\"justify\">A cole\u00e7\u00e3o bot\u00e2nica \u00e9 grande e com uma diversidade incr\u00edvel.<\/p><p align=\"justify\">S\u00e3o aproximadamente 5.000 esp\u00e9cies de plantas.<\/p><p align=\"justify\">No site do Instituto, \u00e9 poss\u00edvel encontrar as dicas para os destaques bot\u00e2nicos, que s\u00e3o as plantas que merecem ser conhecidas na visita.<\/p><p align=\"justify\">A lista inclui ip\u00eas, pau-brasil, palmeiras e outros.<\/p><p align=\"justify\">H\u00e1, ainda, plantas carn\u00edvoras, orqu\u00eddeas, plantas medicinais, arom\u00e1ticas, aqu\u00e1ticas e outras.<\/p><p align=\"justify\">Uma planta que chama aten\u00e7\u00e3o \u00e9 a flor-cad\u00e1ver.<\/p><p align=\"justify\">Nativa da Indon\u00e9sia, ela floresceu em 2010 e 2012 e liberou seu exc\u00eantrico odor de podrid\u00e3o, atraindo v\u00e1rios turistas. Isso s\u00f3 acontece, em m\u00e9dia, tr\u00eas vezes durante o tempo de vida da planta.<\/p><p align=\"justify\">No quesito paisagismo, os jardins bot\u00e2nicos do Inhotim possuem padr\u00f5es est\u00e9ticos com o objetivo de sensibilizar sobre a import\u00e2ncia da biodiversidade.<\/p><p align=\"justify\">N\u00e3o h\u00e1 um estilo \u00fanico e v\u00e1rios paisagistas j\u00e1 contribu\u00edram para construir os ambientes, incluindo Pedro Nehring e Luiz Carlos Orsini.<\/p><figure id=\"attachment_14978\" aria-describedby=\"caption-attachment-14978\" style=\"width: 1920px\" class=\"wp-caption aligncenter\"><a href=\"https:\/\/www.aarquiteta.com.br\/blog\/wp-content\/uploads\/2018\/11\/arquitetura-inhotim-a-arquiteta-9.jpg\"><img decoding=\"async\" class=\"wp-image-14978 size-full\" src=\"https:\/\/www.aarquiteta.com.br\/blog\/wp-content\/uploads\/2018\/11\/arquitetura-inhotim-a-arquiteta-9.jpg\" alt=\"\" width=\"1920\" height=\"1080\" title=\"\" srcset=\"https:\/\/www.aarquiteta.com.br\/blog\/wp-content\/uploads\/2018\/11\/arquitetura-inhotim-a-arquiteta-9.jpg 1920w, https:\/\/www.aarquiteta.com.br\/blog\/wp-content\/uploads\/2018\/11\/arquitetura-inhotim-a-arquiteta-9-1024x576.jpg 1024w, https:\/\/www.aarquiteta.com.br\/blog\/wp-content\/uploads\/2018\/11\/arquitetura-inhotim-a-arquiteta-9-696x392.jpg 696w, https:\/\/www.aarquiteta.com.br\/blog\/wp-content\/uploads\/2018\/11\/arquitetura-inhotim-a-arquiteta-9-150x84.jpg 150w\" sizes=\"(max-width: 1920px) 100vw, 1920px\" \/><\/a><figcaption id=\"caption-attachment-14978\" class=\"wp-caption-text\">Imagem: inhotim.org.br<\/figcaption><\/figure><p align=\"justify\">H\u00e1, ainda, um viveiro educador.<\/p><p align=\"justify\">L\u00e1 s\u00e3o realizadas atividades como manuten\u00e7\u00e3o do acervo bot\u00e2nico, pesquisa, conserva\u00e7\u00e3o e educa\u00e7\u00e3o ambiental.<\/p><p align=\"justify\">H\u00e1 4 ambientes: trilha dos Guig\u00f3s, Jardim dos Sentidos, a Estufa Equatorial e o Bosque da Ju\u00e7ara. Cada um possui peculiaridades que oferece ao visitante um passeio harmonioso e incr\u00edvel.<\/p><h2 align=\"justify\">Arte contempor\u00e2nea<\/h2><p align=\"justify\">Espalhados pela enorme \u00e1rea do Instituto Inhotim, h\u00e1 v\u00e1rios pavilh\u00f5es e galerias que oferecem experi\u00eancias diversas.<\/p><p align=\"justify\">O intuito \u00e9 o de reflex\u00e3o sobre as quest\u00f5es contempor\u00e2neas.<\/p><p align=\"justify\">H\u00e1 v\u00e1rias <a href=\"https:\/\/www.aarquiteta.com.br\/blog\/cursos-de-arquitetura-e-decoracao\/curso-de-gerenciamento-de-obras\">obras<\/a> e galerias que s\u00e3o permanentes.<\/p><p align=\"justify\">No site do Instituto, \u00e9 poss\u00edvel escolher pelo artista e\/ou pelo ano ou escolher de modo geral.<\/p><p align=\"justify\">Um dos locais mais famosos (e que pode ter uma fila enorme para visitar) \u00e9 a <a href=\"https:\/\/www.aarquiteta.com.br\/blog\/cursos-de-arquitetura-e-decoracao\/curso-de-gerenciamento-de-obras\">obra<\/a> Desvio para o vermelho: Impregna\u00e7\u00e3o, Entorno, Desvio.<\/p><p align=\"justify\">Ela \u00e9 do artista Cildo Meireles e consiste em tr\u00eas ambientes (Impregna\u00e7\u00e3o, Entorno e Desvio) decorados com objetos vermelhos com um imenso significado e interpreta\u00e7\u00e3o sensorial (<em>sem spoilers, voc\u00ea precisa visitar o ambiente para tirar suas pr\u00f3prias conclus\u00f5es<\/em>).<\/p><figure id=\"attachment_14970\" aria-describedby=\"caption-attachment-14970\" style=\"width: 1500px\" class=\"wp-caption aligncenter\"><a href=\"https:\/\/www.aarquiteta.com.br\/blog\/wp-content\/uploads\/2018\/11\/arquitetura-inhotim-a-arquiteta-8.jpg\"><img decoding=\"async\" class=\"wp-image-14970 size-full\" src=\"https:\/\/www.aarquiteta.com.br\/blog\/wp-content\/uploads\/2018\/11\/arquitetura-inhotim-a-arquiteta-8.jpg\" alt=\"Inhotim\" width=\"1500\" height=\"844\" title=\"\" srcset=\"https:\/\/www.aarquiteta.com.br\/blog\/wp-content\/uploads\/2018\/11\/arquitetura-inhotim-a-arquiteta-8.jpg 1500w, https:\/\/www.aarquiteta.com.br\/blog\/wp-content\/uploads\/2018\/11\/arquitetura-inhotim-a-arquiteta-8-1024x576.jpg 1024w, https:\/\/www.aarquiteta.com.br\/blog\/wp-content\/uploads\/2018\/11\/arquitetura-inhotim-a-arquiteta-8-696x392.jpg 696w, https:\/\/www.aarquiteta.com.br\/blog\/wp-content\/uploads\/2018\/11\/arquitetura-inhotim-a-arquiteta-8-150x84.jpg 150w\" sizes=\"(max-width: 1500px) 100vw, 1500px\" \/><\/a><figcaption id=\"caption-attachment-14970\" class=\"wp-caption-text\">Imagem: viajantecomum.com<\/figcaption><\/figure><h2>Inhotim: Arte contempor\u00e2nea, arquitetura e conex\u00e3o com a natureza!<\/h2><h2 align=\"justify\">Explorando o Inhotim<\/h2><p align=\"justify\">No Inhotim, \u00e9 preciso liberar o corpo e a mente para sentir as experi\u00eancias que s\u00e3o oferecidas.<\/p><p align=\"justify\">Caminhar ao longo de uma trilha, em contato com a natureza, descobrindo as galerias e experimentando as diferentes sensa\u00e7\u00f5es, proporciona uma visita incr\u00edvel.<\/p><p align=\"justify\">Se voc\u00ea planeja visitar todo o lugar em um dia, pode tirar o cavalinho da chuva.<\/p><p align=\"justify\">O percurso \u00e9 praticamente imposs\u00edvel e n\u00e3o resultaria na experi\u00eancia que o local oferece.<\/p><p align=\"justify\">A dica \u00e9: consulte o mapa (que \u00e9 distribu\u00eddo na recep\u00e7\u00e3o e tamb\u00e9m est\u00e1 no site) as trilhas que pretende seguir antes de come\u00e7ar.<\/p><p align=\"justify\">Caso contr\u00e1rio, a n\u00e3o ser que voc\u00ea alugue um carrinho, ser\u00e1 um trabalho enorme visitar ambientes que s\u00e3o muito distantes. Tamb\u00e9m vale checar a programa\u00e7\u00e3o, que muda.<\/p><figure id=\"attachment_14971\" aria-describedby=\"caption-attachment-14971\" style=\"width: 800px\" class=\"wp-caption aligncenter\"><a href=\"https:\/\/www.aarquiteta.com.br\/blog\/wp-content\/uploads\/2018\/11\/arquitetura-inhotim-a-arquiteta-7.png\"><img decoding=\"async\" class=\"wp-image-14971 size-full\" src=\"https:\/\/www.aarquiteta.com.br\/blog\/wp-content\/uploads\/2018\/11\/arquitetura-inhotim-a-arquiteta-7.png\" alt=\"Inhotim\" width=\"800\" height=\"578\" title=\"\" srcset=\"https:\/\/www.aarquiteta.com.br\/blog\/wp-content\/uploads\/2018\/11\/arquitetura-inhotim-a-arquiteta-7.png 800w, https:\/\/www.aarquiteta.com.br\/blog\/wp-content\/uploads\/2018\/11\/arquitetura-inhotim-a-arquiteta-7-696x503.png 696w, https:\/\/www.aarquiteta.com.br\/blog\/wp-content\/uploads\/2018\/11\/arquitetura-inhotim-a-arquiteta-7-150x108.png 150w\" sizes=\"(max-width: 800px) 100vw, 800px\" \/><\/a><figcaption id=\"caption-attachment-14971\" class=\"wp-caption-text\">Imagem: nacoesunidas.org<\/figcaption><\/figure><p align=\"justify\">Outra dica valiosa \u00e9: prepare a c\u00e2mera. Para quem gosta de capturar momentos \u00fanicos e harmoniosos, o Inhotim \u00e9 o ambiente perfeito.<\/p><p align=\"justify\">H\u00e1, ainda, restaurantes e caf\u00e9s ao longo dos percursos. Uma \u00f3tima oportunidade para quem gosta de comida mineira.<\/p><figure id=\"attachment_14977\" aria-describedby=\"caption-attachment-14977\" style=\"width: 1200px\" class=\"wp-caption aligncenter\"><a href=\"https:\/\/www.aarquiteta.com.br\/blog\/wp-content\/uploads\/2018\/11\/arquitetura-inhotim-a-arquiteta-1.jpg\"><img decoding=\"async\" class=\"wp-image-14977 size-full\" src=\"https:\/\/www.aarquiteta.com.br\/blog\/wp-content\/uploads\/2018\/11\/arquitetura-inhotim-a-arquiteta-1.jpg\" alt=\"Inhotim\" width=\"1200\" height=\"800\" title=\"\" srcset=\"https:\/\/www.aarquiteta.com.br\/blog\/wp-content\/uploads\/2018\/11\/arquitetura-inhotim-a-arquiteta-1.jpg 1200w, https:\/\/www.aarquiteta.com.br\/blog\/wp-content\/uploads\/2018\/11\/arquitetura-inhotim-a-arquiteta-1-1024x683.jpg 1024w, https:\/\/www.aarquiteta.com.br\/blog\/wp-content\/uploads\/2018\/11\/arquitetura-inhotim-a-arquiteta-1-696x464.jpg 696w, https:\/\/www.aarquiteta.com.br\/blog\/wp-content\/uploads\/2018\/11\/arquitetura-inhotim-a-arquiteta-1-150x100.jpg 150w\" sizes=\"(max-width: 1200px) 100vw, 1200px\" \/><\/a><figcaption id=\"caption-attachment-14977\" class=\"wp-caption-text\">Imagem: melhoresdestinos.com.br<\/figcaption><\/figure><h3 align=\"justify\">Para visitar<\/h3><p align=\"justify\">S\u00e3o, aproximadamente, 60km de dist\u00e2ncia de Belo Horizonte at\u00e9 Inhotim.<\/p><p align=\"justify\">H\u00e1 \u00f4nibus e vans que fazem o trajeto, caso voc\u00ea n\u00e3o queira ir de carro particular.<\/p><p align=\"justify\">O site do Instituto oferece orienta\u00e7\u00f5es sobre como chegar.<\/p><p align=\"justify\">O Inhotim funciona de ter\u00e7a a domingo, com hor\u00e1rios que podem variar dependendo da programa\u00e7\u00e3o.<\/p><p align=\"justify\">A entrada \u00e9 gratuita \u00e0s quartas e, durante os outros dias, h\u00e1 a op\u00e7\u00e3o de meia.<\/p><p align=\"justify\">O recomendado \u00e9 consultar os valores no site, j\u00e1 que eles podem sofrer reajuste com o passar do tempo.<\/p><p align=\"justify\">L\u00e1 tamb\u00e9m est\u00e1 o pre\u00e7o do carrinho que pode ser alugado. Por\u00e9m, at\u00e9 o pr\u00f3prio Inhotim recomenda que a visita seja feita a p\u00e9, para aproveitar de verdade.<\/p><p align=\"justify\">Assim, a dica final \u00e9: quando visitar o Instituto Inhotim, lembre-se de ir com a mente aberta a novas experi\u00eancias, a sentir tudo que a harmonia entre a arte, a arquitetura, o paisagismo e a natureza oferecem.<\/p><p align=\"justify\">Inspire-se e renove-se!<\/p><figure id=\"attachment_14973\" aria-describedby=\"caption-attachment-14973\" style=\"width: 960px\" class=\"wp-caption aligncenter\"><a href=\"https:\/\/www.aarquiteta.com.br\/blog\/wp-content\/uploads\/2018\/11\/arquitetura-inhotim-a-arquiteta-5.jpg\"><img decoding=\"async\" class=\"wp-image-14973 size-full\" src=\"https:\/\/www.aarquiteta.com.br\/blog\/wp-content\/uploads\/2018\/11\/arquitetura-inhotim-a-arquiteta-5.jpg\" alt=\"Inhotim\" width=\"960\" height=\"640\" title=\"\" srcset=\"https:\/\/www.aarquiteta.com.br\/blog\/wp-content\/uploads\/2018\/11\/arquitetura-inhotim-a-arquiteta-5.jpg 960w, https:\/\/www.aarquiteta.com.br\/blog\/wp-content\/uploads\/2018\/11\/arquitetura-inhotim-a-arquiteta-5-696x464.jpg 696w, https:\/\/www.aarquiteta.com.br\/blog\/wp-content\/uploads\/2018\/11\/arquitetura-inhotim-a-arquiteta-5-150x100.jpg 150w\" sizes=\"(max-width: 960px) 100vw, 960px\" \/><\/a><figcaption id=\"caption-attachment-14973\" class=\"wp-caption-text\">Imagem: exame.abril.com.br<\/figcaption><\/figure><p align=\"justify\"><em>Refer\u00eancias: Inhotim; <a href=\"http:\/\/www.inhotim.org.br\/inhotim\/arte-contemporanea\/\" target=\"_blank\" rel=\"noopener\">Blog Inhotim<\/a>.<\/em><\/p><h3><strong>E a\u00ed, gostou do artigo?<\/strong><\/h3><p><span id=\"Entao_compartilhe_com_os_amigos\" class=\"ez-toc-section\"><\/span><span id=\"Entao_compartilhe_com_os_amigos\" class=\"ez-toc-section\"><\/span><strong>Ent\u00e3o compartilhe com os amigos!<\/strong><\/p><p>Em fim, n\u00e3o se esque\u00e7a de me deixar saber nos coment\u00e1rios o que voc\u00ea achou do artigo.<\/p><p>At\u00e9 a pr\u00f3xima dica!<\/p><h3><span id=\"%E2%96%BAVeja_mais_dicas_em\" class=\"ez-toc-section\"><\/span><span id=\"%E2%96%BAVeja_mais_dicas_em\" class=\"ez-toc-section\"><\/span>\u25baVeja mais dicas em:<\/h3><p>Quer mais dicas ent\u00e3o confira alguns dos nossos artigos sobre:<\/p><ul><li><a href=\"https:\/\/www.aarquiteta.com.br\/decoracao\/\" target=\"_blank\" rel=\"noopener\">Decora\u00e7\u00e3o<\/a><\/li><li><a href=\"https:\/\/www.aarquiteta.com.br\/blog\/paisagismo\/\" target=\"_blank\" rel=\"noopener\">Casa e Jardim<\/a><\/li><li><a href=\"https:\/\/www.aarquiteta.com.br\/blog\/arquitetura\/mundo-arquitetura\/\" target=\"_blank\" rel=\"noopener\">Mundo Arquitetura<\/a><\/li><\/ul><h3><span id=\"%E2%96%BA_Siga-nos_nas_redes_sociais\" class=\"ez-toc-section\"><\/span><span id=\"%E2%96%BA_Siga-nos_nas_redes_sociais\" class=\"ez-toc-section\"><\/span>\u25ba Siga-nos nas redes sociais:<\/h3><p>Al\u00e9m disso, confira nossas redes sociais, siga-nos em:<\/p><ul><li><a href=\"https:\/\/br.pinterest.com\/aarquitetapinterest\/_created\/\" target=\"_blank\" rel=\"noopener\">Pinterest<\/a><\/li><li>Facebook<\/li><li><a href=\"https:\/\/www.instagram.com\/aarquitetablog\" target=\"_blank\" rel=\"noopener\">Instagram<\/a><\/li><li><a href=\"https:\/\/www.tiktok.com\/@aarquiteta_oficial?lang=pt-BR\" target=\"_blank\" rel=\"noopener\">Tiktok<\/a><\/li><\/ul><h3><\/h3>","protected":false},"excerpt":{"rendered":"<p>Inhotim: Arte contempor\u00e2nea, arquitetura e conex\u00e3o com a natureza!Quem se aventura pela terra do p\u00e3o de queijo n\u00e3o pode deixar de fora do roteiro um passeio pelo belo e famoso Inhotim.O lugar \u00e9 sede de um dos acervos mais importantes de arte contempor\u00e2nea do Brasil e tamb\u00e9m \u00e9 o maior centro de arte ao ar [&hellip;]<\/p>\n","protected":false},"author":102,"featured_media":14975,"comment_status":"closed","ping_status":"closed","sticky":false,"template":"","format":"standard","meta":{"footnotes":""},"categories":[996],"tags":[1151,1141,1156,1158,1149,1153,1150,1154,1157,1155,1152,509],"class_list":["post-14969","post","type-post","status-publish","format-standard","has-post-thumbnail","category-viagens","tag-arte-contemporanea","tag-belo-horizonte","tag-brumadinho","tag-galerias-de-arte","tag-inhotim","tag-inhotim-e-arquitetura","tag-instituto-inhotim","tag-jardim-botanico","tag-jardins","tag-minas-gerais","tag-museu-inhotim","tag-paisagismo"],"_wp_attached_file":null,"_wp_attachment_metadata":null,"_wp_attachment_context":null,"_wp_attachment_is_custom_header":null,"geo_longitude":null,"geo_public":null,"geo_latitude":null,"_publicize_done_external":null,"_wpas_done_3897181":null,"publicize_twitter_user":null,"_wpas_done_3897175":null,"_wpas_skip_3897181":null,"_wpas_skip_3897175":null,"_wpas_skip_3924723":null,"_wpas_mess":null,"_wpas_done_3924723":null,"wps_subtitle":"Saiba tudo o que acontece na Arquitetura pelo mundo afora!","_links":{"self":[{"href":"https:\/\/www.aarquiteta.com.br\/blog\/wp-json\/wp\/v2\/posts\/14969","targetHints":{"allow":["GET"]}}],"collection":[{"href":"https:\/\/www.aarquiteta.com.br\/blog\/wp-json\/wp\/v2\/posts"}],"about":[{"href":"https:\/\/www.aarquiteta.com.br\/blog\/wp-json\/wp\/v2\/types\/post"}],"author":[{"embeddable":true,"href":"https:\/\/www.aarquiteta.com.br\/blog\/wp-json\/wp\/v2\/users\/102"}],"replies":[{"embeddable":true,"href":"https:\/\/www.aarquiteta.com.br\/blog\/wp-json\/wp\/v2\/comments?post=14969"}],"version-history":[{"count":0,"href":"https:\/\/www.aarquiteta.com.br\/blog\/wp-json\/wp\/v2\/posts\/14969\/revisions"}],"wp:featuredmedia":[{"embeddable":true,"href":"https:\/\/www.aarquiteta.com.br\/blog\/wp-json\/wp\/v2\/media\/14975"}],"wp:attachment":[{"href":"https:\/\/www.aarquiteta.com.br\/blog\/wp-json\/wp\/v2\/media?parent=14969"}],"wp:term":[{"taxonomy":"category","embeddable":true,"href":"https:\/\/www.aarquiteta.com.br\/blog\/wp-json\/wp\/v2\/categories?post=14969"},{"taxonomy":"post_tag","embeddable":true,"href":"https:\/\/www.aarquiteta.com.br\/blog\/wp-json\/wp\/v2\/tags?post=14969"}],"curies":[{"name":"wp","href":"https:\/\/api.w.org\/{rel}","templated":true}]}}