{"id":149663,"date":"2025-04-21T16:21:28","date_gmt":"2025-04-21T19:21:28","guid":{"rendered":"https:\/\/www.aarquiteta.com.br\/blog\/expectativas-da-formacao-em-arquitetura-no-mercado-de-trabalho\/"},"modified":"2025-04-21T16:21:28","modified_gmt":"2025-04-21T19:21:28","slug":"expectativas-da-formacao-em-arquitetura-no-mercado-de-trabalho","status":"publish","type":"post","link":"https:\/\/www.aarquiteta.com.br\/blog\/expectativas-da-formacao-em-arquitetura-no-mercado-de-trabalho\/","title":{"rendered":"Expectativas da Forma\u00e7\u00e3o em Arquitetura no Mercado de Trabalho"},"content":{"rendered":"<p>Depois da forma\u00e7\u00e3o em arquitetura, muitos profissionais enfrentam uma realidade diferente no mercado de trabalho. Quais s\u00e3o as principais expectativas?<\/p>\n<h3>Quando a Teoria Encontra a Pr\u00e1tica<\/h3>\n<img decoding=\"async\" src=\"\" alt=\"\" title=\"\">\n<p>Voc\u00ea j\u00e1 parou para pensar <b>como a forma\u00e7\u00e3o acad\u00eamica<\/b> em arquitetura e a pr\u00e1tica profissional t\u00eam suas diferen\u00e7as? Ao ingressar no mercado, muitos jovens arquitetos percebem que as habilidades adquiridas na faculdade nem sempre se traduzem diretamente em desafios do dia a dia. Essa desconex\u00e3o gera questionamentos. Teriam eles realmente se preparado para o que est\u00e1 por vir?<\/p>\n<p>No ambiente acad\u00eamico, a \u00eanfase est\u00e1 na teoria e no design criativo. No entanto, a realidade do mercado pede <b>solu\u00e7\u00f5es pr\u00e1ticas e \u00e1geis<\/b>. As entregas s\u00e3o mais r\u00e1pidas e as decis\u00f5es precisam ser tomadas com efici\u00eancia. Isso leva \u00e0 pergunta: ser\u00e1 que a forma\u00e7\u00e3o acad\u00eamica realmente prepara para a velocidade e a complexidade do trabalho?<\/p>\n<h3>Ritmo Acelerado da Profiss\u00e3o<\/h3>\n<figure style=\"width: 1024px\" class=\"wp-caption aligncenter\"><img decoding=\"async\" src=\"https:\/\/www.aarquiteta.com.br\/blog\/wp-content\/uploads\/2025\/04\/arquitetura-escola-vs-realidade01.jpg\" alt=\"Escola de Arquitetura versus o Mundo Real: O que Esperar na Pr\u00e1tica\" width=\"1024\" height=\"1024\" title=\"\"><figcaption class=\"wp-caption-text\">Escola de Arquitetura versus o Mundo Real: O que Esperar na Pr\u00e1tica<\/figcaption><\/figure>\n<p>O ritmo de trabalho em um escrit\u00f3rio de arquitetura \u00e9 bem diferente de uma sala de aula. Enquanto na faculdade \u00e9 comum passar semanas refinando um projeto, no mercado de trabalho, <b>cada hora conta<\/b>. Um projeto que antes consumia um semestre agora \u00e9 validado em dias, ou at\u00e9 horas. Isso exige adapta\u00e7\u00e3o, aprendizado r\u00e1pido e uma capacidade de resolu\u00e7\u00e3o de problemas que nem sempre \u00e9 ensinada.<\/p>\n<p>Isso traz \u00e0 tona a import\u00e2ncia da experi\u00eancia. Arquitetos veteranos j\u00e1 desenvolvem uma agilidade que economiza tempo e recursos. A capacidade de tomar decis\u00f5es informadas rapidamente pode ser a diferen\u00e7a entre o sucesso e o fracasso de um projeto.<\/p>\n<h3>A Tipologia dos Projetos<\/h3>\n<figure style=\"width: 1024px\" class=\"wp-caption aligncenter\"><img decoding=\"async\" src=\"https:\/\/www.lifeofanarchitect.com\/wp-content\/uploads\/2025\/01\/CS_Sustainable_728x90_Display.png\" alt=\"parte inferior de uma garrafa de \u00e1gua levemente espremida com texto ao lado que diz \" uma folha de acrovyn 130 garrafas  title=\"\"><figcaption class=\"wp-caption-text\">parte inferior de uma garrafa de \u00e1gua levemente espremida com texto ao lado que diz &#8220;uma folha de acrovyn 130 garrafas pl\u00e1sticas recicladas&#8221;<\/figcaption><\/figure>\n<p>Na academia, os alunos t\u00eam a liberdade de criar projetos arrojados, como museus e centros culturais. Contudo, no mercado, muitos se deparam com <b>desafios mais convencionais<\/b>, como strip malls e edif\u00edcios comerciais. Essa \u00e9 uma transi\u00e7\u00e3o que pode desanimar, mas \u00e9 essencial para entender a verdadeira din\u00e2mica da arquitetura.<\/p>\n<p>A pr\u00e1tica profissional envolve atender a demandas reais do mercado, e embora esses projetos possam parecer menos glamourosos, muitos deles oferecem oportunidades creativas e desafiadoras. \u00c9 uma chance de implementar solu\u00e7\u00f5es funcionais e est\u00e9ticas em um contexto real.<\/p>\n<h3>A Import\u00e2ncia do Detalhe T\u00e9cnico<\/h3>\n<figure style=\"width: 1024px\" class=\"wp-caption aligncenter\"><img decoding=\"async\" src=\"https:\/\/www.aarquiteta.com.br\/blog\/wp-content\/uploads\/2025\/04\/arquitetura-escola-vs-realidade02.jpg\" alt=\"Escola de Arquitetura versus o Mundo Real: O que Esperar na Pr\u00e1tica\" width=\"1024\" height=\"1024\" title=\"\"><figcaption class=\"wp-caption-text\">Escola de Arquitetura versus o Mundo Real: O que Esperar na Pr\u00e1tica<\/figcaption><\/figure>\n<p>Por mais que os alunos acreditem que dominam os aspectos t\u00e9cnicos durante a faculdade, a dura verdade logo aparece. O trabalho real \u00e9 repleto de <b>detalhes t\u00e9cnicos e regulamenta\u00e7\u00f5es<\/b> que muitas vezes n\u00e3o s\u00e3o discutidos nas salas de aula. O dia a dia inclui resolver quest\u00f5es pr\u00e1ticas, como fluxo de pessoas e gerenciamento de res\u00edduos.<\/p>\n<p>Esses desafios for\u00e7am os profissionais a investir tempo na pr\u00e1tica para dominar quest\u00f5es que v\u00e3o al\u00e9m do design. Os arquitetos que se destacam geralmente s\u00e3o aqueles que conseguem equilibrar a est\u00e9tica com as exig\u00eancias t\u00e9cnicas.<\/p>\n<h3>Desenhos e a Realidade do Trabalho<\/h3>\n<figure style=\"width: 1024px\" class=\"wp-caption aligncenter\"><img decoding=\"async\" src=\"https:\/\/www.lifeofanarchitect.com\/wp-content\/uploads\/2020\/01\/Life-of-an-Architect-Hypothetical-2020.jpg\" alt=\"imagem hipot\u00e9tica dos anfitri\u00f5es do podcast \u2018Life of an Architect\u2019 no ano de 2020\" title=\"\"><figcaption class=\"wp-caption-text\">imagem hipot\u00e9tica dos anfitri\u00f5es do podcast \u2018Life of an Architect\u2019 no ano de 2020<\/figcaption><\/figure>\n<p>O desenho \u00e9 apenas uma parte da equa\u00e7\u00e3o. Gerenciar or\u00e7amentos, interagir com clientes e manter a conformidade com regras e regulamentos se tornam t\u00e3o ou mais importantes quanto o aspecto criativo. Muitos jovens arquitetos n\u00e3o est\u00e3o preparados para <b>assumir tantas responsabilidades<\/b>, o que pode levar \u00e0 desmotiva\u00e7\u00e3o e ao burnout.<\/p>\n<p>A aus\u00eancia de habilidades em gerenciamento pode resultar em estresse. Portanto, a forma\u00e7\u00e3o poderia ser mais completa se inclu\u00edsse <b>temas de gest\u00e3o<\/b> e comunica\u00e7\u00e3o de forma mais intensa.<\/p>\n<h3>Diversidade de Cargos na \u00c1rea<\/h3>\n<figure style=\"width: 1024px\" class=\"wp-caption aligncenter\"><img decoding=\"async\" src=\"https:\/\/www.aarquiteta.com.br\/blog\/wp-content\/uploads\/2025\/04\/arquitetura-escola-vs-realidade03.jpg\" alt=\"Escola de Arquitetura versus o Mundo Real: O que Esperar na Pr\u00e1tica\" width=\"1024\" height=\"1024\" title=\"\"><figcaption class=\"wp-caption-text\">Escola de Arquitetura versus o Mundo Real: O que Esperar na Pr\u00e1tica<\/figcaption><\/figure>\n<p>Para muitos, o sonho \u00e9 ser o arquiteto famoso que desenha edif\u00edcios ic\u00f4nicos, mas existem in\u00fameras trilhas profissionais que se desdobram no campo da arquitetura. Desde gerenciamento de projetos at\u00e9 desenvolvimento de neg\u00f3cios, cada papel tem sua **import\u00e2ncia e valor**. Esse cen\u00e1rio diversificado mostra que existem m\u00faltiplas maneiras de se destacar na profiss\u00e3o.<\/p>\n<p>Uma forma\u00e7\u00e3o mais ampla ajudaria a preparar o aluno para essas variadas possibilidades, diminuindo a press\u00e3o sobre a necessidade de ser apenas \u201co designer\u201d.<\/p>\n<h3>Colabora\u00e7\u00e3o \u00e9 Fundamental<\/h3>\n<figure style=\"width: 1024px\" class=\"wp-caption aligncenter\"><img decoding=\"async\" src=\"https:\/\/www.aarquiteta.com.br\/blog\/wp-content\/uploads\/2025\/04\/BBorson-and-AHawkins-signature.jpg\" alt=\"assinatura de Bob Borson e A. Hawkins\" title=\"\"><figcaption class=\"wp-caption-text\">assinatura de Bob Borson e A. Hawkins<\/figcaption><\/figure>\n<p>Ao contr\u00e1rio do ambiente acad\u00eamico, onde muitas vezes os alunos trabalham sozinhos, a pr\u00e1tica profissional \u00e9 marcada pela <b>colabora\u00e7\u00e3o<\/b>. Cada projeto envolve uma equipe diversificada de profissionais, desde engenheiros a consultores. Assim, saber trabalhar em grupo e respeitar as opini\u00f5es dos colegas \u00e9 vital para o sucesso do projeto.<\/p>\n<p>Flexibilidade e capacidade de ouvir s\u00e3o habilidades que podem fazer toda a diferen\u00e7a, pois os melhores resultados muitas vezes surgem da intera\u00e7\u00e3o e integra\u00e7\u00e3o de diferentes perspectivas.<\/p>\n<h3>O Projeto Pertence ao Cliente<\/h3>\n<figure style=\"width: 1024px\" class=\"wp-caption aligncenter\"><img decoding=\"async\" src=\"https:\/\/www.aarquiteta.com.br\/blog\/wp-content\/uploads\/2025\/04\/arquitetura-escola-vs-realidade4.jpg\" alt=\"Escola de Arquitetura versus o Mundo Real: O que Esperar na Pr\u00e1tica\" width=\"1024\" height=\"1024\" title=\"\"><figcaption class=\"wp-caption-text\">Escola de Arquitetura versus o Mundo Real: O que Esperar na Pr\u00e1tica<\/figcaption><\/figure>\n<p>Uma verdade dura, mas necess\u00e1ria, \u00e9 que na pr\u00e1tica profissional, o <b>projeto n\u00e3o \u00e9 apenas do arquiteto<\/b>. O resultado final deve satisfazer as necessidade do cliente. Imagina-se um artista que precisa adaptar sua vis\u00e3o \u00e0s prefer\u00eancias do comit\u00ea de clientes \u2013 \u00e9 desafiador, mas extremamente importante.<\/p>\n<p>Os arquitetos devem gerenciar as expectativas dos clientes, equilibrando or\u00e7amento e exig\u00eancias regulat\u00f3rias. Em \u00faltima an\u00e1lise, \u00e9 sobre conceder vida \u00e0 vis\u00e3o do cliente.<\/p>\n<h3>Comunica\u00e7\u00e3o Clara \u00e9 Essencial<\/h3>\n<figure style=\"width: 1024px\" class=\"wp-caption aligncenter\"><img decoding=\"async\" src=\"https:\/\/www.aarquiteta.com.br\/blog\/wp-content\/uploads\/2025\/04\/SCAD_300x100.png\" alt=\"duas publica\u00e7\u00f5es, uma aberta \u00e0 esquerda e uma fechada \u00e0 direita, apresentando produtos das Specialty Constructions em uso\" title=\"\"><figcaption class=\"wp-caption-text\">duas publica\u00e7\u00f5es, uma aberta \u00e0 esquerda e uma fechada \u00e0 direita, apresentando produtos das Specialty Constructions em uso<\/figcaption><\/figure>\n<p>Por fim, em qualquer escrit\u00f3rio de arquitetura, a comunica\u00e7\u00e3o \u00e9 uma habilidade que n\u00e3o pode ser negligenciada. Arquitetos que se esquivam de conversas diretas enfrentam desafios. A capacidade de interagir, esclarecer d\u00favidas e comunicar-se eficientemente com membros da equipe e clientes \u00e9 o que garante que o projeto siga seu curso.<\/p>\n<p>N\u00e3o \u00e9 apenas sobre ser um bom designer; \u00e9 sobre ser um bom comunicador e um colaborador eficaz. Assim, os profissionais que desenvolvem essa habilidade obt\u00eam <b>maiores oportunidades<\/b> de crescimento e sucesso na carreira.<\/p>\n<table>\n<tr>\n<th>Tema<\/th>\n<th>Expectativas<\/th>\n<\/tr>\n<tr>\n<td>Ritmo de Trabalho<\/td>\n<td>Transi\u00e7\u00e3o de um ritmo lento para um ritmo acelerado.<\/td>\n<\/tr>\n<tr>\n<td>Tipo de Projetos<\/td>\n<td>Projetos pr\u00e1ticos ao inv\u00e9s de conceitos acad\u00eamicos.<\/td>\n<\/tr>\n<tr>\n<td>Aspectos T\u00e9cnicos<\/td>\n<td>Dominar a parte t\u00e9cnica \u00e9 essencial para o sucesso.<\/td>\n<\/tr>\n<tr>\n<td>Comunica\u00e7\u00e3o<\/td>\n<td>A capacidade de se comunicar \u00e9 vital no ambiente de trabalho.<\/td>\n<\/tr>\n<\/table>\n<p>\u00c9 fundamental entender que as expectativas ao se formar em arquitetura representam um caminho cheio de desafios e oportunidades. Com a adapta\u00e7\u00e3o e desenvolvimento das habilidades certa, essa trajet\u00f3ria pode ser extremamente gratificante e bem-sucedida.<\/p>\n<h3>Para se aprofundar mais sobre o tema, veja a minha recomenda\u00e7\u00e3o sobre o tema deste artigo no v\u00eddeo a seguir abaixo:<\/h3>\n<p><iframe title=\"YouTube video player\" src=\"https:\/\/www.youtube.com\/embed\/z7ZEYIXgpY8\" width=\"560\" height=\"315\" frameborder=\"0\" allowfullscreen=\"allowfullscreen\"><\/iframe><\/p>\n<img decoding=\"async\" src=\"\" alt=\"\" title=\"\">\n","protected":false},"excerpt":{"rendered":"<p>Depois da forma\u00e7\u00e3o em arquitetura, muitos profissionais enfrentam uma realidade diferente no mercado de trabalho. Quais s\u00e3o as principais expectativas? Quando a Teoria Encontra a Pr\u00e1tica Voc\u00ea j\u00e1 parou para pensar como a forma\u00e7\u00e3o acad\u00eamica em arquitetura e a pr\u00e1tica profissional t\u00eam suas diferen\u00e7as? Ao ingressar no mercado, muitos jovens arquitetos percebem que as habilidades [&hellip;]<\/p>\n","protected":false},"author":102,"featured_media":149660,"comment_status":"open","ping_status":"","sticky":false,"template":"","format":"standard","meta":{"footnotes":""},"categories":[1507],"tags":[],"class_list":["post-149663","post","type-post","status-publish","format-standard","has-post-thumbnail","category-arquitetura"],"_wp_attached_file":null,"_wp_attachment_metadata":null,"_wp_attachment_context":null,"_wp_attachment_is_custom_header":null,"geo_longitude":null,"geo_public":null,"geo_latitude":null,"_publicize_done_external":null,"_wpas_done_3897181":null,"publicize_twitter_user":null,"_wpas_done_3897175":null,"_wpas_skip_3897181":null,"_wpas_skip_3897175":null,"_wpas_skip_3924723":null,"_wpas_mess":null,"_wpas_done_3924723":null,"wps_subtitle":"","_links":{"self":[{"href":"https:\/\/www.aarquiteta.com.br\/blog\/wp-json\/wp\/v2\/posts\/149663","targetHints":{"allow":["GET"]}}],"collection":[{"href":"https:\/\/www.aarquiteta.com.br\/blog\/wp-json\/wp\/v2\/posts"}],"about":[{"href":"https:\/\/www.aarquiteta.com.br\/blog\/wp-json\/wp\/v2\/types\/post"}],"author":[{"embeddable":true,"href":"https:\/\/www.aarquiteta.com.br\/blog\/wp-json\/wp\/v2\/users\/102"}],"replies":[{"embeddable":true,"href":"https:\/\/www.aarquiteta.com.br\/blog\/wp-json\/wp\/v2\/comments?post=149663"}],"version-history":[{"count":0,"href":"https:\/\/www.aarquiteta.com.br\/blog\/wp-json\/wp\/v2\/posts\/149663\/revisions"}],"wp:featuredmedia":[{"embeddable":true,"href":"https:\/\/www.aarquiteta.com.br\/blog\/wp-json\/wp\/v2\/media\/149660"}],"wp:attachment":[{"href":"https:\/\/www.aarquiteta.com.br\/blog\/wp-json\/wp\/v2\/media?parent=149663"}],"wp:term":[{"taxonomy":"category","embeddable":true,"href":"https:\/\/www.aarquiteta.com.br\/blog\/wp-json\/wp\/v2\/categories?post=149663"},{"taxonomy":"post_tag","embeddable":true,"href":"https:\/\/www.aarquiteta.com.br\/blog\/wp-json\/wp\/v2\/tags?post=149663"}],"curies":[{"name":"wp","href":"https:\/\/api.w.org\/{rel}","templated":true}]}}