{"id":149558,"date":"2025-04-19T18:48:22","date_gmt":"2025-04-19T21:48:22","guid":{"rendered":"https:\/\/www.aarquiteta.com.br\/blog\/caramanchao-2\/"},"modified":"2025-04-19T18:48:22","modified_gmt":"2025-04-19T21:48:22","slug":"caramanchao-2","status":"publish","type":"post","link":"https:\/\/www.aarquiteta.com.br\/blog\/caramanchao-2\/","title":{"rendered":"Transforme seu Quintal: Descubra os Benef\u00edcios do Caramanch\u00e3o!"},"content":{"rendered":"<p>Voc\u00ea sabia que um simples caramanch\u00e3o pode transformar completamente o seu quintal? Vamos descobrir juntos os benef\u00edcios dessa estrutura incr\u00edvel!<\/p>\n<h3>O que \u00e9, afinal, o caramanch\u00e3o?<\/h3>\n<figure style=\"width: 1024px\" class=\"wp-caption aligncenter\"><img decoding=\"async\" src=\"https:\/\/www.aarquiteta.com.br\/blog\/wp-content\/uploads\/2025\/04\/caramanchao-02.jpg\" alt=\"Foto de caramanch\u00e3o completamente florido\" title=\"\"><figcaption class=\"wp-caption-text\">Foto de caramanch\u00e3o completamente florido<\/figcaption><\/figure>\n<p>O <b>caramanch\u00e3o<\/b> \u00e9 uma estrutura que traz charme e funcionalidade para qualquer espa\u00e7o externo. Geralmente feito de madeira, ele proporciona sombra e beleza, perfeito para quem ama jardinagem.<\/p>\n<h3>Por que ter um caramanch\u00e3o no seu quintal?<\/h3>\n<figure style=\"width: 1024px\" class=\"wp-caption aligncenter\"><img decoding=\"async\" src=\"https:\/\/www.aarquiteta.com.br\/blog\/wp-content\/uploads\/2025\/04\/caramanchao01.jpg\" alt=\"Caramanch\u00e3o: Conhe\u00e7a essa estrutura e renove seu quintal\" width=\"1024\" height=\"1024\" title=\"\"><figcaption class=\"wp-caption-text\">Caramanch\u00e3o: Conhe\u00e7a essa estrutura e renove seu quintal<\/figcaption><\/figure>\n<p>Com um caramanch\u00e3o, voc\u00ea cria um cantinho especial para descanso e descontra\u00e7\u00e3o. Imagine relaxar embaixo de uma estrutura coberta de flores! O efeito paisag\u00edstico \u00e9 um verdadeiro convite ao lazer.<\/p>\n<h3>A diferen\u00e7a entre caramanch\u00e3o, pergolado e gazebo<\/h3>\n<figure style=\"width: 1024px\" class=\"wp-caption aligncenter\"><img decoding=\"async\" src=\"https:\/\/www.aarquiteta.com.br\/blog\/wp-content\/uploads\/2025\/04\/caramanchao.jpg\" alt=\"Foto de caramanch\u00e3o\" title=\"\"><figcaption class=\"wp-caption-text\">Foto de caramanch\u00e3o<\/figcaption><\/figure>\n<p>Apesar de parecerem semelhantes, essas tr\u00eas estruturas t\u00eam suas diferen\u00e7as. O caramanch\u00e3o \u00e9 mais r\u00fastico e voltado para plantas, enquanto o pergolado \u00e9 uma extens\u00e3o da casa e o gazebo, um quiosque com fechamento.<\/p>\n<h3>Inspira\u00e7\u00f5es virtuais que encantam<\/h3>\n<figure style=\"width: 1024px\" class=\"wp-caption aligncenter\"><img decoding=\"async\" src=\"https:\/\/www.aarquiteta.com.br\/blog\/wp-content\/uploads\/2025\/04\/caramanchao02.jpg\" alt=\"Caramanch\u00e3o: Conhe\u00e7a essa estrutura e renove seu quintal\" width=\"1024\" height=\"1024\" title=\"\"><figcaption class=\"wp-caption-text\">Caramanch\u00e3o: Conhe\u00e7a essa estrutura e renove seu quintal<\/figcaption><\/figure>\n<p>Se voc\u00ea est\u00e1 buscando <b>inspira\u00e7\u00f5es<\/b>, o mundo virtual est\u00e1 repleto delas. Desde modelos floridos at\u00e9 op\u00e7\u00f5es minimalistas, voc\u00ea certamente encontrar\u00e1 algo que combina com seu estilo.<\/p>\n<table>\n<tr>\n<th>Caracter\u00edsticas<\/th>\n<th>Caramanch\u00e3o<\/th>\n<th>Pergolado<\/th>\n<th>Gazebo<\/th>\n<\/tr>\n<tr>\n<td>Estrutura<\/td>\n<td>R\u00fastica, feita geralmente de madeira<\/td>\n<td>Leve, fixa na casa<\/td>\n<td>Pequena, quiosque fechado com treli\u00e7as<\/td>\n<\/tr>\n<tr>\n<td>Uso<\/td>\n<td>Suporte de plantas e relaxamento<\/td>\n<td>Extens\u00e3o da varanda<\/td>\n<td>Fechado, para eventos ou descanso<\/td>\n<\/tr>\n<\/table>\n<h3>Como montar um caramanch\u00e3o?<\/h3>\n<figure style=\"width: 1024px\" class=\"wp-caption aligncenter\"><img decoding=\"async\" src=\"https:\/\/www.aarquiteta.com.br\/blog\/wp-content\/uploads\/2025\/04\/caramanchao-imagem-730x412.jpg\" alt=\"Foto de caramanch\u00e3o\" title=\"\"><figcaption class=\"wp-caption-text\">Foto de caramanch\u00e3o<\/figcaption><\/figure>\n<p>Montar seu pr\u00f3prio caramanch\u00e3o pode ser mais f\u00e1cil do que voc\u00ea imagina. Parece complicado, mas seguindo os passos certos, \u00e9 uma atividade divertida para toda a fam\u00edlia!<\/p>\n<h3>Dicas pr\u00e1ticas para um caramanch\u00e3o incr\u00edvel<\/h3>\n<figure style=\"width: 1024px\" class=\"wp-caption aligncenter\"><img decoding=\"async\" src=\"https:\/\/www.aarquiteta.com.br\/blog\/wp-content\/uploads\/2025\/04\/caramanchao03.jpg\" alt=\"Caramanch\u00e3o: Conhe\u00e7a essa estrutura e renove seu quintal\" width=\"1024\" height=\"1024\" title=\"\"><figcaption class=\"wp-caption-text\">Caramanch\u00e3o: Conhe\u00e7a essa estrutura e renove seu quintal<\/figcaption><\/figure>\n<p>Se voc\u00ea quer um <b>resultado<\/b> bonito, aposte em madeiras resistentes e capriche na decora\u00e7\u00e3o. Experimente cobrir o caramanch\u00e3o com plantas trepadeiras! Esse toque traz vida ao ambiente.<\/p>\n<h3>A beleza de um ambiente arejado<\/h3>\n<figure style=\"width: 1024px\" class=\"wp-caption aligncenter\"><img decoding=\"async\" src=\"https:\/\/www.aarquiteta.com.br\/blog\/wp-content\/uploads\/2025\/04\/caramanchao-111-730x730.jpg\" alt=\"Foto de caramanch\u00e3o\" title=\"\"><figcaption class=\"wp-caption-text\">Foto de caramanch\u00e3o<\/figcaption><\/figure>\n<p>Um caramanch\u00e3o ajuda a arejar seu quintal, criando um espa\u00e7o fresco e convidativo. \u00c9 perfeito para receber amigos e familiares, ou at\u00e9 mesmo para momentos de introspec\u00e7\u00e3o.<\/p>\n<h3>Riscos? N\u00e3o se preocupe!<\/h3>\n<figure style=\"width: 1024px\" class=\"wp-caption aligncenter\"><img decoding=\"async\" src=\"https:\/\/www.aarquiteta.com.br\/blog\/wp-content\/uploads\/2025\/04\/caramanchao4.jpg\" alt=\"Caramanch\u00e3o: Conhe\u00e7a essa estrutura e renove seu quintal\" width=\"1024\" height=\"1024\" title=\"\"><figcaption class=\"wp-caption-text\">Caramanch\u00e3o: Conhe\u00e7a essa estrutura e renove seu quintal<\/figcaption><\/figure>\n<p>Algumas pessoas hesitam ao pensar em ter um caramanch\u00e3o. Mas, relaxa! As vantagens superam qualquer preocupa\u00e7\u00e3o. Sem contar que o investimento \u00e9 relativo \u00e0 sua criatividade!<\/p>\n<p>Sobretudo, um caramanch\u00e3o \u00e9 uma forma eficiente de dar um novo ar ao seu quintal, trazendo alegria e estilo ao seu lar. Agora \u00e9 a sua vez de criar esse espa\u00e7o dos sonhos!<\/p>\n<figure style=\"width: 1024px\" class=\"wp-caption aligncenter\"><img decoding=\"async\" src=\"https:\/\/www.aarquiteta.com.br\/blog\/wp-content\/uploads\/2025\/04\/hall-em-espaco-pequeno-111-730x730.jpg\" alt=\"Foto de hall em espa\u00e7o pequeno\" title=\"\"><figcaption class=\"wp-caption-text\">Foto de hall em espa\u00e7o pequeno<\/figcaption><\/figure>\n<h3>Para se aprofundar mais sobre o tema, veja a minha recomenda\u00e7\u00e3o sobre o tema deste artigo no v\u00eddeo a seguir abaixo:<\/h3>\n<p><iframe title=\"YouTube video player\" src=\"https:\/\/www.youtube.com\/embed\/OkEJ3eaCpRY\" width=\"560\" height=\"315\" frameborder=\"0\" allowfullscreen=\"allowfullscreen\"><\/iframe><\/p>\n<figure style=\"width: 1024px\" class=\"wp-caption aligncenter\"><img decoding=\"async\" src=\"https:\/\/www.aarquiteta.com.br\/blog\/wp-content\/uploads\/2025\/04\/caramanchao-1-730x730.jpg\" alt=\"Foto de projeto em madeira\" title=\"\"><figcaption class=\"wp-caption-text\">Foto de projeto em madeira<\/figcaption><\/figure>\n","protected":false},"excerpt":{"rendered":"<p>Voc\u00ea sabia que um simples caramanch\u00e3o pode transformar completamente o seu quintal? Vamos descobrir juntos os benef\u00edcios dessa estrutura incr\u00edvel! O que \u00e9, afinal, o caramanch\u00e3o? O caramanch\u00e3o \u00e9 uma estrutura que traz charme e funcionalidade para qualquer espa\u00e7o externo. Geralmente feito de madeira, ele proporciona sombra e beleza, perfeito para quem ama jardinagem. Por [&hellip;]<\/p>\n","protected":false},"author":102,"featured_media":149557,"comment_status":"open","ping_status":"","sticky":false,"template":"","format":"standard","meta":{"footnotes":""},"categories":[1484],"tags":[],"class_list":["post-149558","post","type-post","status-publish","format-standard","has-post-thumbnail","category-decoracao"],"_wp_attached_file":null,"_wp_attachment_metadata":null,"_wp_attachment_context":null,"_wp_attachment_is_custom_header":null,"geo_longitude":null,"geo_public":null,"geo_latitude":null,"_publicize_done_external":null,"_wpas_done_3897181":null,"publicize_twitter_user":null,"_wpas_done_3897175":null,"_wpas_skip_3897181":null,"_wpas_skip_3897175":null,"_wpas_skip_3924723":null,"_wpas_mess":null,"_wpas_done_3924723":null,"wps_subtitle":"","_links":{"self":[{"href":"https:\/\/www.aarquiteta.com.br\/blog\/wp-json\/wp\/v2\/posts\/149558","targetHints":{"allow":["GET"]}}],"collection":[{"href":"https:\/\/www.aarquiteta.com.br\/blog\/wp-json\/wp\/v2\/posts"}],"about":[{"href":"https:\/\/www.aarquiteta.com.br\/blog\/wp-json\/wp\/v2\/types\/post"}],"author":[{"embeddable":true,"href":"https:\/\/www.aarquiteta.com.br\/blog\/wp-json\/wp\/v2\/users\/102"}],"replies":[{"embeddable":true,"href":"https:\/\/www.aarquiteta.com.br\/blog\/wp-json\/wp\/v2\/comments?post=149558"}],"version-history":[{"count":0,"href":"https:\/\/www.aarquiteta.com.br\/blog\/wp-json\/wp\/v2\/posts\/149558\/revisions"}],"wp:featuredmedia":[{"embeddable":true,"href":"https:\/\/www.aarquiteta.com.br\/blog\/wp-json\/wp\/v2\/media\/149557"}],"wp:attachment":[{"href":"https:\/\/www.aarquiteta.com.br\/blog\/wp-json\/wp\/v2\/media?parent=149558"}],"wp:term":[{"taxonomy":"category","embeddable":true,"href":"https:\/\/www.aarquiteta.com.br\/blog\/wp-json\/wp\/v2\/categories?post=149558"},{"taxonomy":"post_tag","embeddable":true,"href":"https:\/\/www.aarquiteta.com.br\/blog\/wp-json\/wp\/v2\/tags?post=149558"}],"curies":[{"name":"wp","href":"https:\/\/api.w.org\/{rel}","templated":true}]}}