{"id":149530,"date":"2025-04-19T17:14:46","date_gmt":"2025-04-19T20:14:46","guid":{"rendered":"https:\/\/www.aarquiteta.com.br\/blog\/patologias-na-construcao-civil-o-que-sao-e-principais-causas\/"},"modified":"2025-04-19T17:14:46","modified_gmt":"2025-04-19T20:14:46","slug":"patologias-na-construcao-civil-o-que-sao-e-principais-causas","status":"publish","type":"post","link":"https:\/\/www.aarquiteta.com.br\/blog\/patologias-na-construcao-civil-o-que-sao-e-principais-causas\/","title":{"rendered":"Patologias na Constru\u00e7\u00e3o Civil: Compreenda suas Causas e Preven\u00e7\u00e3o"},"content":{"rendered":"<p>Patologias na constru\u00e7\u00e3o civil s\u00e3o problemas comuns que podem comprometer seriosamente uma obra. Fique atento e saiba como evit\u00e1-las!<\/p>\n<h2>O que s\u00e3o patologias na constru\u00e7\u00e3o civil?<\/h2>\n<p>Patologias s\u00e3o <b>defeitos e falhas<\/b> que surgem nas constru\u00e7\u00f5es. Elas impactam tanto a estrutura quanto a funcionalidade dos edif\u00edcios. Esses problemas podem ocorrer por muitos motivo, que v\u00e3o desde erros no projeto at\u00e9 a utiliza\u00e7\u00e3o de materiais inadequados.<\/p>\n<p>Algumas patologias comuns incluem: <b>rachaduras<\/b>, infiltra\u00e7\u00f5es e descolamento de revestimentos. Essas falhas podem levar a custos elevados de reparo e at\u00e9 comprometer a seguran\u00e7a das edifica\u00e7\u00f5es.<\/p>\n<h2>Principais causas das patologias de obras<\/h2>\n<p>Um projeto mal elaborado \u00e9 um dos principais vil\u00f5es para o sucesso de uma obra. <b>Se a etapa inicial tiver falhas<\/b>, todas as fases seguintes podem ser prejudicadas. Ficar atento a fatores de risco \u00e9 essencial.<\/p>\n<h3>8 principais patologias das constru\u00e7\u00f5es<\/h3>\n<ul>\n<li><b>Efloresc\u00eancia<\/b>: Manchas brancas que surgem por causa da umidade.<\/li>\n<li><b>Corros\u00e3o de a\u00e7o<\/b>: Resulta da oxida\u00e7\u00e3o do metal em contato com o ambiente.<\/li>\n<li><b>Carbonata\u00e7\u00e3o<\/b>: Um processo que pode corroer o a\u00e7o ao formar um \u00e1cido.<\/li>\n<li><b>Deteriora\u00e7\u00e3o do concreto<\/b>: Perda do potencial aglomerante do cimento por impactos.<\/li>\n<li><b>Infiltra\u00e7\u00f5es<\/b>: A \u00e1gua invade espa\u00e7os indevidos, causando danos.<\/li>\n<li><b>Retra\u00e7\u00e3o do concreto<\/b>: Diminui\u00e7\u00e3o de volume causada pela perda de \u00e1gua no interior.<\/li>\n<li><b>Colapso estrutural<\/b>: A constru\u00e7\u00e3o n\u00e3o suporta toda a carga imposta.<\/li>\n<li><b>Mapeamento da alvenaria<\/b>: Verifica\u00e7\u00e3o do estado das paredes e estruturas de alvenaria.<\/li>\n<\/ul>\n<p>Essas patologias t\u00eam <b>origens diversas<\/b>, como erros na execu\u00e7\u00e3o e condi\u00e7\u00f5es ambientais. Para prevenir problemas graves, \u00e9 fundamental que profissionais da constru\u00e7\u00e3o estejam sempre atentos.<\/p>\n<p>Se a <b>identifica\u00e7\u00e3o precoce<\/b> das patologias for feita, a seguran\u00e7a e a durabilidade da constru\u00e7\u00e3o est\u00e3o garantidas. Por isso, ter um monitoramento rigoroso \u00e9 crucial.<\/p>\n<h2>Tabela Resumo<\/h2>\n<table>\n<tr>\n<th>Patologia<\/th>\n<th>Causa<\/th>\n<th>Solu\u00e7\u00e3o<\/th>\n<\/tr>\n<tr>\n<td>Efloresc\u00eancia<\/td>\n<td>Umidade<\/td>\n<td>Controle da secagem<\/td>\n<\/tr>\n<tr>\n<td>Corros\u00e3o de a\u00e7o<\/td>\n<td>Exposi\u00e7\u00e3o ao ar<\/td>\n<td>Reboco adequado<\/td>\n<\/tr>\n<tr>\n<td>Carbonata\u00e7\u00e3o<\/td>\n<td>G\u00e1s carb\u00f4nico<\/td>\n<td>Camada de prote\u00e7\u00e3o<\/td>\n<\/tr>\n<tr>\n<td>Deteriora\u00e7\u00e3o do concreto<\/td>\n<td>Impactos mec\u00e2nicos<\/td>\n<td>Prote\u00e7\u00f5es para estruturas<\/td>\n<\/tr>\n<tr>\n<td>Infiltra\u00e7\u00f5es<\/td>\n<td>\u00c1gua<\/td>\n<td>Preven\u00e7\u00e3o em pontos vulner\u00e1veis<\/td>\n<\/tr>\n<tr>\n<td>Retra\u00e7\u00e3o do concreto<\/td>\n<td>Perca de \u00e1gua<\/td>\n<td>Cuidado nas condi\u00e7\u00f5es<\/td>\n<\/tr>\n<tr>\n<td>Colapso estrutural<\/td>\n<td>Sobrecarga<\/td>\n<td>Seguir normas<\/td>\n<\/tr>\n<tr>\n<td>Mapeamento da alvenaria<\/td>\n<td>Movimenta\u00e7\u00e3o do solo<\/td>\n<td>Verifica\u00e7\u00e3o regular<\/td>\n<\/tr>\n<\/table>\n<p>Ao respeitar essas orienta\u00e7\u00f5es, <b>voc\u00ea pode prevenir muitos problemas<\/b> na constru\u00e7\u00e3o. Lembre-se que a qualidade \u00e9 sempre a prioridade na obra!<\/p>\n<p>Mantenha-se informado e preparado, porque boas pr\u00e1ticas constroem grandes resultados!<\/p>\n<figure style=\"width: 1024px\" class=\"wp-caption aligncenter\"><img decoding=\"async\" src=\"https:\/\/www.aarquiteta.com.br\/blog\/wp-content\/uploads\/2025\/04\/patologias-na-construcao-civil-o-que-sao-e-principais-causas01.jpg\" alt=\"Patologias na Constru\u00e7\u00e3o Civil: Compreenda suas Causas e Preven\u00e7\u00e3o\" width=\"1024\" height=\"1024\" title=\"\"><figcaption class=\"wp-caption-text\">Patologias na Constru\u00e7\u00e3o Civil: Compreenda suas Causas e Preven\u00e7\u00e3o<\/figcaption><\/figure>\n<figure style=\"width: 1024px\" class=\"wp-caption aligncenter\"><img decoding=\"async\" src=\"https:\/\/www.aarquiteta.com.br\/blog\/wp-content\/uploads\/2025\/04\/patologias-na-construcao-civil-o-que-sao-e-principais-causas02.jpg\" alt=\" Patologias na Constru\u00e7\u00e3o Civil: Compreenda suas Causas e Preven\u00e7\u00e3o\" width=\"1024\" height=\"1024\" title=\"\"><figcaption class=\"wp-caption-text\">Patologias na Constru\u00e7\u00e3o Civil: Compreenda suas Causas e Preven\u00e7\u00e3o<\/figcaption><\/figure>\n<figure style=\"width: 1024px\" class=\"wp-caption aligncenter\"><img decoding=\"async\" src=\"https:\/\/www.aarquiteta.com.br\/blog\/wp-content\/uploads\/2025\/04\/patologias-na-construcao-civil-o-que-sao-e-principais-causas03.jpg\" alt=\" Patologias na Constru\u00e7\u00e3o Civil: Compreenda suas Causas e Preven\u00e7\u00e3o\" width=\"1024\" height=\"1024\" title=\"\"><figcaption class=\"wp-caption-text\">Patologias na Constru\u00e7\u00e3o Civil: Compreenda suas Causas e Preven\u00e7\u00e3o<\/figcaption><\/figure>\n<figure style=\"width: 1024px\" class=\"wp-caption aligncenter\"><img decoding=\"async\" src=\"https:\/\/www.aarquiteta.com.br\/blog\/wp-content\/uploads\/2025\/04\/patologias-na-construcao-civil-o-que-sao-e-principais-causas4.jpg\" alt=\" Patologias na Constru\u00e7\u00e3o Civil: Compreenda suas Causas e Preven\u00e7\u00e3o\" width=\"1024\" height=\"1024\" title=\"\"><figcaption class=\"wp-caption-text\">Patologias na Constru\u00e7\u00e3o Civil: Compreenda suas Causas e Preven\u00e7\u00e3o<\/figcaption><\/figure>\n<h3>Para se aprofundar mais sobre o tema, veja a minha recomenda\u00e7\u00e3o sobre o tema deste artigo no v\u00eddeo a seguir abaixo:<\/h3>\n<p><iframe title=\"YouTube video player\" src=\"https:\/\/www.youtube.com\/embed\/NiSDKhMnSJw\" width=\"560\" height=\"315\" frameborder=\"0\" allowfullscreen=\"allowfullscreen\"><\/iframe><\/p>\n","protected":false},"excerpt":{"rendered":"<p>Descubra o que s\u00e3o patologias na constru\u00e7\u00e3o civil, suas causas e como preveni-las de maneira eficaz.<\/p>\n","protected":false},"author":102,"featured_media":149529,"comment_status":"open","ping_status":"","sticky":false,"template":"","format":"standard","meta":{"footnotes":""},"categories":[249],"tags":[],"class_list":["post-149530","post","type-post","status-publish","format-standard","has-post-thumbnail","category-engenharia-e-construcao-civil"],"_wp_attached_file":null,"_wp_attachment_metadata":null,"_wp_attachment_context":null,"_wp_attachment_is_custom_header":null,"geo_longitude":null,"geo_public":null,"geo_latitude":null,"_publicize_done_external":null,"_wpas_done_3897181":null,"publicize_twitter_user":null,"_wpas_done_3897175":null,"_wpas_skip_3897181":null,"_wpas_skip_3897175":null,"_wpas_skip_3924723":null,"_wpas_mess":null,"_wpas_done_3924723":null,"wps_subtitle":"","_links":{"self":[{"href":"https:\/\/www.aarquiteta.com.br\/blog\/wp-json\/wp\/v2\/posts\/149530","targetHints":{"allow":["GET"]}}],"collection":[{"href":"https:\/\/www.aarquiteta.com.br\/blog\/wp-json\/wp\/v2\/posts"}],"about":[{"href":"https:\/\/www.aarquiteta.com.br\/blog\/wp-json\/wp\/v2\/types\/post"}],"author":[{"embeddable":true,"href":"https:\/\/www.aarquiteta.com.br\/blog\/wp-json\/wp\/v2\/users\/102"}],"replies":[{"embeddable":true,"href":"https:\/\/www.aarquiteta.com.br\/blog\/wp-json\/wp\/v2\/comments?post=149530"}],"version-history":[{"count":0,"href":"https:\/\/www.aarquiteta.com.br\/blog\/wp-json\/wp\/v2\/posts\/149530\/revisions"}],"wp:featuredmedia":[{"embeddable":true,"href":"https:\/\/www.aarquiteta.com.br\/blog\/wp-json\/wp\/v2\/media\/149529"}],"wp:attachment":[{"href":"https:\/\/www.aarquiteta.com.br\/blog\/wp-json\/wp\/v2\/media?parent=149530"}],"wp:term":[{"taxonomy":"category","embeddable":true,"href":"https:\/\/www.aarquiteta.com.br\/blog\/wp-json\/wp\/v2\/categories?post=149530"},{"taxonomy":"post_tag","embeddable":true,"href":"https:\/\/www.aarquiteta.com.br\/blog\/wp-json\/wp\/v2\/tags?post=149530"}],"curies":[{"name":"wp","href":"https:\/\/api.w.org\/{rel}","templated":true}]}}