{"id":149501,"date":"2025-04-18T18:30:31","date_gmt":"2025-04-18T21:30:31","guid":{"rendered":"https:\/\/www.aarquiteta.com.br\/blog\/cinza-azulado\/"},"modified":"2025-04-18T18:30:31","modified_gmt":"2025-04-18T21:30:31","slug":"cinza-azulado","status":"publish","type":"post","link":"https:\/\/www.aarquiteta.com.br\/blog\/cinza-azulado\/","title":{"rendered":"Descubra como o Cinza Azul Pode Transformar Seu Espa\u00e7o com Estas 70 Ideias Vers\u00e1teis!"},"content":{"rendered":"<p>Voc\u00ea sabia que o cinza azulado pode mudar completamente a atmosfera da sua casa? Vamos explorar 70 ideias incr\u00edveis!<\/p>\n<h3>O que \u00e9 o Cinza Azul?<\/h3>\n<figure style=\"width: 1024px\" class=\"wp-caption aligncenter\"><img decoding=\"async\" src=\"https:\/\/www.aarquiteta.com.br\/blog\/wp-content\/uploads\/2025\/04\/cinza-azulado-1-730x449.png\" alt=\"Silvana Lara Nogueira\" title=\"\"><figcaption class=\"wp-caption-text\">Silvana Lara Nogueira<\/figcaption><\/figure>\n<p>O <b>cinza azulado<\/b> \u00e9 uma cor que mescla a eleg\u00e2ncia do cinza com a serenidade do azul. Essa combina\u00e7\u00e3o cria um charme \u00fanico nos ambientes.<\/p>\n<h3>Por que Usar Cinza Azul na Decora\u00e7\u00e3o?<\/h3>\n<figure style=\"width: 1024px\" class=\"wp-caption aligncenter\"><img decoding=\"async\" src=\"https:\/\/www.aarquiteta.com.br\/blog\/wp-content\/uploads\/2025\/04\/cinza-azulado01.jpg\" alt=\"70 Formas de Usar Cinza Azul com uma Decora\u00e7\u00e3o Vers\u00e1til\" width=\"1024\" height=\"1024\" title=\"\"><figcaption class=\"wp-caption-text\">70 Formas de Usar Cinza Azul com uma Decora\u00e7\u00e3o Vers\u00e1til<\/figcaption><\/figure>\n<p>Se voc\u00ea busca <b>sofistica\u00e7\u00e3o<\/b> sem abrir m\u00e3o da harmonia, o cinza azulado \u00e9 a escolha perfeita. Ele adiciona personalidade sem sobrecarregar os espa\u00e7os.<\/p>\n<h3>70 Ideias Vers\u00e1teis com Cinza Azul<\/h3>\n<figure style=\"width: 1024px\" class=\"wp-caption aligncenter\"><img decoding=\"async\" src=\"https:\/\/www.aarquiteta.com.br\/blog\/wp-content\/uploads\/2025\/04\/cinza-azulado-00-2.png\" alt=\"Quattrino Arquitetura\" title=\"\"><figcaption class=\"wp-caption-text\">Quattrino Arquitetura<\/figcaption><\/figure>\n<p>Preparei uma lista com <b>70 ideias<\/b> para voc\u00ea usar o cinza azulado na sua decora\u00e7\u00e3o. Vamos descobrir como essa cor pode transformar seu lar?<\/p>\n<ul>\n<li>1. Paredes cinza azulado para dar vida ao espa\u00e7o.<\/li>\n<li>2. M\u00f3veis em cinza azulado conseguem criar um ambiente tranquilo.<\/li>\n<li>3. Combine com <b>objetos decorativos<\/b> para um toque especial.<\/li>\n<li>4. Utilize lumin\u00e1rias e c\u00fapulas para iluminar com sofistica\u00e7\u00e3o.<\/li>\n<li>5. O uso de <b>tapetes<\/b> nessa cor traz conforto e estilo.<\/li>\n<li>6. Almofadas em tons de cinza azulado criam um aconchego imbat\u00edvel.<\/li>\n<li>7. Utilize cortinas na mesma paleta para harmonia total.<\/li>\n<\/ul>\n<h3>Combina\u00e7\u00f5es que Funcionam<\/h3>\n<figure style=\"width: 1024px\" class=\"wp-caption aligncenter\"><img decoding=\"async\" src=\"https:\/\/www.aarquiteta.com.br\/blog\/wp-content\/uploads\/2025\/04\/cinza-azulado02.jpg\" alt=\"70 Formas de Usar Cinza Azul com uma Decora\u00e7\u00e3o Vers\u00e1til\" width=\"1024\" height=\"1024\" title=\"\"><figcaption class=\"wp-caption-text\">70 Formas de Usar Cinza Azul com uma Decora\u00e7\u00e3o Vers\u00e1til<\/figcaption><\/figure>\n<p>O cinza azulado se destaca quando misturado a outras <b>cores frias<\/b>. Tons esverdeados e brancos criam uma paleta suave que agrada aos olhos.<\/p>\n<h3>Decora\u00e7\u00e3o Quente com Cinza Azul<\/h3>\n<figure style=\"width: 1024px\" class=\"wp-caption aligncenter\"><img decoding=\"async\" src=\"https:\/\/www.aarquiteta.com.br\/blog\/wp-content\/uploads\/2025\/04\/IMG_3879-100x100.jpg\" alt=\"Shigueo Tanaka\" title=\"\"><figcaption class=\"wp-caption-text\">Shigueo Tanaka<\/figcaption><\/figure>\n<p>Se voc\u00ea prefere algo mais vibrante, o cinza azulado tamb\u00e9m funciona com cores quentes, como amarelo e madeira. \u00c9 uma combina\u00e7\u00e3o surpreendente!<\/p>\n<h3>Resumo das Ideias<\/h3>\n<figure style=\"width: 1024px\" class=\"wp-caption aligncenter\"><img decoding=\"async\" src=\"https:\/\/www.aarquiteta.com.br\/blog\/wp-content\/uploads\/2025\/04\/cinza-azulado03.jpg\" alt=\"70 Formas de Usar Cinza Azul com uma Decora\u00e7\u00e3o Vers\u00e1til\" width=\"1024\" height=\"1024\" title=\"\"><figcaption class=\"wp-caption-text\">70 Formas de Usar Cinza Azul com uma Decora\u00e7\u00e3o Vers\u00e1til<\/figcaption><\/figure>\n<table>\n<tr>\n<th>Elemento<\/th>\n<th>Descri\u00e7\u00e3o<\/th>\n<\/tr>\n<tr>\n<td>Paredes<\/td>\n<td>Pintura ou papel de parede em cinza azulado.<\/td>\n<\/tr>\n<tr>\n<td>M\u00f3veis<\/td>\n<td>Estruturas feitas nesta cor para um toque moderno.<\/td>\n<\/tr>\n<tr>\n<td>Itens Decorativos<\/td>\n<td>Almofadas, cortinas e lumin\u00e1rias em tons de cinza azul. <\/td>\n<\/tr>\n<\/table>\n<h3>Como Montar um Ambiente com Estilo<\/h3>\n<figure style=\"width: 1024px\" class=\"wp-caption aligncenter\"><img decoding=\"async\" src=\"https:\/\/www.aarquiteta.com.br\/blog\/wp-content\/uploads\/2025\/04\/quarto-cinza-e-rosa-00-286x160.jpg\" alt=\"Foto de quarto cinza e rosa 00 - 1\" title=\"\"><figcaption class=\"wp-caption-text\">Foto de quarto cinza e rosa 00 &#8211; 1<\/figcaption><\/figure>\n<p>Quando voc\u00ea opta por cinza azulado, o mais bacana \u00e9 que <b>as combina\u00e7\u00f5es s\u00e3o infinitas<\/b>. Voc\u00ea pode brincar com os tons, criando um ambiente \u00fanico e cheio de estilo!<\/p>\n<h3>Dicas Finais<\/h3>\n<figure style=\"width: 1024px\" class=\"wp-caption aligncenter\"><img decoding=\"async\" src=\"https:\/\/www.aarquiteta.com.br\/blog\/wp-content\/uploads\/2025\/04\/cinza-azulado4.jpg\" alt=\"70 Formas de Usar Cinza Azul com uma Decora\u00e7\u00e3o Vers\u00e1til\" width=\"1024\" height=\"1024\" title=\"\"><figcaption class=\"wp-caption-text\">70 Formas de Usar Cinza Azul com uma Decora\u00e7\u00e3o Vers\u00e1til<\/figcaption><\/figure>\n<p>Cuidado na escolha dos <b>materiais<\/b> e na disposi\u00e7\u00e3o dos itens. A harmonia \u00e9 a chave para um resultado final incr\u00edvel. N\u00e3o tenha medo de misturar, apenas tenha bom senso!<\/p>\n<p>Com o cinza azulado, voc\u00ea pode alcan\u00e7ar um espa\u00e7o que n\u00e3o s\u00f3 \u00e9 bonito, mas tamb\u00e9m confort\u00e1vel e acolhedor. Bonito, n\u00e9?<\/p>\n<figure style=\"width: 1024px\" class=\"wp-caption aligncenter\"><img decoding=\"async\" src=\"https:\/\/www.aarquiteta.com.br\/blog\/wp-content\/uploads\/2025\/04\/quarto-de-bebe-cinza-0-286x160.png\" alt=\"Foto de quarto de bebe cinza 0 - 2\" title=\"\"><figcaption class=\"wp-caption-text\">Foto de quarto de bebe cinza 0 &#8211; 2<\/figcaption><\/figure>\n<h3>Para se aprofundar mais sobre o tema, veja a minha recomenda\u00e7\u00e3o sobre o tema deste artigo no v\u00eddeo a seguir abaixo:<\/h3>\n<p><iframe title=\"YouTube video player\" src=\"https:\/\/www.youtube.com\/embed\/sx-HQb3uYSg\" width=\"560\" height=\"315\" frameborder=\"0\" allowfullscreen=\"allowfullscreen\"><\/iframe><\/p>\n<figure style=\"width: 1024px\" class=\"wp-caption aligncenter\"><img decoding=\"async\" src=\"https:\/\/www.aarquiteta.com.br\/blog\/wp-content\/uploads\/2025\/04\/cozinha-cinza-1000-1-286x160.png\" alt=\"Foto de cozinha cinza 1000 1 - 3\" title=\"\"><figcaption class=\"wp-caption-text\">Foto de cozinha cinza 1000 1 &#8211; 3<\/figcaption><\/figure>\n","protected":false},"excerpt":{"rendered":"<p>Voc\u00ea sabia que o cinza azulado pode mudar completamente a atmosfera da sua casa? Vamos explorar 70 ideias incr\u00edveis! O que \u00e9 o Cinza Azul? O cinza azulado \u00e9 uma cor que mescla a eleg\u00e2ncia do cinza com a serenidade do azul. Essa combina\u00e7\u00e3o cria um charme \u00fanico nos ambientes. Por que Usar Cinza Azul [&hellip;]<\/p>\n","protected":false},"author":102,"featured_media":149494,"comment_status":"open","ping_status":"","sticky":false,"template":"","format":"standard","meta":{"footnotes":""},"categories":[1484],"tags":[],"class_list":["post-149501","post","type-post","status-publish","format-standard","has-post-thumbnail","category-decoracao"],"_wp_attached_file":null,"_wp_attachment_metadata":null,"_wp_attachment_context":null,"_wp_attachment_is_custom_header":null,"geo_longitude":null,"geo_public":null,"geo_latitude":null,"_publicize_done_external":null,"_wpas_done_3897181":null,"publicize_twitter_user":null,"_wpas_done_3897175":null,"_wpas_skip_3897181":null,"_wpas_skip_3897175":null,"_wpas_skip_3924723":null,"_wpas_mess":null,"_wpas_done_3924723":null,"wps_subtitle":"","_links":{"self":[{"href":"https:\/\/www.aarquiteta.com.br\/blog\/wp-json\/wp\/v2\/posts\/149501","targetHints":{"allow":["GET"]}}],"collection":[{"href":"https:\/\/www.aarquiteta.com.br\/blog\/wp-json\/wp\/v2\/posts"}],"about":[{"href":"https:\/\/www.aarquiteta.com.br\/blog\/wp-json\/wp\/v2\/types\/post"}],"author":[{"embeddable":true,"href":"https:\/\/www.aarquiteta.com.br\/blog\/wp-json\/wp\/v2\/users\/102"}],"replies":[{"embeddable":true,"href":"https:\/\/www.aarquiteta.com.br\/blog\/wp-json\/wp\/v2\/comments?post=149501"}],"version-history":[{"count":0,"href":"https:\/\/www.aarquiteta.com.br\/blog\/wp-json\/wp\/v2\/posts\/149501\/revisions"}],"wp:featuredmedia":[{"embeddable":true,"href":"https:\/\/www.aarquiteta.com.br\/blog\/wp-json\/wp\/v2\/media\/149494"}],"wp:attachment":[{"href":"https:\/\/www.aarquiteta.com.br\/blog\/wp-json\/wp\/v2\/media?parent=149501"}],"wp:term":[{"taxonomy":"category","embeddable":true,"href":"https:\/\/www.aarquiteta.com.br\/blog\/wp-json\/wp\/v2\/categories?post=149501"},{"taxonomy":"post_tag","embeddable":true,"href":"https:\/\/www.aarquiteta.com.br\/blog\/wp-json\/wp\/v2\/tags?post=149501"}],"curies":[{"name":"wp","href":"https:\/\/api.w.org\/{rel}","templated":true}]}}