{"id":149445,"date":"2025-04-17T18:39:32","date_gmt":"2025-04-17T21:39:32","guid":{"rendered":"https:\/\/www.aarquiteta.com.br\/blog\/prateleiras-para-cozinha-2\/"},"modified":"2025-04-17T18:39:32","modified_gmt":"2025-04-17T21:39:32","slug":"prateleiras-para-cozinha-2","status":"publish","type":"post","link":"https:\/\/www.aarquiteta.com.br\/blog\/prateleiras-para-cozinha-2\/","title":{"rendered":"Descubra 50 Ideias Criativas para Exibir Suas Prateleiras de Cozinha!"},"content":{"rendered":"<p>Se voc\u00ea quer dar aquele toque especial na sua cozinha, descubra 50 ideias criativas para exibir suas prateleiras de forma incr\u00edvel!<\/p>\n<h3>1. O que s\u00e3o prateleiras de cozinha?<\/h3>\n<figure style=\"width: 1024px\" class=\"wp-caption aligncenter\"><img decoding=\"async\" src=\"https:\/\/www.aarquiteta.com.br\/blog\/wp-content\/uploads\/2025\/04\/prateleiras-para-cozinha-5-730x730.jpg\" alt=\"e at\u00e9 objetos decorativos\" title=\"\"><figcaption class=\"wp-caption-text\">e at\u00e9 objetos decorativos<\/figcaption><\/figure>\n<p>As <b>prateleiras de cozinha<\/b> s\u00e3o superf\u00edcies pr\u00e1ticas que ajudam a expor e organizar itens importantes. Al\u00e9m de funcionais, trazem um charme ao ambiente!<\/p>\n<h3>2. Prateleiras abertas: a tend\u00eancia!<\/h3>\n<figure style=\"width: 1024px\" class=\"wp-caption aligncenter\"><img decoding=\"async\" src=\"https:\/\/www.aarquiteta.com.br\/blog\/wp-content\/uploads\/2025\/04\/prateleiras-para-cozinha01.jpg\" alt=\"PRATELEIRAS PARA COZINHA: 50 IDEIAS PARA DEIXAR TUDO \u00c0 MOSTRA\" width=\"1024\" height=\"1024\" title=\"\"><figcaption class=\"wp-caption-text\">PRATELEIRAS PARA COZINHA: 50 IDEIAS PARA DEIXAR TUDO \u00c0 MOSTRA<\/figcaption><\/figure>\n<p>Prateleiras abertas s\u00e3o a nova sensa\u00e7\u00e3o. Elas fazem qualquer cozinha parecer mais <b>ampla e arejada<\/b>. \u00c9 como um convite para mostrar suas lou\u00e7as e utens\u00edlios!<\/p>\n<h3>3. Materiais e estilos<\/h3>\n<figure style=\"width: 1024px\" class=\"wp-caption aligncenter\"><img decoding=\"async\" src=\"https:\/\/www.aarquiteta.com.br\/blog\/wp-content\/uploads\/2025\/04\/prateleiras-para-cozinha-00.jpg\" alt=\"Foto de prateleiras para cozinha 1 - 1\" title=\"\"><figcaption class=\"wp-caption-text\">Foto de prateleiras para cozinha 1 &#8211; 1<\/figcaption><\/figure>\n<p>As prateleiras v\u00eam em diferentes <b>materiais<\/b>: madeira, metal, vidro, e cada um tem sua pr\u00f3pria vibe. Qual \u00e9 a sua favorita?<\/p>\n<h3>4. Use prateleiras para rostos conhecidos<\/h3>\n<figure style=\"width: 1024px\" class=\"wp-caption aligncenter\"><img decoding=\"async\" src=\"https:\/\/www.aarquiteta.com.br\/blog\/wp-content\/uploads\/2025\/04\/prateleiras-para-cozinha02.jpg\" alt=\"PRATELEIRAS PARA COZINHA: 50 IDEIAS PARA DEIXAR TUDO \u00c0 MOSTRA\" width=\"1024\" height=\"1024\" title=\"\"><figcaption class=\"wp-caption-text\">PRATELEIRAS PARA COZINHA: 50 IDEIAS PARA DEIXAR TUDO \u00c0 MOSTRA<\/figcaption><\/figure>\n<p>Uma prateleira com suas canecas preferidas e pratos coloridos \u00e9 quase uma galeria. Voc\u00ea pode at\u00e9 fazer uma <b>exposi\u00e7\u00e3o dos seus itens mais queridos<\/b>!<\/p>\n<h3>5. A decorativa dupla<\/h3>\n<figure style=\"width: 1024px\" class=\"wp-caption aligncenter\"><img decoding=\"async\" src=\"https:\/\/www.aarquiteta.com.br\/blog\/wp-content\/uploads\/2025\/04\/prateleiras-para-cozinha-1-730x912.jpg\" alt=\"E AINDA D\u00c3O UM TOQUE ESPECIAL NA DECORA\u00c7\u00c3O DA COZINHA\" title=\"\"><figcaption class=\"wp-caption-text\">E AINDA D\u00c3O UM TOQUE ESPECIAL NA DECORA\u00c7\u00c3O DA COZINHA<\/figcaption><\/figure>\n<p>Al\u00e9m dos utens\u00edlios, por que n\u00e3o adicionar <b>plantas<\/b>? Vasinhos com ervas ou suculentas podem dar outro ar ao espa\u00e7o e ainda s\u00e3o pr\u00e1ticos na cozinha.<\/p>\n<h3>6. Crie camadas na disposi\u00e7\u00e3o<\/h3>\n<figure style=\"width: 1024px\" class=\"wp-caption aligncenter\"><img decoding=\"async\" src=\"https:\/\/www.aarquiteta.com.br\/blog\/wp-content\/uploads\/2025\/04\/prateleiras-para-cozinha03.jpg\" alt=\"PRATELEIRAS PARA COZINHA: 50 IDEIAS PARA DEIXAR TUDO \u00c0 MOSTRA\" width=\"1024\" height=\"1024\" title=\"\"><figcaption class=\"wp-caption-text\">PRATELEIRAS PARA COZINHA: 50 IDEIAS PARA DEIXAR TUDO \u00c0 MOSTRA<\/figcaption><\/figure>\n<p>Brincar com alturas e profundidades \u00e9 uma \u00f3tima forma de trazer movimento. Use prateleiras de diferentes tamanhos e <b>composi\u00e7\u00f5es<\/b> para deixar tudo mais din\u00e2mico.<\/p>\n<h3>7. A ilumina\u00e7\u00e3o \u00e9 tudo<\/h3>\n<figure style=\"width: 1024px\" class=\"wp-caption aligncenter\"><img decoding=\"async\" src=\"https:\/\/www.aarquiteta.com.br\/blog\/wp-content\/uploads\/2025\/04\/prateleiras-para-cozinha-2-730x641.jpg\" alt=\"Voc\u00ea pode armazenar itens que sempre usa no dia a dia\" title=\"\"><figcaption class=\"wp-caption-text\">Voc\u00ea pode armazenar itens que sempre usa no dia a dia<\/figcaption><\/figure>\n<p>Que tal adicionar uma <b>ilumina\u00e7\u00e3o especial<\/b> nas prateleiras? Spotlights ou fitas de LED fazem toda a diferen\u00e7a e real\u00e7am a beleza dos seus itens expostos!<\/p>\n<h3>8. As 50 ideias que v\u00e3o inspirar voc\u00ea<\/h3>\n<figure style=\"width: 1024px\" class=\"wp-caption aligncenter\"><img decoding=\"async\" src=\"https:\/\/www.aarquiteta.com.br\/blog\/wp-content\/uploads\/2025\/04\/prateleiras-para-cozinha4.jpg\" alt=\"PRATELEIRAS PARA COZINHA: 50 IDEIAS PARA DEIXAR TUDO \u00c0 MOSTRA\" width=\"1024\" height=\"1024\" title=\"\"><figcaption class=\"wp-caption-text\">PRATELEIRAS PARA COZINHA: 50 IDEIAS PARA DEIXAR TUDO \u00c0 MOSTRA<\/figcaption><\/figure>\n<table>\n<tr>\n<th>Ideia<\/th>\n<th>Descri\u00e7\u00e3o<\/th>\n<\/tr>\n<tr>\n<td>Prateleiras abertas<\/td>\n<td>Exponha lou\u00e7as e crie uma galeria visual.<\/td>\n<\/tr>\n<tr>\n<td>Uso de plantas<\/td>\n<td>Adicione um toque verde com ervas ou suculentas.<\/td>\n<\/tr>\n<tr>\n<td>Ilumina\u00e7\u00e3o criativa<\/td>\n<td>Realce seus itens com luzes direcionadas.<\/td>\n<\/tr>\n<tr>\n<td>Materiais variados<\/td>\n<td>Combinar madeira, metal e vidro para um visual \u00fanico.<\/td>\n<\/tr>\n<tr>\n<td>Disposi\u00e7\u00e3o assim\u00e9trica<\/td>\n<td>Bricar com alturas e profundidades para um visual din\u00e2mico.<\/td>\n<\/tr>\n<\/table>\n<p>Essas s\u00e3o algumas das dicas que podem transformar sua cozinha em um verdadeiro <b>espa\u00e7o multifuncional<\/b>. As <b>prateleiras<\/b> s\u00e3o mais que simples suportes, s\u00e3o elementos decorativos que t\u00eam o poder de transmitir sua personalidade!<\/p>\n<p>Experimente um mix de estilos e se jogue no seu projeto! Afinal, cada pratinho e utens\u00edlio tem uma hist\u00f3ria, e \u00e9 hora de <b>cont\u00e1-las tamb\u00e9m na decora\u00e7\u00e3o<\/b>. Voc\u00ea est\u00e1 pronto para isso?<\/p>\n<figure style=\"width: 1024px\" class=\"wp-caption aligncenter\"><img decoding=\"async\" src=\"https:\/\/www.aarquiteta.com.br\/blog\/wp-content\/uploads\/2025\/04\/prateleiras-para-cozinha-3-730x913.jpg\" alt=\"como potes, utens\u00edlios e lou\u00e7as\" title=\"\"><figcaption class=\"wp-caption-text\">como potes, utens\u00edlios e lou\u00e7as<\/figcaption><\/figure>\n<h3>Para se aprofundar mais sobre o tema, veja a minha recomenda\u00e7\u00e3o sobre o tema deste artigo no v\u00eddeo a seguir abaixo:<\/h3>\n<p><iframe title=\"YouTube video player\" src=\"https:\/\/www.youtube.com\/embed\/F2GhQk2QELA\" width=\"560\" height=\"315\" frameborder=\"0\" allowfullscreen=\"allowfullscreen\"><\/iframe><\/p>\n<figure style=\"width: 1024px\" class=\"wp-caption aligncenter\"><img decoding=\"async\" src=\"https:\/\/www.aarquiteta.com.br\/blog\/wp-content\/uploads\/2025\/04\/prateleiras-para-cozinha-4-730x879.jpg\" alt=\"tamb\u00e9m pode colocar pequenos eletrodom\u00e9sticos\" title=\"\"><figcaption class=\"wp-caption-text\">tamb\u00e9m pode colocar pequenos eletrodom\u00e9sticos<\/figcaption><\/figure>\n","protected":false},"excerpt":{"rendered":"<p>Se voc\u00ea quer dar aquele toque especial na sua cozinha, descubra 50 ideias criativas para exibir suas prateleiras de forma incr\u00edvel! 1. O que s\u00e3o prateleiras de cozinha? As prateleiras de cozinha s\u00e3o superf\u00edcies pr\u00e1ticas que ajudam a expor e organizar itens importantes. Al\u00e9m de funcionais, trazem um charme ao ambiente! 2. Prateleiras abertas: a [&hellip;]<\/p>\n","protected":false},"author":102,"featured_media":149438,"comment_status":"open","ping_status":"","sticky":false,"template":"","format":"standard","meta":{"footnotes":""},"categories":[1484],"tags":[],"class_list":["post-149445","post","type-post","status-publish","format-standard","has-post-thumbnail","category-decoracao"],"_wp_attached_file":null,"_wp_attachment_metadata":null,"_wp_attachment_context":null,"_wp_attachment_is_custom_header":null,"geo_longitude":null,"geo_public":null,"geo_latitude":null,"_publicize_done_external":null,"_wpas_done_3897181":null,"publicize_twitter_user":null,"_wpas_done_3897175":null,"_wpas_skip_3897181":null,"_wpas_skip_3897175":null,"_wpas_skip_3924723":null,"_wpas_mess":null,"_wpas_done_3924723":null,"wps_subtitle":"","_links":{"self":[{"href":"https:\/\/www.aarquiteta.com.br\/blog\/wp-json\/wp\/v2\/posts\/149445","targetHints":{"allow":["GET"]}}],"collection":[{"href":"https:\/\/www.aarquiteta.com.br\/blog\/wp-json\/wp\/v2\/posts"}],"about":[{"href":"https:\/\/www.aarquiteta.com.br\/blog\/wp-json\/wp\/v2\/types\/post"}],"author":[{"embeddable":true,"href":"https:\/\/www.aarquiteta.com.br\/blog\/wp-json\/wp\/v2\/users\/102"}],"replies":[{"embeddable":true,"href":"https:\/\/www.aarquiteta.com.br\/blog\/wp-json\/wp\/v2\/comments?post=149445"}],"version-history":[{"count":0,"href":"https:\/\/www.aarquiteta.com.br\/blog\/wp-json\/wp\/v2\/posts\/149445\/revisions"}],"wp:featuredmedia":[{"embeddable":true,"href":"https:\/\/www.aarquiteta.com.br\/blog\/wp-json\/wp\/v2\/media\/149438"}],"wp:attachment":[{"href":"https:\/\/www.aarquiteta.com.br\/blog\/wp-json\/wp\/v2\/media?parent=149445"}],"wp:term":[{"taxonomy":"category","embeddable":true,"href":"https:\/\/www.aarquiteta.com.br\/blog\/wp-json\/wp\/v2\/categories?post=149445"},{"taxonomy":"post_tag","embeddable":true,"href":"https:\/\/www.aarquiteta.com.br\/blog\/wp-json\/wp\/v2\/tags?post=149445"}],"curies":[{"name":"wp","href":"https:\/\/api.w.org\/{rel}","templated":true}]}}