{"id":149361,"date":"2025-04-17T13:19:17","date_gmt":"2025-04-17T16:19:17","guid":{"rendered":"https:\/\/www.aarquiteta.com.br\/blog\/mesa-redonda-de-vidro-2\/"},"modified":"2025-04-17T14:13:03","modified_gmt":"2025-04-17T17:13:03","slug":"mesa-redonda-de-vidro-2","status":"publish","type":"post","link":"https:\/\/www.aarquiteta.com.br\/blog\/mesa-redonda-de-vidro-2\/","title":{"rendered":"Transforme sua Decora\u00e7\u00e3o: 10 Inspira\u00e7\u00f5es Incr\u00edveis com Mesa Redonda de Vidro!"},"content":{"rendered":"<p>Voc\u00ea sabia que uma mesa redonda de vidro pode transformar qualquer ambiente? Aqui est\u00e3o 66 inspira\u00e7\u00f5es incr\u00edveis para sua decora\u00e7\u00e3o!<\/p>\n<h3>Por que a mesa redonda de vidro \u00e9 a escolha perfeita?<\/h3>\n<figure style=\"width: 1024px\" class=\"wp-caption aligncenter\"><img decoding=\"async\" src=\"https:\/\/www.aarquiteta.com.br\/blog\/wp-content\/uploads\/2025\/04\/mesa-redonda-de-vidro-5-730x730.jpg\" alt=\"Mesa de vidro com base diferenciada, mostrando como o formato da base pode variar.\" title=\"\"><figcaption class=\"wp-caption-text\">Mesa de vidro com base diferenciada, mostrando como o formato da base pode variar.<\/figcaption><\/figure>\n<p>Voc\u00ea j\u00e1 percebeu como um <b>simples detalhe<\/b> pode transformar completamente a decora\u00e7\u00e3o da sua sala? A mesa redonda de vidro \u00e9 uma dessas pe\u00e7as m\u00e1gicas!<\/p>\n<p>Ela traz <b>modernidade<\/b> e leveza ao espa\u00e7o, unindo beleza e funcionalidade de forma impressionante. As op\u00e7\u00f5es variam muito, desde a cozinha at\u00e9 a sala de jantar.<\/p>\n<h3>Versatilidade que encanta<\/h3>\n<figure style=\"width: 1024px\" class=\"wp-caption aligncenter\"><img decoding=\"async\" src=\"https:\/\/www.aarquiteta.com.br\/blog\/wp-content\/uploads\/2025\/04\/mesa-redonda-de-vidro01.jpg\" alt=\"Mesa Redonda de Vidro: 66 Maneiras de Usar na Sua Decora\u00e7\u00e3o\" width=\"1024\" height=\"1024\" title=\"\"><figcaption class=\"wp-caption-text\">Mesa Redonda de Vidro: 66 Maneiras de Usar na Sua Decora\u00e7\u00e3o<\/figcaption><\/figure>\n<p>A mesa redonda de vidro \u00e9 <b>vers\u00e1til<\/b> e se adapta a diferentes ambientes. Se a sua casa for compacta, ela se encaixa sem ocupar muito espa\u00e7o. Se for ampla, traz um toque de eleg\u00e2ncia.<\/p>\n<p>Al\u00e9m disso, d\u00e1 para brincar com a <b>variedade de cores<\/b> e texturas nas bases, criando uma composi\u00e7\u00e3o \u00fanica!<\/p>\n<h3>Medidas que se ajustam ao seu espa\u00e7o<\/h3>\n<figure style=\"width: 1024px\" class=\"wp-caption aligncenter\"><img decoding=\"async\" src=\"https:\/\/www.aarquiteta.com.br\/blog\/wp-content\/uploads\/2025\/04\/mesa-redonda-de-vidro-capa-3.jpg\" alt=\"Mesa redonda de vidro dispon\u00edveis em v\u00e1rios tipos de tampo e base, adaptando-se a diferentes estilos de ambiente.\" title=\"\"><figcaption class=\"wp-caption-text\">Mesa redonda de vidro dispon\u00edveis em v\u00e1rios tipos de tampo e base, adaptando-se a diferentes estilos de ambiente.<\/figcaption><\/figure>\n<p>Cada canto da sua casa tem seu charme, e uma mesa redonda de vidro pode ser feita sob medida. As medidas podem variar, mas o importante \u00e9 que seja funcional, n\u00e3o \u00e9 mesmo?<\/p>\n<p>Voc\u00ea pode optar por mesas de 6 lugares ou as mais <b>compactas<\/b>, perfeitas para um espa\u00e7o mais restrito. Qual vai ser a sua escolha?<\/p>\n<h3>Combinando com a decora\u00e7\u00e3o<\/h3>\n<figure style=\"width: 1024px\" class=\"wp-caption aligncenter\"><img decoding=\"async\" src=\"https:\/\/www.aarquiteta.com.br\/blog\/wp-content\/uploads\/2025\/04\/mesa-redonda-de-vidro02.jpg\" alt=\"Mesa Redonda de Vidro: 66 Maneiras de Usar na Sua Decora\u00e7\u00e3o\" width=\"1024\" height=\"1024\" title=\"\"><figcaption class=\"wp-caption-text\">Mesa Redonda de Vidro: 66 Maneiras de Usar na Sua Decora\u00e7\u00e3o<\/figcaption><\/figure>\n<p>As mesas devem <b>combinar<\/b> com a decora\u00e7\u00e3o. Se voc\u00ea tem um estilo r\u00fastico, por que n\u00e3o usufruir de uma bela mesa de madeira com topo de vidro? Fica incr\u00edvel!<\/p>\n<p>Em ambientes coloridos, o vidro transparente reflete a luz e destaca <b>detalhes<\/b> das cadeiras, criando uma atmosfera leve.<\/p>\n<h3>Decora\u00e7\u00e3o com estilo<\/h3>\n<figure style=\"width: 1024px\" class=\"wp-caption aligncenter\"><img decoding=\"async\" src=\"https:\/\/www.aarquiteta.com.br\/blog\/wp-content\/uploads\/2025\/04\/mesa-redonda-de-vidro-1-730x913.jpg\" alt=\"Imagem de uma mesa de vidro em um espa\u00e7o compacto.\" title=\"\"><figcaption class=\"wp-caption-text\">Imagem de uma mesa de vidro em um espa\u00e7o compacto.<\/figcaption><\/figure>\n<p>Vamos falar sobre combina\u00e7\u00f5es que funcionam? A madeira faz uma <b>boa combina\u00e7\u00e3o<\/b> com o vidro. E se voc\u00ea quiser, pode at\u00e9 usar mesas de vidro em ambientes coloridos!<\/p>\n<p>Um tampo jateado proporciona um efeito visual fascinante, garantindo que a sua mesa ser\u00e1 o centro das aten\u00e7\u00f5es, sempre!<\/p>\n<h3>Inspira\u00e7\u00f5es para sua decora\u00e7\u00e3o<\/h3>\n<figure style=\"width: 1024px\" class=\"wp-caption aligncenter\"><img decoding=\"async\" src=\"https:\/\/www.aarquiteta.com.br\/blog\/wp-content\/uploads\/2025\/04\/mesa-redonda-de-vidro03.jpg\" alt=\"Mesa Redonda de Vidro: 66 Maneiras de Usar na Sua Decora\u00e7\u00e3o\" width=\"1024\" height=\"1024\" title=\"\"><figcaption class=\"wp-caption-text\">Mesa Redonda de Vidro: 66 Maneiras de Usar na Sua Decora\u00e7\u00e3o<\/figcaption><\/figure>\n<table>\n<tr>\n<th><b>Tipo de Ambiente<\/b><\/th>\n<th><b>Estilo de Mesa<\/b><\/th>\n<th><b>Dicas<\/b><\/th>\n<\/tr>\n<tr>\n<td>Cozinha<\/td>\n<td>Compacta<\/td>\n<td>Escolha uma base colorida para alegrar o espa\u00e7o.<\/td>\n<\/tr>\n<tr>\n<td>Sala de Jantar<\/td>\n<td>Espa\u00e7osa<\/td>\n<td>Combine com cadeiras elegantes.<\/td>\n<\/tr>\n<tr>\n<td>\u00c1rea Externa<\/td>\n<td>Natural<\/td>\n<td>Opte por materiais que resistam ao tempo.<\/td>\n<\/tr>\n<\/table>\n<h3>Cuidado com a limpeza!<\/h3>\n<figure style=\"width: 1024px\" class=\"wp-caption aligncenter\"><img decoding=\"async\" src=\"https:\/\/www.aarquiteta.com.br\/blog\/wp-content\/uploads\/2025\/04\/mesa-redonda-de-vidro-2-730x487.jpg\" alt=\"Mesa de vidro em um espa\u00e7o mais amplo, mostrando a versatilidade desse m\u00f3vel.\" title=\"\"><figcaption class=\"wp-caption-text\">Mesa de vidro em um espa\u00e7o mais amplo, mostrando a versatilidade desse m\u00f3vel.<\/figcaption><\/figure>\n<p>Um dos grandes benef\u00edcios da mesa de vidro \u00e9 a sua <b>facilidade de limpeza<\/b>. Um pano \u00famido e alguns minutos s\u00e3o suficientes para devolver o brilho!<\/p>\n<p>Com a mesa certa, voc\u00ea pode aproveitar cada momento, seja um lanche r\u00e1pido ou um jantar em fam\u00edlia. Eu sempre digo que vale a pena investir na qualidade!<\/p>\n<h3>O toque final da sua decora\u00e7\u00e3o<\/h3>\n<figure style=\"width: 1024px\" class=\"wp-caption aligncenter\"><img decoding=\"async\" src=\"https:\/\/www.aarquiteta.com.br\/blog\/wp-content\/uploads\/2025\/04\/mesa-redonda-de-vidro4.jpg\" alt=\"Mesa Redonda de Vidro: 66 Maneiras de Usar na Sua Decora\u00e7\u00e3o\" width=\"1024\" height=\"1024\" title=\"\"><figcaption class=\"wp-caption-text\">Mesa Redonda de Vidro: 66 Maneiras de Usar na Sua Decora\u00e7\u00e3o<\/figcaption><\/figure>\n<p>Por fim, n\u00e3o tenha medo de ousar! A mesa redonda de vidro n\u00e3o apenas <b>embeleza<\/b> o espa\u00e7o, mas tamb\u00e9m potencializa a sua criatividade na hora de decorar.<\/p>\n<p>Escolha um modelo que traga alegria ao ambiente e aproveite cada dia com muito mais estilo!<\/p>\n<figure style=\"width: 1024px\" class=\"wp-caption aligncenter\"><img decoding=\"async\" src=\"https:\/\/www.aarquiteta.com.br\/blog\/wp-content\/uploads\/2025\/04\/mesa-redonda-de-vidro-3-730x913.jpg\" alt=\"Mais uma imagem destacando a mesa redonda e sua versatilidade na decora\u00e7\u00e3o.\" title=\"\"><figcaption class=\"wp-caption-text\">Mais uma imagem destacando a mesa redonda e sua versatilidade na decora\u00e7\u00e3o.<\/figcaption><\/figure>\n<h3>Para se aprofundar mais sobre o tema, veja a minha recomenda\u00e7\u00e3o sobre o tema deste artigo no v\u00eddeo a seguir abaixo:<\/h3>\n<p><iframe title=\"YouTube video player\" src=\"https:\/\/www.youtube.com\/embed\/9eDEdf6chXs\" width=\"560\" height=\"315\" frameborder=\"0\" allowfullscreen=\"allowfullscreen\"><\/iframe><\/p>\n<figure style=\"width: 1024px\" class=\"wp-caption aligncenter\"><img decoding=\"async\" src=\"https:\/\/www.aarquiteta.com.br\/blog\/wp-content\/uploads\/2025\/04\/mesa-redonda-de-vidro-4-730x730.jpg\" alt=\"Mesa redonda com tampo em diversas cores, mostrando a variedade dispon\u00edvel.\" title=\"\"><figcaption class=\"wp-caption-text\">Mesa redonda com tampo em diversas cores, mostrando a variedade dispon\u00edvel.<\/figcaption><\/figure>\n","protected":false},"excerpt":{"rendered":"<p>Voc\u00ea sabia que uma mesa redonda de vidro pode transformar qualquer ambiente? Aqui est\u00e3o 66 inspira\u00e7\u00f5es incr\u00edveis para sua decora\u00e7\u00e3o! Por que a mesa redonda de vidro \u00e9 a escolha perfeita? Voc\u00ea j\u00e1 percebeu como um simples detalhe pode transformar completamente a decora\u00e7\u00e3o da sua sala? A mesa redonda de vidro \u00e9 uma dessas pe\u00e7as [&hellip;]<\/p>\n","protected":false},"author":102,"featured_media":149354,"comment_status":"open","ping_status":"closed","sticky":false,"template":"","format":"standard","meta":{"footnotes":""},"categories":[1484],"tags":[],"class_list":["post-149361","post","type-post","status-publish","format-standard","has-post-thumbnail","category-decoracao"],"_wp_attached_file":null,"_wp_attachment_metadata":null,"_wp_attachment_context":null,"_wp_attachment_is_custom_header":null,"geo_longitude":null,"geo_public":null,"geo_latitude":null,"_publicize_done_external":null,"_wpas_done_3897181":null,"publicize_twitter_user":null,"_wpas_done_3897175":null,"_wpas_skip_3897181":null,"_wpas_skip_3897175":null,"_wpas_skip_3924723":null,"_wpas_mess":null,"_wpas_done_3924723":null,"wps_subtitle":"","_links":{"self":[{"href":"https:\/\/www.aarquiteta.com.br\/blog\/wp-json\/wp\/v2\/posts\/149361","targetHints":{"allow":["GET"]}}],"collection":[{"href":"https:\/\/www.aarquiteta.com.br\/blog\/wp-json\/wp\/v2\/posts"}],"about":[{"href":"https:\/\/www.aarquiteta.com.br\/blog\/wp-json\/wp\/v2\/types\/post"}],"author":[{"embeddable":true,"href":"https:\/\/www.aarquiteta.com.br\/blog\/wp-json\/wp\/v2\/users\/102"}],"replies":[{"embeddable":true,"href":"https:\/\/www.aarquiteta.com.br\/blog\/wp-json\/wp\/v2\/comments?post=149361"}],"version-history":[{"count":0,"href":"https:\/\/www.aarquiteta.com.br\/blog\/wp-json\/wp\/v2\/posts\/149361\/revisions"}],"wp:featuredmedia":[{"embeddable":true,"href":"https:\/\/www.aarquiteta.com.br\/blog\/wp-json\/wp\/v2\/media\/149354"}],"wp:attachment":[{"href":"https:\/\/www.aarquiteta.com.br\/blog\/wp-json\/wp\/v2\/media?parent=149361"}],"wp:term":[{"taxonomy":"category","embeddable":true,"href":"https:\/\/www.aarquiteta.com.br\/blog\/wp-json\/wp\/v2\/categories?post=149361"},{"taxonomy":"post_tag","embeddable":true,"href":"https:\/\/www.aarquiteta.com.br\/blog\/wp-json\/wp\/v2\/tags?post=149361"}],"curies":[{"name":"wp","href":"https:\/\/api.w.org\/{rel}","templated":true}]}}