{"id":149339,"date":"2025-04-17T12:48:45","date_gmt":"2025-04-17T15:48:45","guid":{"rendered":"https:\/\/www.aarquiteta.com.br\/blog\/distancia-entre-tv-e-sofa\/"},"modified":"2025-04-17T12:48:45","modified_gmt":"2025-04-17T15:48:45","slug":"distancia-entre-tv-e-sofa","status":"publish","type":"post","link":"https:\/\/www.aarquiteta.com.br\/blog\/distancia-entre-tv-e-sofa\/","title":{"rendered":"Voc\u00ea sabia qual \u00e9 a dist\u00e2ncia perfeita entre a TV e o sof\u00e1? Descubra a medida ideal para otimizar seu espa\u00e7o!"},"content":{"rendered":"<p><body><\/p>\n<p>Voc\u00ea sabia que a dist\u00e2ncia entre a TV e o sof\u00e1 influencia na qualidade da sua experi\u00eancia? Descubra agora a medida ideal!<\/p>\n<h3>A import\u00e2ncia da dist\u00e2ncia entre TV e sof\u00e1<\/h3>\n<img decoding=\"async\" src=\"\" alt=\"\" title=\"\">\n<p>Voc\u00ea j\u00e1 percebeu que um detalhe simples como a dist\u00e2ncia entre a TV e o sof\u00e1 pode transformar seu momento de lazer? Acredite, essa medida \u00e9 crucial para <b>garantir conforto<\/b> e uma experi\u00eancia visual incr\u00edvel.<\/p>\n<h3>Crit\u00e9rios para calcular a dist\u00e2ncia perfeita<\/h3>\n<figure style=\"width: 1024px\" class=\"wp-caption aligncenter\"><img decoding=\"async\" src=\"https:\/\/www.aarquiteta.com.br\/blog\/wp-content\/uploads\/2025\/04\/distancia-entre-tv-e-sofa01.jpg\" alt=\"Como Calcular a Dist\u00e2ncia Ideal Entre a TV e o Sof\u00e1\" width=\"1024\" height=\"1024\" title=\"\"><figcaption class=\"wp-caption-text\">Como Calcular a Dist\u00e2ncia Ideal Entre a TV e o Sof\u00e1<\/figcaption><\/figure>\n<p>Antes de mais nada, \u00e9 essencial considerar alguns fatores. O tamanho da TV, a ilumina\u00e7\u00e3o do ambiente e at\u00e9 mesmo o tipo de sof\u00e1 influenciam nessa <b>decis\u00e3o<\/b>. Como tudo na vida, \u00e9 bom ter um equil\u00edbrio.<\/p>\n<h3>Como fazer o c\u00e1lculo da dist\u00e2ncia ideal<\/h3>\n<figure style=\"width: 1024px\" class=\"wp-caption aligncenter\"><img decoding=\"async\" src=\"https:\/\/www.aarquiteta.com.br\/blog\/wp-content\/uploads\/2025\/04\/distancia-tv-sofa-capa0.png\" alt=\"Capa do artigo sobre a dist\u00e2ncia entre TV e sof\u00e1.\" title=\"\"><figcaption class=\"wp-caption-text\">Capa do artigo sobre a dist\u00e2ncia entre TV e sof\u00e1.<\/figcaption><\/figure>\n<p>Para calcular a dist\u00e2ncia ideal, a regra b\u00e1sica \u00e9 multiplicar o tamanho da TV, em polegadas, por <b>tr\u00eas<\/b>. Assim, se voc\u00ea tem uma TV de 50 polegadas, a dist\u00e2ncia deve ser de 1,5 metros. N\u00e3o tem erro!<\/p>\n<table>\n<tr>\n<th>Tamanho da TV (polegadas)<\/th>\n<th>Dist\u00e2ncia Ideal (metros)<\/th>\n<\/tr>\n<tr>\n<td>32&#8243;<\/td>\n<td>1,2 m<\/td>\n<\/tr>\n<tr>\n<td>40&#8243;<\/td>\n<td>1,5 m<\/td>\n<\/tr>\n<tr>\n<td>50&#8243;<\/td>\n<td>1,8 m<\/td>\n<\/tr>\n<tr>\n<td>60&#8243;<\/td>\n<td>2,3 m<\/td>\n<\/tr>\n<tr>\n<td>70&#8243;<\/td>\n<td>2,6 m<\/td>\n<\/tr>\n<\/table>\n<h3>Fatores que podem alterar a medida<\/h3>\n<figure style=\"width: 1024px\" class=\"wp-caption aligncenter\"><img decoding=\"async\" src=\"https:\/\/www.aarquiteta.com.br\/blog\/wp-content\/uploads\/2025\/04\/distancia-entre-tv-e-sofa02.jpg\" alt=\"Como Calcular a Dist\u00e2ncia Ideal Entre a TV e o Sof\u00e1\" width=\"1024\" height=\"1024\" title=\"\"><figcaption class=\"wp-caption-text\">Como Calcular a Dist\u00e2ncia Ideal Entre a TV e o Sof\u00e1<\/figcaption><\/figure>\n<p>Vale lembrar que cada sala \u00e9 \u00fanica. Ambientes <b>com mais claridade<\/b> podem exigir uma dist\u00e2ncia maior devido ao reflexo. Portanto, fique atento a essas vari\u00e1veis. Voc\u00ea n\u00e3o vai querer perder o brilho da sua s\u00e9rie favorita!<\/p>\n<h3>Benef\u00edcios de seguir a dist\u00e2ncia ideal<\/h3>\n<figure style=\"width: 1024px\" class=\"wp-caption aligncenter\"><img decoding=\"async\" src=\"https:\/\/www.aarquiteta.com.br\/blog\/wp-content\/uploads\/2025\/04\/rack-00-286x160.jpg\" alt=\"Rack para TV decorativo.\" title=\"\"><figcaption class=\"wp-caption-text\">Rack para TV decorativo.<\/figcaption><\/figure>\n<p>Seguir essa recomenda\u00e7\u00e3o n\u00e3o s\u00f3 melhora sua <b>experi\u00eancia visual<\/b>, mas tamb\u00e9m evita dores no pesco\u00e7o e nos olhos. Afinal, ningu\u00e9m merece passar horas assistindo a um filme e no final sair com dor de cabe\u00e7a, n\u00e9?<\/p>\n<h3>Reflex\u00f5es finais sobre a disposi\u00e7\u00e3o do espa\u00e7o<\/h3>\n<figure style=\"width: 1024px\" class=\"wp-caption aligncenter\"><img decoding=\"async\" src=\"https:\/\/www.aarquiteta.com.br\/blog\/wp-content\/uploads\/2025\/04\/distancia-entre-tv-e-sofa03.jpg\" alt=\"Como Calcular a Dist\u00e2ncia Ideal Entre a TV e o Sof\u00e1\" width=\"1024\" height=\"1024\" title=\"\"><figcaption class=\"wp-caption-text\">Como Calcular a Dist\u00e2ncia Ideal Entre a TV e o Sof\u00e1<\/figcaption><\/figure>\n<p>Lembre-se: um espa\u00e7o bem planejado \u00e9 sin\u00f4nimo de conforto. Invista tempo em calcular a <b>dist\u00e2ncia correta<\/b> e aproveite todos os momentos de lazer com a fam\u00edlia.<\/p>\n<h3>N\u00e3o cometa esses erros comuns!<\/h3>\n<figure style=\"width: 1024px\" class=\"wp-caption aligncenter\"><img decoding=\"async\" src=\"https:\/\/www.aarquiteta.com.br\/blog\/wp-content\/uploads\/2025\/04\/sala-de-tv-000-286x160.jpg\" alt=\"Sala de TV aconchegante.\" title=\"\"><figcaption class=\"wp-caption-text\">Sala de TV aconchegante.<\/figcaption><\/figure>\n<p>Evitar erros na disposi\u00e7\u00e3o dos m\u00f3veis \u00e9 fundamental. Colocar a TV muito alta ou muito baixa pode comprometer seu conforto. Dica valiosa: sempre teste a vis\u00e3o e a ac\u00fastica antes de concluir a disposi\u00e7\u00e3o.<\/p>\n<p>Agora que voc\u00ea sabe como calcular a dist\u00e2ncia perfeita entre a TV e o sof\u00e1, est\u00e1 pronto para transformar seus momentos de entretenimento. \u00c9 s\u00f3 aplicar as dicas e relaxar!<\/p>\n<p><\/body><br \/>\n<figure style=\"width: 1024px\" class=\"wp-caption aligncenter\"><img decoding=\"async\" src=\"https:\/\/www.aarquiteta.com.br\/blog\/wp-content\/uploads\/2025\/04\/distancia-entre-tv-e-sofa4.jpg\" alt=\"Como Calcular a Dist\u00e2ncia Ideal Entre a TV e o Sof\u00e1\" width=\"1024\" height=\"1024\" title=\"\"><figcaption class=\"wp-caption-text\">Como Calcular a Dist\u00e2ncia Ideal Entre a TV e o Sof\u00e1<\/figcaption><\/figure>\n<figure style=\"width: 1024px\" class=\"wp-caption aligncenter\"><img decoding=\"async\" src=\"https:\/\/www.aarquiteta.com.br\/blog\/wp-content\/uploads\/2025\/04\/cores-para-sala-pequena-00-1-286x160.jpg\" alt=\"Uso de cores em sala pequena.\" title=\"\"><figcaption class=\"wp-caption-text\">Uso de cores em sala pequena.<\/figcaption><\/figure>\n<h3>Para se aprofundar mais sobre o tema, veja a minha recomenda\u00e7\u00e3o sobre o tema deste artigo no v\u00eddeo a seguir abaixo:<\/h3>\n<p><iframe title=\"YouTube video player\" src=\"https:\/\/www.youtube.com\/embed\/pKUAf9xu_lY\" width=\"560\" height=\"315\" frameborder=\"0\" allowfullscreen=\"allowfullscreen\"><\/iframe><\/p>\n<figure style=\"width: 1024px\" class=\"wp-caption aligncenter\"><img decoding=\"async\" src=\"https:\/\/www.aarquiteta.com.br\/blog\/wp-content\/uploads\/2025\/04\/distancia-entre-tv-e-sofa-1.png\" alt=\"Gr\u00e1fico ilustrando a dist\u00e2ncia correta entre TV e sof\u00e1.\" title=\"\"><figcaption class=\"wp-caption-text\">Gr\u00e1fico ilustrando a dist\u00e2ncia correta entre TV e sof\u00e1.<\/figcaption><\/figure>\n","protected":false},"excerpt":{"rendered":"<p>Voc\u00ea sabia que a dist\u00e2ncia entre a TV e o sof\u00e1 influencia na qualidade da sua experi\u00eancia? Descubra agora a medida ideal! A import\u00e2ncia da dist\u00e2ncia entre TV e sof\u00e1 Voc\u00ea j\u00e1 percebeu que um detalhe simples como a dist\u00e2ncia entre a TV e o sof\u00e1 pode transformar seu momento de lazer? Acredite, essa medida [&hellip;]<\/p>\n","protected":false},"author":102,"featured_media":149333,"comment_status":"open","ping_status":"","sticky":false,"template":"","format":"standard","meta":{"footnotes":""},"categories":[1484],"tags":[],"class_list":["post-149339","post","type-post","status-publish","format-standard","has-post-thumbnail","category-decoracao"],"_wp_attached_file":null,"_wp_attachment_metadata":null,"_wp_attachment_context":null,"_wp_attachment_is_custom_header":null,"geo_longitude":null,"geo_public":null,"geo_latitude":null,"_publicize_done_external":null,"_wpas_done_3897181":null,"publicize_twitter_user":null,"_wpas_done_3897175":null,"_wpas_skip_3897181":null,"_wpas_skip_3897175":null,"_wpas_skip_3924723":null,"_wpas_mess":null,"_wpas_done_3924723":null,"wps_subtitle":"","_links":{"self":[{"href":"https:\/\/www.aarquiteta.com.br\/blog\/wp-json\/wp\/v2\/posts\/149339","targetHints":{"allow":["GET"]}}],"collection":[{"href":"https:\/\/www.aarquiteta.com.br\/blog\/wp-json\/wp\/v2\/posts"}],"about":[{"href":"https:\/\/www.aarquiteta.com.br\/blog\/wp-json\/wp\/v2\/types\/post"}],"author":[{"embeddable":true,"href":"https:\/\/www.aarquiteta.com.br\/blog\/wp-json\/wp\/v2\/users\/102"}],"replies":[{"embeddable":true,"href":"https:\/\/www.aarquiteta.com.br\/blog\/wp-json\/wp\/v2\/comments?post=149339"}],"version-history":[{"count":0,"href":"https:\/\/www.aarquiteta.com.br\/blog\/wp-json\/wp\/v2\/posts\/149339\/revisions"}],"wp:featuredmedia":[{"embeddable":true,"href":"https:\/\/www.aarquiteta.com.br\/blog\/wp-json\/wp\/v2\/media\/149333"}],"wp:attachment":[{"href":"https:\/\/www.aarquiteta.com.br\/blog\/wp-json\/wp\/v2\/media?parent=149339"}],"wp:term":[{"taxonomy":"category","embeddable":true,"href":"https:\/\/www.aarquiteta.com.br\/blog\/wp-json\/wp\/v2\/categories?post=149339"},{"taxonomy":"post_tag","embeddable":true,"href":"https:\/\/www.aarquiteta.com.br\/blog\/wp-json\/wp\/v2\/tags?post=149339"}],"curies":[{"name":"wp","href":"https:\/\/api.w.org\/{rel}","templated":true}]}}