{"id":149300,"date":"2025-04-17T11:54:22","date_gmt":"2025-04-17T14:54:22","guid":{"rendered":"https:\/\/www.aarquiteta.com.br\/blog\/poltronas-para-varanda\/"},"modified":"2025-04-17T12:05:31","modified_gmt":"2025-04-17T15:05:31","slug":"poltronas-para-varanda","status":"publish","type":"post","link":"https:\/\/www.aarquiteta.com.br\/blog\/poltronas-para-varanda\/","title":{"rendered":"Descubra 10 Poltronas de Varanda que Transformam Conforto em Estilo!"},"content":{"rendered":"<p><body><\/p>\n<p>Est\u00e1 na hora de renovar a sua varanda! <b>A poltrona ideal<\/b> pode unir conforto e estilo de um jeito incr\u00edvel.<\/p>\n<h3>O desafio da escolha: conforto ou estilo?<\/h3>\n<figure style=\"width: 1024px\" class=\"wp-caption aligncenter\"><img decoding=\"async\" src=\"https:\/\/www.aarquiteta.com.br\/blog\/wp-content\/uploads\/2025\/04\/poltrona-de-varanda-02.jpg\" alt=\"Poltrona de varanda com design moderno\" title=\"\"><figcaption class=\"wp-caption-text\">Poltrona de varanda com design moderno<\/figcaption><\/figure>\n<p>Voc\u00ea j\u00e1 parou pra pensar <b>como a escolha da poltrona ideal<\/b> pode transformar sua varanda? Eu mesma j\u00e1 passei horas decidindo, at\u00e9 perceber que a chave \u00e9 mesclar os dois!<\/p>\n<h3>Varanda: O espa\u00e7o dos sonhos<\/h3>\n<figure style=\"width: 1024px\" class=\"wp-caption aligncenter\"><img decoding=\"async\" src=\"https:\/\/www.aarquiteta.com.br\/blog\/wp-content\/uploads\/2025\/04\/poltronas-para-varanda01.jpg\" alt=\"70 Op\u00e7\u00f5es de Poltronas para Varanda que Unem Conforto e Estilo\" width=\"1024\" height=\"1024\" title=\"\"><figcaption class=\"wp-caption-text\">70 Op\u00e7\u00f5es de Poltronas para Varanda que Unem Conforto e Estilo<\/figcaption><\/figure>\n<p>A varanda \u00e9 o lugar perfeito pra <b>desfrutar momentos<\/b> com amigos ou s\u00f3 pra relaxar depois de um dia intenso. Quando bem decorada, ela se torna um verdadeiro o\u00e1sis.<\/p>\n<h3>70 poltronas que v\u00e3o te encantar<\/h3>\n<figure style=\"width: 1024px\" class=\"wp-caption aligncenter\"><img decoding=\"async\" src=\"https:\/\/www.aarquiteta.com.br\/blog\/wp-content\/uploads\/2025\/04\/poltrona-para-varanda-capa.png\" alt=\"Capa do artigo sobre poltronas para varanda\" title=\"\"><figcaption class=\"wp-caption-text\">Capa do artigo sobre poltronas para varanda<\/figcaption><\/figure>\n<p>Agora, vamos falar sobre as <b>70 poltronas<\/b> que v\u00e3o deixar sua varanda irresist\u00edvel! Tem op\u00e7\u00f5es para todos os gostos e estilos. Desde as cl\u00e1ssicas em madeira at\u00e9 as mais modernas em vime.<\/p>\n<h3>Materiais que fazem a diferen\u00e7a<\/h3>\n<figure style=\"width: 1024px\" class=\"wp-caption aligncenter\"><img decoding=\"async\" src=\"https:\/\/www.aarquiteta.com.br\/blog\/wp-content\/uploads\/2025\/04\/poltronas-para-varanda02.jpg\" alt=\"70 Op\u00e7\u00f5es de Poltronas para Varanda que Unem Conforto e Estilo\" width=\"1024\" height=\"1024\" title=\"\"><figcaption class=\"wp-caption-text\">70 Op\u00e7\u00f5es de Poltronas para Varanda que Unem Conforto e Estilo<\/figcaption><\/figure>\n<p>A escolha do material \u00e9 crucial. Ah, e n\u00e3o d\u00e1 pra esquecer: se a varanda \u00e9 descoberta, o ideal \u00e9 optar por materiais que resistem \u00e0s intemp\u00e9ries. <b>Isso garante<\/b> a durabilidade das suas poltronas.<\/p>\n<h3>As cores que falam com voc\u00ea<\/h3>\n<figure style=\"width: 1024px\" class=\"wp-caption aligncenter\"><img decoding=\"async\" src=\"https:\/\/www.aarquiteta.com.br\/blog\/wp-content\/uploads\/2025\/04\/varanda-gourmet-000-286x160.jpg\" alt=\"Foto de varanda gourmet decorada\" title=\"\"><figcaption class=\"wp-caption-text\">Foto de varanda gourmet decorada<\/figcaption><\/figure>\n<p>Se voc\u00ea curte uma vibe alegre, as poltronas coloridas s\u00e3o a pedida! Elas trazem personalidade e podem fazer toda a diferen\u00e7a. Quando tomamos a decis\u00e3o de usar <b>cores vibrantes<\/b>, a varanda ganha vida!<\/p>\n<h3>Um toque de acolhimento<\/h3>\n<figure style=\"width: 1024px\" class=\"wp-caption aligncenter\"><img decoding=\"async\" src=\"https:\/\/www.aarquiteta.com.br\/blog\/wp-content\/uploads\/2025\/04\/poltronas-para-varanda03.jpg\" alt=\"70 Op\u00e7\u00f5es de Poltronas para Varanda que Unem Conforto e Estilo\" width=\"1024\" height=\"1024\" title=\"\"><figcaption class=\"wp-caption-text\">70 Op\u00e7\u00f5es de Poltronas para Varanda que Unem Conforto e Estilo<\/figcaption><\/figure>\n<p>N\u00e3o \u00e9 s\u00f3 na beleza que a poltrona deve brilhar, mas tamb\u00e9m no <b>tamanho e no conforto<\/b> que proporciona. Almofadas s\u00e3o sempre bem-vindas, certo? Elas d\u00e3o um charme especial e s\u00e3o super pr\u00e1ticas para mudar a cara do ambiente.<\/p>\n<h3>Um espa\u00e7o para receber bem<\/h3>\n<figure style=\"width: 1024px\" class=\"wp-caption aligncenter\"><img decoding=\"async\" src=\"https:\/\/www.aarquiteta.com.br\/blog\/wp-content\/uploads\/2025\/04\/cadeiras-para-varanda-00-286x160.jpg\" alt=\"Cadeiras para varanda: modelos decorativos\" title=\"\"><figcaption class=\"wp-caption-text\">Cadeiras para varanda: modelos decorativos<\/figcaption><\/figure>\n<p>E a\u00ed, o que acha de criar um <b>espa\u00e7o para receber amigos<\/b>? O ideal \u00e9 ter poltronas que, al\u00e9m de confort\u00e1veis, conversam entre si para garantir harmonia na decora\u00e7\u00e3o.<\/p>\n<table>\n<tr>\n<th>Caracter\u00edsticas<\/th>\n<th>Exemplos<\/th>\n<\/tr>\n<tr>\n<td>Material<\/td>\n<td>Madeira, vime, metal<\/td>\n<\/tr>\n<tr>\n<td>Cores<\/td>\n<td>Coloridas, neutras<\/td>\n<\/tr>\n<tr>\n<td>Estilo<\/td>\n<td>R\u00fastico, moderno<\/td>\n<\/tr>\n<tr>\n<td>Fun\u00e7\u00e3o<\/td>\n<td>Conforto, acolhimento<\/td>\n<\/tr>\n<\/table>\n<h3>Como harmonizar a decora\u00e7\u00e3o?<\/h3>\n<figure style=\"width: 1024px\" class=\"wp-caption aligncenter\"><img decoding=\"async\" src=\"https:\/\/www.aarquiteta.com.br\/blog\/wp-content\/uploads\/2025\/04\/poltronas-para-varanda4.jpg\" alt=\"70 Op\u00e7\u00f5es de Poltronas para Varanda que Unem Conforto e Estilo\" width=\"1024\" height=\"1024\" title=\"\"><figcaption class=\"wp-caption-text\">70 Op\u00e7\u00f5es de Poltronas para Varanda que Unem Conforto e Estilo<\/figcaption><\/figure>\n<p>Um toque m\u00e1gico \u00e9 usar <b>plantas e ilumina\u00e7\u00e3o<\/b> para complementar sua decora\u00e7\u00e3o. Isso traz vida e frescor ao ambiente. Afinal, quem n\u00e3o gosta de uma boa planta na varanda?<\/p>\n<h3>Decora\u00e7\u00e3o sem medo de errar!<\/h3>\n<figure style=\"width: 1024px\" class=\"wp-caption aligncenter\"><img decoding=\"async\" src=\"https:\/\/www.aarquiteta.com.br\/blog\/wp-content\/uploads\/2025\/04\/varanda-pequena-00-286x160.png\" alt=\"Varanda pequena decorada em apartamentos\" title=\"\"><figcaption class=\"wp-caption-text\">Varanda pequena decorada em apartamentos<\/figcaption><\/figure>\n<p>Sigam as dicas e voc\u00ea encontrar\u00e1 a poltrona perfeita. \u00c9 um jogo de combina\u00e7\u00f5es e estilos, mas a busca vale a pena. Desfrutar de momentos na sua varanda agora ser\u00e1 mais <b>prazeroso<\/b>.<\/p>\n<p>Ent\u00e3o, pegue suas id\u00e9ias e m\u00e3os \u00e0 obra! Sua varanda pode ser um lugar incr\u00edvel e cheio de estilo com as poltronas certas. Vamos juntos nessa transforma\u00e7\u00e3o!<\/p>\n<p><\/body><\/p>\n<h3>Para se aprofundar mais sobre o tema, veja a minha recomenda\u00e7\u00e3o sobre o tema deste artigo no v\u00eddeo a seguir abaixo:<\/h3>\n<p><iframe title=\"YouTube video player\" src=\"https:\/\/www.youtube.com\/embed\/Sw-GfrCibwE\" width=\"560\" height=\"315\" frameborder=\"0\" allowfullscreen=\"allowfullscreen\"><\/iframe><\/p>\n<figure style=\"width: 1024px\" class=\"wp-caption aligncenter\"><img decoding=\"async\" src=\"https:\/\/www.aarquiteta.com.br\/blog\/wp-content\/uploads\/2025\/04\/poltrona-de-varanda-01.jpg\" alt=\"Poltrona de varanda confort\u00e1vel\" title=\"\"><figcaption class=\"wp-caption-text\">Poltrona de varanda confort\u00e1vel<\/figcaption><\/figure>\n","protected":false},"excerpt":{"rendered":"<p>Est\u00e1 na hora de renovar a sua varanda! A poltrona ideal pode unir conforto e estilo de um jeito incr\u00edvel. O desafio da escolha: conforto ou estilo? Voc\u00ea j\u00e1 parou pra pensar como a escolha da poltrona ideal pode transformar sua varanda? Eu mesma j\u00e1 passei horas decidindo, at\u00e9 perceber que a chave \u00e9 mesclar [&hellip;]<\/p>\n","protected":false},"author":102,"featured_media":149293,"comment_status":"open","ping_status":"closed","sticky":false,"template":"","format":"standard","meta":{"footnotes":""},"categories":[1484],"tags":[],"class_list":["post-149300","post","type-post","status-publish","format-standard","has-post-thumbnail","category-decoracao"],"_wp_attached_file":null,"_wp_attachment_metadata":null,"_wp_attachment_context":null,"_wp_attachment_is_custom_header":null,"geo_longitude":null,"geo_public":null,"geo_latitude":null,"_publicize_done_external":null,"_wpas_done_3897181":null,"publicize_twitter_user":null,"_wpas_done_3897175":null,"_wpas_skip_3897181":null,"_wpas_skip_3897175":null,"_wpas_skip_3924723":null,"_wpas_mess":null,"_wpas_done_3924723":null,"wps_subtitle":"","_links":{"self":[{"href":"https:\/\/www.aarquiteta.com.br\/blog\/wp-json\/wp\/v2\/posts\/149300","targetHints":{"allow":["GET"]}}],"collection":[{"href":"https:\/\/www.aarquiteta.com.br\/blog\/wp-json\/wp\/v2\/posts"}],"about":[{"href":"https:\/\/www.aarquiteta.com.br\/blog\/wp-json\/wp\/v2\/types\/post"}],"author":[{"embeddable":true,"href":"https:\/\/www.aarquiteta.com.br\/blog\/wp-json\/wp\/v2\/users\/102"}],"replies":[{"embeddable":true,"href":"https:\/\/www.aarquiteta.com.br\/blog\/wp-json\/wp\/v2\/comments?post=149300"}],"version-history":[{"count":0,"href":"https:\/\/www.aarquiteta.com.br\/blog\/wp-json\/wp\/v2\/posts\/149300\/revisions"}],"wp:featuredmedia":[{"embeddable":true,"href":"https:\/\/www.aarquiteta.com.br\/blog\/wp-json\/wp\/v2\/media\/149293"}],"wp:attachment":[{"href":"https:\/\/www.aarquiteta.com.br\/blog\/wp-json\/wp\/v2\/media?parent=149300"}],"wp:term":[{"taxonomy":"category","embeddable":true,"href":"https:\/\/www.aarquiteta.com.br\/blog\/wp-json\/wp\/v2\/categories?post=149300"},{"taxonomy":"post_tag","embeddable":true,"href":"https:\/\/www.aarquiteta.com.br\/blog\/wp-json\/wp\/v2\/tags?post=149300"}],"curies":[{"name":"wp","href":"https:\/\/api.w.org\/{rel}","templated":true}]}}