{"id":149239,"date":"2025-04-16T08:34:45","date_gmt":"2025-04-16T11:34:45","guid":{"rendered":"https:\/\/www.aarquiteta.com.br\/blog\/plantas-de-casas-terreas-conceito-aberto\/"},"modified":"2025-04-16T08:34:45","modified_gmt":"2025-04-16T11:34:45","slug":"plantas-de-casas-terreas-conceito-aberto","status":"publish","type":"post","link":"https:\/\/www.aarquiteta.com.br\/blog\/plantas-de-casas-terreas-conceito-aberto\/","title":{"rendered":"Plantas de casas t\u00e9rreas com conceito aberto e ilumina\u00e7\u00e3o natural"},"content":{"rendered":"<p><body><\/p>\n<p><b>Plantas de casas t\u00e9rreas com conceito aberto e ilumina\u00e7\u00e3o natural<\/b> s\u00e3o tend\u00eancia porque combinam eleg\u00e2ncia, bem-estar e praticidade num s\u00f3 projeto.<\/p>\n<h3>Voc\u00ea j\u00e1 sonhou com uma casa cheia de luz natural e ambientes integrados?<\/h3>\n<figure style=\"width: 1024px\" class=\"wp-caption aligncenter\"><img decoding=\"async\" src=\"https:\/\/www.aarquiteta.com.br\/blog\/wp-content\/uploads\/2025\/04\/plantas-de-casas-terreas-conceito-aberto04.jpg\" alt=\"Plantas de casas t\u00e9rreas com conceito aberto e ilumina\u00e7\u00e3o natural\" width=\"1024\" height=\"1024\" title=\"\"><figcaption class=\"wp-caption-text\">Plantas de casas t\u00e9rreas com conceito aberto e ilumina\u00e7\u00e3o natural<\/figcaption><\/figure>\n<p>Se a sua resposta foi um sonoro &#8220;sim&#8221;, <b>voc\u00ea est\u00e1 lendo o artigo certo<\/b>! Vamos explorar ideias que transformam espa\u00e7os comuns em verdadeiros ref\u00fagios modernos.<\/p>\n<p><b>Muita gente quer uma casa pr\u00e1tica e bonita<\/b>, mas esbarra na d\u00favida de como valorizar o espa\u00e7o sem abrir m\u00e3o do conforto.<\/p>\n<p>Hoje vou te mostrar <b>como criar um lar t\u00e9rreo com conceito aberto<\/b>, repleto de ilumina\u00e7\u00e3o natural, charme e funcionalidade.<\/p>\n<h3>Por que o conceito aberto \u00e9 t\u00e3o desejado nas plantas t\u00e9rreas<\/h3>\n<figure style=\"width: 1024px\" class=\"wp-caption aligncenter\"><img decoding=\"async\" src=\"https:\/\/www.aarquiteta.com.br\/blog\/wp-content\/uploads\/2025\/04\/plantas-de-casas-terreas-conceito-aberto03.jpg\" alt=\"Plantas de casas t\u00e9rreas com conceito aberto e ilumina\u00e7\u00e3o natural\" width=\"1024\" height=\"1024\" title=\"\"><figcaption class=\"wp-caption-text\">Plantas de casas t\u00e9rreas com conceito aberto e ilumina\u00e7\u00e3o natural<\/figcaption><\/figure>\n<p>Ambientes integrados transmitem liberdade. A sensa\u00e7\u00e3o de amplitude \u00e9 m\u00e1gica e <b>faz at\u00e9 uma casa pequena parecer um palacete<\/b>.<\/p>\n<p>Sem paredes dividindo tudo, o visual fica limpo, moderno e a circula\u00e7\u00e3o de pessoas e ar flui melhor do que cafun\u00e9 em crian\u00e7a.<\/p>\n<h3>Ilumina\u00e7\u00e3o natural: a luz do dia virou decora\u00e7\u00e3o<\/h3>\n<figure style=\"width: 1024px\" class=\"wp-caption aligncenter\"><img decoding=\"async\" src=\"https:\/\/www.aarquiteta.com.br\/blog\/wp-content\/uploads\/2025\/04\/plantas-de-casas-terreas-conceito-aberto02.jpg\" alt=\"Plantas de casas t\u00e9rreas com conceito aberto e ilumina\u00e7\u00e3o natural\" width=\"1024\" height=\"1024\" title=\"\"><figcaption class=\"wp-caption-text\">Plantas de casas t\u00e9rreas com conceito aberto e ilumina\u00e7\u00e3o natural<\/figcaption><\/figure>\n<p>Entrar em casa e ver o sol brincando no ch\u00e3o da sala atrav\u00e9s das janelas \u00e9 um espet\u00e1culo di\u00e1rio. <b>Isso valoriza qualquer ambiente<\/b>.<\/p>\n<p>A energia muda, e <b>seus m\u00f3veis e cores ganham vida<\/b>. Aposte em aberturas amplas, claraboias e portas de correr envidra\u00e7adas.<\/p>\n<h3>Materiais e cores que favorecem esses projetos<\/h3>\n<figure style=\"width: 1024px\" class=\"wp-caption aligncenter\"><img decoding=\"async\" src=\"https:\/\/www.aarquiteta.com.br\/blog\/wp-content\/uploads\/2025\/04\/plantas-de-casas-terreas-conceito-aberto01.jpg\" alt=\"Plantas de casas t\u00e9rreas com conceito aberto e ilumina\u00e7\u00e3o natural\" width=\"1024\" height=\"1024\" title=\"\"><figcaption class=\"wp-caption-text\">Plantas de casas t\u00e9rreas com conceito aberto e ilumina\u00e7\u00e3o natural<\/figcaption><\/figure>\n<p>Prefira cores claras, como branco, areia e gelo. Rebatem luz como espelho d&#8217;\u00e1gua. E materiais naturais <b>criam uma atmosfera aconchegante<\/b>.<\/p>\n<p>Pain\u00e9is de madeira, cimento queimado e vidro s\u00e3o seus aliados. <b>Simples, mas poderosos<\/b>.<\/p>\n<h3>Como aproveitar cada m\u00b2 com bom gosto<\/h3>\n<p>Evite excesso de m\u00f3veis. Aqui, o menos \u00e9 mais mesmo. <b>Escolha pe\u00e7as funcionais que combinem est\u00e9tica e praticidade<\/b>.<\/p>\n<p>Ah! E m\u00f3veis planejados ajudam a transformar qualquer cantinho em um espa\u00e7o \u00fatil e charmoso.<\/p>\n<h3>\u00c1reas sociais integradas que encantam<\/h3>\n<h3>Assista agora a minha recomenda\u00e7\u00e3o de video abaixo sobre o tema que estamos tratando neste artigo: <\/h3>\n<p><div class=\"youtube-embed\" data-video_id=\"GN-K8r5Znio\"><iframe title=\"planta baixa para casa pequena #projetos #designer\" width=\"696\" height=\"392\" src=\"https:\/\/www.youtube.com\/embed\/GN-K8r5Znio?feature=oembed&#038;enablejsapi=1\" frameborder=\"0\" allow=\"accelerometer; autoplay; clipboard-write; encrypted-media; gyroscope; picture-in-picture; web-share\" referrerpolicy=\"strict-origin-when-cross-origin\" allowfullscreen><\/iframe><\/div>\n<\/p>\n<p>Sala de estar, cozinha e jantar se tornam um s\u00f3 espa\u00e7o. Voc\u00ea cozinha e conversa. <b>O aroma do tempero mistura-se ao riso das visitas<\/b>.<\/p>\n<p>Ilhas gastron\u00f4micas, bancadas e ilumina\u00e7\u00e3o embutida refor\u00e7am a integra\u00e7\u00e3o e o visual clean.<\/p>\n<h3>Tabela com dicas pr\u00e1ticas de distribui\u00e7\u00e3o de ambientes<\/h3>\n<table border=\"1\" cellpadding=\"6\" cellspacing=\"0\">\n<thead>\n<tr>\n<th><b>Ambiente<\/b><\/th>\n<th><b>Dica de Integra\u00e7\u00e3o<\/b><\/th>\n<th><b>Ilumina\u00e7\u00e3o Natural<\/b><\/th>\n<\/tr>\n<\/thead>\n<tbody>\n<tr>\n<td>Sala &#038; Cozinha<\/td>\n<td>Use ilha central ou bancada americana<\/td>\n<td>Janelas altas e porta de vidro<\/td>\n<\/tr>\n<tr>\n<td>Quarto &#038; Escrit\u00f3rio<\/td>\n<td>Divis\u00e3o com estante vazada<\/td>\n<td>Claraboia ou janela lateral<\/td>\n<\/tr>\n<tr>\n<td>Corredores<\/td>\n<td>Transforme em galeria com nichos<\/td>\n<td>Ilumina\u00e7\u00e3o zenital<\/td>\n<\/tr>\n<\/tbody>\n<\/table>\n<h3>Jardim integrado: quintal tamb\u00e9m conta<\/h3>\n<p>Nada como abrir a porta da sala e dar de cara com um jardim. <b>Um final feliz para qualquer planta t\u00e9rrea iluminada<\/b>.<\/p>\n<p>Espa\u00e7o para relaxar, brincar ou cultivar. Um verdadeiro descanso para os olhos e para alma.<\/p>\n<h3>Plantas t\u00e9rreas precisam respirar \u2013 e voc\u00ea tamb\u00e9m<\/h3>\n<p>Al\u00e9m de lindas, devem ser funcionais. N\u00e3o serve s\u00f3 para impressionar vizinho, mas <b>pra deixar sua rotina mais leve<\/b>.<\/p>\n<p>Ambientes integrados com ilumina\u00e7\u00e3o natural <b>valorizam o im\u00f3vel e melhoram a qualidade de vida<\/b>.<\/p>\n<h3>Resumo Inspirador<\/h3>\n<p><b>A combina\u00e7\u00e3o de espa\u00e7os integrados com ilumina\u00e7\u00e3o natural<\/b> transforma casas t\u00e9rreas em resid\u00eancias modernas, confort\u00e1veis e elegantes.<\/p>\n<p>Mais luz, mais vida. Mais funcionalidade, menos tralha. Que sua planta t\u00e9rrea <b>possa receber o sol e os sonhos de bra\u00e7os abertos<\/b>.<\/p>\n<p><\/body><\/p>\n","protected":false},"excerpt":{"rendered":"<p>Solu\u00e7\u00f5es de plantas t\u00e9rreas que valorizam espa\u00e7os integrados e ilumina\u00e7\u00e3o natural.<\/p>\n","protected":false},"author":102,"featured_media":149236,"comment_status":"open","ping_status":"","sticky":false,"template":"","format":"standard","meta":{"footnotes":""},"categories":[1484,971],"tags":[],"class_list":["post-149239","post","type-post","status-publish","format-standard","has-post-thumbnail","category-decoracao","category-design-de-interiores"],"_wp_attached_file":null,"_wp_attachment_metadata":null,"_wp_attachment_context":null,"_wp_attachment_is_custom_header":null,"geo_longitude":null,"geo_public":null,"geo_latitude":null,"_publicize_done_external":null,"_wpas_done_3897181":null,"publicize_twitter_user":null,"_wpas_done_3897175":null,"_wpas_skip_3897181":null,"_wpas_skip_3897175":null,"_wpas_skip_3924723":null,"_wpas_mess":null,"_wpas_done_3924723":null,"wps_subtitle":"","_links":{"self":[{"href":"https:\/\/www.aarquiteta.com.br\/blog\/wp-json\/wp\/v2\/posts\/149239","targetHints":{"allow":["GET"]}}],"collection":[{"href":"https:\/\/www.aarquiteta.com.br\/blog\/wp-json\/wp\/v2\/posts"}],"about":[{"href":"https:\/\/www.aarquiteta.com.br\/blog\/wp-json\/wp\/v2\/types\/post"}],"author":[{"embeddable":true,"href":"https:\/\/www.aarquiteta.com.br\/blog\/wp-json\/wp\/v2\/users\/102"}],"replies":[{"embeddable":true,"href":"https:\/\/www.aarquiteta.com.br\/blog\/wp-json\/wp\/v2\/comments?post=149239"}],"version-history":[{"count":0,"href":"https:\/\/www.aarquiteta.com.br\/blog\/wp-json\/wp\/v2\/posts\/149239\/revisions"}],"wp:featuredmedia":[{"embeddable":true,"href":"https:\/\/www.aarquiteta.com.br\/blog\/wp-json\/wp\/v2\/media\/149236"}],"wp:attachment":[{"href":"https:\/\/www.aarquiteta.com.br\/blog\/wp-json\/wp\/v2\/media?parent=149239"}],"wp:term":[{"taxonomy":"category","embeddable":true,"href":"https:\/\/www.aarquiteta.com.br\/blog\/wp-json\/wp\/v2\/categories?post=149239"},{"taxonomy":"post_tag","embeddable":true,"href":"https:\/\/www.aarquiteta.com.br\/blog\/wp-json\/wp\/v2\/tags?post=149239"}],"curies":[{"name":"wp","href":"https:\/\/api.w.org\/{rel}","templated":true}]}}