{"id":148992,"date":"2025-04-12T13:08:28","date_gmt":"2025-04-12T16:08:28","guid":{"rendered":"https:\/\/www.aarquiteta.com.br\/blog\/aproveiotar-espaco-cozinha-oequena\/"},"modified":"2025-04-12T13:08:28","modified_gmt":"2025-04-12T16:08:28","slug":"aproveiotar-espaco-cozinha-oequena","status":"publish","type":"post","link":"https:\/\/www.aarquiteta.com.br\/blog\/aproveiotar-espaco-cozinha-oequena\/","title":{"rendered":"Transforme sua Cozinha Pequena: 6 Dicas Incr\u00edveis para Otimizar Espa\u00e7o!"},"content":{"rendered":"<p>Transformar uma cozinha pequena \u00e9 tarefa que parece imposs\u00edvel, mas com as dicas certas, voc\u00ea vai otimizar muito o espa\u00e7o!<\/p>\n<h3>Dica 1: Aposte em Cores Claras<\/h3>\n<img decoding=\"async\" src=\"\" alt=\"\" title=\"\">\n<p>Uma <b>cozinha pequena<\/b> pede cores claras. Elas criam a ilus\u00e3o de amplitude, enquanto os tons escuros fecham o ambiente.<\/p>\n<h3>Dica 2: Invista em Arm\u00e1rios Duplos<\/h3>\n<figure style=\"width: 1024px\" class=\"wp-caption aligncenter\"><img decoding=\"async\" src=\"https:\/\/www.aarquiteta.com.br\/blog\/wp-content\/uploads\/2025\/04\/aproveiotar-espaco-cozinha-oequena01.jpg\" alt=\"6 dicas para otimizar espa\u00e7o em cozinhas pequenas\" width=\"1024\" height=\"1024\" title=\"\"><figcaption class=\"wp-caption-text\">6 dicas para otimizar espa\u00e7o em cozinhas pequenas<\/figcaption><\/figure>\n<p>Divida os arm\u00e1rios a\u00e9reos em <b>dois n\u00edveis<\/b>, com profundidades diferentes. Isso facilita o acesso e ainda gera um efeito visual interessante.<\/p>\n<h3>Dica 3: Equipamentos Embutidos<\/h3>\n<figure style=\"width: 1024px\" class=\"wp-caption aligncenter\"><img decoding=\"async\" src=\"https:\/\/www.aarquiteta.com.br\/blog\/wp-content\/uploads\/2025\/04\/Cozinha-com-armarios-aereos-duplos-meuapelacio-Like-Magazine-819x1024.jpg\" alt=\"Cozinha com arm\u00e1rios a\u00e9reos duplos e bancada\" title=\"\"><figcaption class=\"wp-caption-text\">Cozinha com arm\u00e1rios a\u00e9reos duplos e bancada<\/figcaption><\/figure>\n<p>Ter eletrodom\u00e9sticos embutidos n\u00e3o s\u00f3 economiza espa\u00e7o, como tamb\u00e9m <b>foge do visual bagun\u00e7ado<\/b>. Opcionalmente, use portas escamote\u00e1veis para camuflar a lava-lou\u00e7as!<\/p>\n<h3>Dica 4: M\u00f3veis Funcionais<\/h3>\n<figure style=\"width: 1024px\" class=\"wp-caption aligncenter\"><img decoding=\"async\" src=\"https:\/\/www.aarquiteta.com.br\/blog\/wp-content\/uploads\/2025\/04\/aproveiotar-espaco-cozinha-oequena02.jpg\" alt=\"6 dicas para otimizar espa\u00e7o em cozinhas pequenas\" width=\"1024\" height=\"1024\" title=\"\"><figcaption class=\"wp-caption-text\">6 dicas para otimizar espa\u00e7o em cozinhas pequenas<\/figcaption><\/figure>\n<p>Utilize mobili\u00e1rio inteligente. Um m\u00f3vel de <b>profundidade reduzida<\/b> pode ser ideal, caso precise de mais espa\u00e7o \u00fatil. Assim, a circula\u00e7\u00e3o ficar\u00e1 garantida!<\/p>\n<h3>Dica 5: Evite Elementos que Rouba a Aten\u00e7\u00e3o<\/h3>\n<figure style=\"width: 1024px\" class=\"wp-caption aligncenter\"><img decoding=\"async\" src=\"https:\/\/www.aarquiteta.com.br\/blog\/wp-content\/uploads\/2025\/04\/Cozinha-com-armarios-aereos-duplos-renatapiresarquitetura-Like-Magazine-822x1024.jpg\" alt=\"Cozinha com arm\u00e1rios a\u00e9reos duplos\" title=\"\"><figcaption class=\"wp-caption-text\">Cozinha com arm\u00e1rios a\u00e9reos duplos<\/figcaption><\/figure>\n<p>Puxadores e acess\u00f3rios com design <b>minimalista<\/b> s\u00e3o seus amigos. O foco deve ser na funcionalidade e n\u00e3o em enfeites que criam confus\u00e3o visual.<\/p>\n<h3>Dica 6: Use uma Tabela Resumo<\/h3>\n<figure style=\"width: 1024px\" class=\"wp-caption aligncenter\"><img decoding=\"async\" src=\"https:\/\/www.aarquiteta.com.br\/blog\/wp-content\/uploads\/2025\/04\/aproveiotar-espaco-cozinha-oequena03.jpg\" alt=\"6 dicas para otimizar espa\u00e7o em cozinhas pequenas\" width=\"1024\" height=\"1024\" title=\"\"><figcaption class=\"wp-caption-text\">6 dicas para otimizar espa\u00e7o em cozinhas pequenas<\/figcaption><\/figure>\n<table>\n<tr>\n<th>Dica<\/th>\n<th>Descri\u00e7\u00e3o<\/th>\n<\/tr>\n<tr>\n<td>Cores Claras<\/td>\n<td>Aumentam a percep\u00e7\u00e3o de espa\u00e7o.<\/td>\n<\/tr>\n<tr>\n<td>Arm\u00e1rios Duplos<\/td>\n<td>Facilitam o acesso e est\u00e9tica.<\/td>\n<\/tr>\n<tr>\n<td>Equipamentos Embutidos<\/td>\n<td>Economizam espa\u00e7o e organizam visualmente.<\/td>\n<\/tr>\n<tr>\n<td>M\u00f3veis Funcionais<\/td>\n<td>Proporcionam melhor uso do espa\u00e7o.<\/td>\n<\/tr>\n<tr>\n<td>Evitar Itens Chamativos<\/td>\n<td>Usar acess\u00f3rios discretos para n\u00e3o poluir o olhar.<\/td>\n<\/tr>\n<\/table>\n<h3>Dica Extra: N\u00e3o Tenha Medo de Decorar<\/h3>\n<figure style=\"width: 1024px\" class=\"wp-caption aligncenter\"><img decoding=\"async\" src=\"https:\/\/www.aarquiteta.com.br\/blog\/wp-content\/uploads\/2025\/04\/Cozinha-pequena-decorada-jaquefernandys-Like-Magazine-819x1024.jpg\" alt=\"Cozinha branca, pequena e decorada\" title=\"\"><figcaption class=\"wp-caption-text\">Cozinha branca, pequena e decorada<\/figcaption><\/figure>\n<p>Algumas plantas ou quadros delicados <b>podem trazer vida<\/b> ao espa\u00e7o. O importante \u00e9 manter um equil\u00edbrio entre beleza e funcionalidade.<\/p>\n<p>Por fim, ao aplicar essas dicas, sua <b>cozinha pequena<\/b> pode se tornar um lugar pr\u00e1tico e bonito.<\/p>\n<p>Agora, \u00e9 s\u00f3 colocar a m\u00e3o na massa e come\u00e7ar a transforma\u00e7\u00e3o! Vamos l\u00e1!<\/p>\n<figure style=\"width: 1024px\" class=\"wp-caption aligncenter\"><img decoding=\"async\" src=\"https:\/\/www.aarquiteta.com.br\/blog\/wp-content\/uploads\/2025\/04\/aproveiotar-espaco-cozinha-oequena4.jpg\" alt=\"6 dicas para otimizar espa\u00e7o em cozinhas pequenas\" width=\"1024\" height=\"1024\" title=\"\"><figcaption class=\"wp-caption-text\">6 dicas para otimizar espa\u00e7o em cozinhas pequenas<\/figcaption><\/figure>\n<figure style=\"width: 1024px\" class=\"wp-caption aligncenter\"><img decoding=\"async\" src=\"https:\/\/www.aarquiteta.com.br\/blog\/wp-content\/uploads\/2025\/04\/Cozinha-pequena-e-funcional-jaquefernandys-Like-Magazine-819x1024.jpg\" alt=\"Cozinha pequena e funcional\" title=\"\"><figcaption class=\"wp-caption-text\">Cozinha pequena e funcional<\/figcaption><\/figure>\n<h3>Para se aprofundar mais sobre o tema, veja a minha recomenda\u00e7\u00e3o sobre o tema deste artigo no v\u00eddeo a seguir abaixo:<\/h3>\n<p><iframe title=\"YouTube video player\" src=\"https:\/\/www.youtube.com\/embed\/hHuI5AX5Rmg\" width=\"560\" height=\"315\" frameborder=\"0\" allowfullscreen=\"allowfullscreen\"><\/iframe><\/p>\n<figure style=\"width: 1024px\" class=\"wp-caption aligncenter\"><img decoding=\"async\" src=\"https:\/\/www.aarquiteta.com.br\/blog\/wp-content\/uploads\/2025\/04\/Cozinha-pequena-com-armario-na-lateral-nossoap.506-Like-Magazine-819x1024.jpg\" alt=\"Cozinha pequena com arm\u00e1rio na lateral\" title=\"\"><figcaption class=\"wp-caption-text\">Cozinha pequena com arm\u00e1rio na lateral<\/figcaption><\/figure>\n","protected":false},"excerpt":{"rendered":"<p>Transformar uma cozinha pequena \u00e9 tarefa que parece imposs\u00edvel, mas com as dicas certas, voc\u00ea vai otimizar muito o espa\u00e7o! Dica 1: Aposte em Cores Claras Uma cozinha pequena pede cores claras. Elas criam a ilus\u00e3o de amplitude, enquanto os tons escuros fecham o ambiente. Dica 2: Invista em Arm\u00e1rios Duplos Divida os arm\u00e1rios a\u00e9reos [&hellip;]<\/p>\n","protected":false},"author":102,"featured_media":148986,"comment_status":"open","ping_status":"","sticky":false,"template":"","format":"standard","meta":{"footnotes":""},"categories":[1484],"tags":[],"class_list":["post-148992","post","type-post","status-publish","format-standard","has-post-thumbnail","category-decoracao"],"_wp_attached_file":null,"_wp_attachment_metadata":null,"_wp_attachment_context":null,"_wp_attachment_is_custom_header":null,"geo_longitude":null,"geo_public":null,"geo_latitude":null,"_publicize_done_external":null,"_wpas_done_3897181":null,"publicize_twitter_user":null,"_wpas_done_3897175":null,"_wpas_skip_3897181":null,"_wpas_skip_3897175":null,"_wpas_skip_3924723":null,"_wpas_mess":null,"_wpas_done_3924723":null,"wps_subtitle":"","_links":{"self":[{"href":"https:\/\/www.aarquiteta.com.br\/blog\/wp-json\/wp\/v2\/posts\/148992","targetHints":{"allow":["GET"]}}],"collection":[{"href":"https:\/\/www.aarquiteta.com.br\/blog\/wp-json\/wp\/v2\/posts"}],"about":[{"href":"https:\/\/www.aarquiteta.com.br\/blog\/wp-json\/wp\/v2\/types\/post"}],"author":[{"embeddable":true,"href":"https:\/\/www.aarquiteta.com.br\/blog\/wp-json\/wp\/v2\/users\/102"}],"replies":[{"embeddable":true,"href":"https:\/\/www.aarquiteta.com.br\/blog\/wp-json\/wp\/v2\/comments?post=148992"}],"version-history":[{"count":0,"href":"https:\/\/www.aarquiteta.com.br\/blog\/wp-json\/wp\/v2\/posts\/148992\/revisions"}],"wp:featuredmedia":[{"embeddable":true,"href":"https:\/\/www.aarquiteta.com.br\/blog\/wp-json\/wp\/v2\/media\/148986"}],"wp:attachment":[{"href":"https:\/\/www.aarquiteta.com.br\/blog\/wp-json\/wp\/v2\/media?parent=148992"}],"wp:term":[{"taxonomy":"category","embeddable":true,"href":"https:\/\/www.aarquiteta.com.br\/blog\/wp-json\/wp\/v2\/categories?post=148992"},{"taxonomy":"post_tag","embeddable":true,"href":"https:\/\/www.aarquiteta.com.br\/blog\/wp-json\/wp\/v2\/tags?post=148992"}],"curies":[{"name":"wp","href":"https:\/\/api.w.org\/{rel}","templated":true}]}}