{"id":148977,"date":"2025-04-12T08:31:44","date_gmt":"2025-04-12T11:31:44","guid":{"rendered":"https:\/\/www.aarquiteta.com.br\/blog\/espelhos-na-decoracao-para-ampliar-espacos-2\/"},"modified":"2025-04-12T08:31:44","modified_gmt":"2025-04-12T11:31:44","slug":"espelhos-na-decoracao-para-ampliar-espacos-2","status":"publish","type":"post","link":"https:\/\/www.aarquiteta.com.br\/blog\/espelhos-na-decoracao-para-ampliar-espacos-2\/","title":{"rendered":"Espelhos na decora\u00e7\u00e3o: truques para ampliar e valorizar ambientes pequenos"},"content":{"rendered":"<p><body><\/p>\n<p><b>Espelhos podem transformar qualquer espa\u00e7o, ampliando, iluminando e trazendo eleg\u00e2ncia instant\u00e2nea para c\u00f4modos pequenos com truques simples e eficazes.<\/b><\/p>\n<h3>Voc\u00ea j\u00e1 reparou no poder m\u00e1gico dos espelhos na decora\u00e7\u00e3o?<\/h3>\n<figure style=\"width: 1024px\" class=\"wp-caption aligncenter\"><img decoding=\"async\" src=\"https:\/\/www.aarquiteta.com.br\/blog\/wp-content\/uploads\/2025\/04\/espelhos-na-decoracao-para-ampliar-espacos04.jpg\" alt=\"Espelhos na decora\u00e7\u00e3o: truques para ampliar e valorizar ambientes pequenos\" width=\"1024\" height=\"1024\" title=\"\"><figcaption class=\"wp-caption-text\">Espelhos na decora\u00e7\u00e3o: truques para ampliar e valorizar ambientes pequenos<\/figcaption><\/figure>\n<p>\u00c0s vezes, tudo que um cantinho apertado precisa \u00e9 de um <b>bom truque de ilus\u00e3o<\/b>.<\/p>\n<p>E os espelhos? Ah, esses tem o dom de <b>dar vida, luz e profundidade<\/b> onde antes s\u00f3 havia escurid\u00e3o e aperto.<\/p>\n<h3>Espelhos: aliados na miss\u00e3o de ampliar pequenos espa\u00e7os<\/h3>\n<figure style=\"width: 1024px\" class=\"wp-caption aligncenter\"><img decoding=\"async\" src=\"https:\/\/www.aarquiteta.com.br\/blog\/wp-content\/uploads\/2025\/04\/espelhos-na-decoracao-para-ampliar-espacos03.jpg\" alt=\"Espelhos na decora\u00e7\u00e3o: truques para ampliar e valorizar ambientes pequenos\" width=\"1024\" height=\"1024\" title=\"\"><figcaption class=\"wp-caption-text\">Espelhos na decora\u00e7\u00e3o: truques para ampliar e valorizar ambientes pequenos<\/figcaption><\/figure>\n<p>Muita gente sonha com um ambiente grande, mas mora num apartamento compacto. Eu entendo.<\/p>\n<p>Ent\u00e3o aqui vai o segredo: <b>espelhos bem posicionados ampliam visualmente o espa\u00e7o<\/b> sem obra, sujeira ou dor de cabe\u00e7a.<\/p>\n<h3>Onde colocar espelhos para mais efeito?<\/h3>\n<figure style=\"width: 1024px\" class=\"wp-caption aligncenter\"><img decoding=\"async\" src=\"https:\/\/www.aarquiteta.com.br\/blog\/wp-content\/uploads\/2025\/04\/espelhos-na-decoracao-para-ampliar-espacos02.jpg\" alt=\"Espelhos na decora\u00e7\u00e3o: truques para ampliar e valorizar ambientes pequenos\" width=\"1024\" height=\"1024\" title=\"\"><figcaption class=\"wp-caption-text\">Espelhos na decora\u00e7\u00e3o: truques para ampliar e valorizar ambientes pequenos<\/figcaption><\/figure>\n<p>Na parede oposta \u00e0 janela \u00e9 um cl\u00e1ssico imbat\u00edvel!<\/p>\n<p>Esse posicionamento <b>multiplica a luz natural<\/b> e traz um toque chique ao ambiente.<\/p>\n<h3>Formatos que favorecem a decora\u00e7\u00e3o<\/h3>\n<figure style=\"width: 1024px\" class=\"wp-caption aligncenter\"><img decoding=\"async\" src=\"https:\/\/www.aarquiteta.com.br\/blog\/wp-content\/uploads\/2025\/04\/espelhos-na-decoracao-para-ampliar-espacos01.jpg\" alt=\"Espelhos na decora\u00e7\u00e3o: truques para ampliar e valorizar ambientes pequenos\" width=\"1024\" height=\"1024\" title=\"\"><figcaption class=\"wp-caption-text\">Espelhos na decora\u00e7\u00e3o: truques para ampliar e valorizar ambientes pequenos<\/figcaption><\/figure>\n<p>Os redondos suavizam, os retangulares alongam. J\u00e1 os grandes aparecem como protagonistas na parede.<\/p>\n<p>O importante \u00e9 o equil\u00edbrio: <b>converse com o estilo da sua decora\u00e7\u00e3o<\/b>.<\/p>\n<h3>Como os espelhos afetam a ilumina\u00e7\u00e3o?<\/h3>\n<p>Espelho perto da l\u00e2mpada? Efeito UAU garantido.<\/p>\n<p><b>Espelhos espalham a luz<\/b>, criam pontos de brilho estrat\u00e9gicos e tornam os ambientes bem mais convidativos.<\/p>\n<h3>Tabela: Principais Dicas de Uso de Espelhos<\/h3>\n<h3>Assista agora a minha recomenda\u00e7\u00e3o de video abaixo sobre o tema que estamos tratando neste artigo: <\/h3>\n<p><div class=\"youtube-embed\" data-video_id=\"3hciFZUiqzI\"><iframe title=\"41 Decora\u00e7\u00e3o com espelhos! \u2728 Fa\u00e7a voc\u00ea mesmo #casadecorada #apartamentodecorado #decoracao\" width=\"696\" height=\"392\" src=\"https:\/\/www.youtube.com\/embed\/3hciFZUiqzI?feature=oembed&#038;enablejsapi=1\" frameborder=\"0\" allow=\"accelerometer; autoplay; clipboard-write; encrypted-media; gyroscope; picture-in-picture; web-share\" referrerpolicy=\"strict-origin-when-cross-origin\" allowfullscreen><\/iframe><\/div>\n<\/p>\n<table border=\"1\" cellpadding=\"8\" cellspacing=\"0\">\n<tr>\n<th><b>Dica<\/b><\/th>\n<th><b>Benef\u00edcio<\/b><\/th>\n<\/tr>\n<tr>\n<td>Coloque em frente a janelas<\/td>\n<td>Mais luz natural, amplitude<\/td>\n<\/tr>\n<tr>\n<td>Use espelhos grandes<\/td>\n<td>Ambientes parecem maiores<\/td>\n<\/tr>\n<tr>\n<td>Espelhos com molduras elegantes<\/td>\n<td>Toque decorativo e sofisticado<\/td>\n<\/tr>\n<tr>\n<td>N\u00e3o exagere na quantidade<\/td>\n<td>Evita reflexos demais e confus\u00e3o visual<\/td>\n<\/tr>\n<\/table>\n<h3>Usar espelho \u00e9 como abrir uma janela extra<\/h3>\n<p>J\u00e1 entrei em banheiros min\u00fasculos onde um espelho bem posicionado fez parecer o hall de um hotel caro.<\/p>\n<p>Quando bem usado, o espelho <b>cria impacto visual com zero bagun\u00e7a<\/b>.<\/p>\n<h3>O toque final: molduras e estilos<\/h3>\n<p>Moldura dourada? Toque cl\u00e1ssico. Pretinha b\u00e1sica? Bem moderna.<\/p>\n<p>Voc\u00ea pode usar espelho como <b>pe\u00e7a de arte<\/b>, decorando o ambiente com beleza e inten\u00e7\u00e3o.<\/p>\n<h3>Eu confesso: sou viciado em espelhos!<\/h3>\n<p>J\u00e1 levei amigos em casa que perguntaram: &#8220;Nossa, voc\u00ea reformou?&#8221; Nada disso\u2026 s\u00f3 coloquei <b>um espelho na sala de jantar!<\/b><\/p>\n<p>\u00c9 isso. Decora\u00e7\u00e3o esperta n\u00e3o precisa ser cara. S\u00f3 precisa de <b>olhar estrat\u00e9gico, toque pessoal<\/b>\u2026 e um espelho, claro!<\/p>\n<p><\/body><\/p>\n","protected":false},"excerpt":{"rendered":"<p>Use espelhos estrategicamente para dar amplitude, luz e sofistica\u00e7\u00e3o aos seus ambientes.<\/p>\n","protected":false},"author":102,"featured_media":148974,"comment_status":"open","ping_status":"","sticky":false,"template":"","format":"standard","meta":{"footnotes":""},"categories":[1484,971],"tags":[],"class_list":["post-148977","post","type-post","status-publish","format-standard","has-post-thumbnail","category-decoracao","category-design-de-interiores"],"_wp_attached_file":null,"_wp_attachment_metadata":null,"_wp_attachment_context":null,"_wp_attachment_is_custom_header":null,"geo_longitude":null,"geo_public":null,"geo_latitude":null,"_publicize_done_external":null,"_wpas_done_3897181":null,"publicize_twitter_user":null,"_wpas_done_3897175":null,"_wpas_skip_3897181":null,"_wpas_skip_3897175":null,"_wpas_skip_3924723":null,"_wpas_mess":null,"_wpas_done_3924723":null,"wps_subtitle":"","_links":{"self":[{"href":"https:\/\/www.aarquiteta.com.br\/blog\/wp-json\/wp\/v2\/posts\/148977","targetHints":{"allow":["GET"]}}],"collection":[{"href":"https:\/\/www.aarquiteta.com.br\/blog\/wp-json\/wp\/v2\/posts"}],"about":[{"href":"https:\/\/www.aarquiteta.com.br\/blog\/wp-json\/wp\/v2\/types\/post"}],"author":[{"embeddable":true,"href":"https:\/\/www.aarquiteta.com.br\/blog\/wp-json\/wp\/v2\/users\/102"}],"replies":[{"embeddable":true,"href":"https:\/\/www.aarquiteta.com.br\/blog\/wp-json\/wp\/v2\/comments?post=148977"}],"version-history":[{"count":0,"href":"https:\/\/www.aarquiteta.com.br\/blog\/wp-json\/wp\/v2\/posts\/148977\/revisions"}],"wp:featuredmedia":[{"embeddable":true,"href":"https:\/\/www.aarquiteta.com.br\/blog\/wp-json\/wp\/v2\/media\/148974"}],"wp:attachment":[{"href":"https:\/\/www.aarquiteta.com.br\/blog\/wp-json\/wp\/v2\/media?parent=148977"}],"wp:term":[{"taxonomy":"category","embeddable":true,"href":"https:\/\/www.aarquiteta.com.br\/blog\/wp-json\/wp\/v2\/categories?post=148977"},{"taxonomy":"post_tag","embeddable":true,"href":"https:\/\/www.aarquiteta.com.br\/blog\/wp-json\/wp\/v2\/tags?post=148977"}],"curies":[{"name":"wp","href":"https:\/\/api.w.org\/{rel}","templated":true}]}}