{"id":148966,"date":"2025-04-11T20:02:00","date_gmt":"2025-04-11T23:02:00","guid":{"rendered":"https:\/\/www.aarquiteta.com.br\/blog\/orcamento-parametrico-o-que-e-e-como-utilizar\/"},"modified":"2025-04-11T20:02:00","modified_gmt":"2025-04-11T23:02:00","slug":"orcamento-parametrico-o-que-e-e-como-utilizar","status":"publish","type":"post","link":"https:\/\/www.aarquiteta.com.br\/blog\/orcamento-parametrico-o-que-e-e-como-utilizar\/","title":{"rendered":"Or\u00e7amento Param\u00e9trico: Conceitos e Aplica\u00e7\u00f5es para Projetos Eficientes"},"content":{"rendered":"<p>O or\u00e7amento param\u00e9trico \u00e9 a solu\u00e7\u00e3o que transforma a maneira como voc\u00ea controla os custos de suas obras. \u00c9 preciso e eficiente!<\/p>\n<h2>O que \u00e9 or\u00e7amento param\u00e9trico?<\/h2>\n<p>Ah, o or\u00e7amento param\u00e9trico! \u00c9 como uma receita de bolo, mas para obras. Com ele, a gente consegue calcular custos com base em <b>dadas espec\u00edficas<\/b>. Tamanho da \u00e1rea, tipo de material, e at\u00e9 a complexidade da obra s\u00e3o considerados. Assim, conseguimos previs\u00f5es mais realistas, n\u00e3o \u00e9 um or\u00e7amento completo, mas fica muito mais f\u00e1cil.<\/p>\n<h3>Quando utilizar o or\u00e7amento param\u00e9trico?<\/h3>\n<p>Esse modelo \u00e9 perfeito para o in\u00edcio dos projetos. Sabe quando ainda n\u00e3o temos todas as informa\u00e7\u00f5es? <b>A\u00ed ele brilha!<\/b> \u00c9 ideal para constru\u00e7\u00f5es padr\u00e3o, como casas e com\u00e9rcios. E d\u00e1 uma m\u00e3ozinha em projetos grand\u00f5es e licita\u00e7\u00f5es tamb\u00e9m. Estimativas r\u00e1pidas s\u00e3o o nome do jogo!<\/p>\n<h3>Diferen\u00e7a entre or\u00e7amento param\u00e9trico e anal\u00edtico<\/h3>\n<figure style=\"width: 1024px\" class=\"wp-caption aligncenter\"><img decoding=\"async\" src=\"https:\/\/www.aarquiteta.com.br\/blog\/wp-content\/uploads\/2025\/04\/orcamento-parametrico-o-que-e-e-como-utilizar01.jpg\" alt=\"Or\u00e7amento Param\u00e9trico: Conceitos e Aplica\u00e7\u00f5es para Projetos Eficientes\" width=\"1024\" height=\"1024\" title=\"\"><figcaption class=\"wp-caption-text\">Or\u00e7amento Param\u00e9trico: Conceitos e Aplica\u00e7\u00f5es para Projetos Eficientes<\/figcaption><\/figure>\n<p>Opa! Vamos falar do or\u00e7amento anal\u00edtico, que, como o nome indica, \u00e9 met\u00f3dico. Ele olha cada item da obra: materiais, m\u00e3o de obra, equipamentos. O or\u00e7amento param\u00e9trico, por outro lado, \u00e9 mais gen\u00e9rico. \u00c9 mais indicado quando a obra j\u00e1 est\u00e1 em andamento e as informa\u00e7\u00f5es est\u00e3o \u00e0 vista!<\/p>\n<h2>Objetivos do or\u00e7amento param\u00e9trico<\/h2>\n<p>Esse modelo n\u00e3o serve s\u00f3 para calcular custos, mas tamb\u00e9m \u00e9 uma \u00f3tima forma de <b>comparar obras similares<\/b>. Isso \u00e9 vital! Identificamos riscos e problemas financeiros, como falta de materiais e atrasos nas entregas. Com isso, d\u00e1 pra se preparar e manter tudo nos eixos.<\/p>\n<h2>Quais s\u00e3o as vantagens do or\u00e7amento param\u00e9trico?<\/h2>\n<p>As vantagens desse or\u00e7amento s\u00e3o in\u00fameras. Imagine poder fazer estimativas r\u00e1pidas e precisas a partir de dados que voc\u00ea j\u00e1 tem. Al\u00e9m disso, d\u00e1 pra ajustar o or\u00e7amento sempre que aparecer uma nova informa\u00e7\u00e3o. \u00c9 uma ferramenta din\u00e2mica e <b>super \u00fatil nas fases iniciais do projeto<\/b>.<\/p>\n<table>\n<tr>\n<th>Aspecto<\/th>\n<th>Or\u00e7amento Param\u00e9trico<\/th>\n<th>Or\u00e7amento Anal\u00edtico<\/th>\n<\/tr>\n<tr>\n<td>Detalhamento<\/td>\n<td>Menos detalhado<\/td>\n<td>Altamente detalhado<\/td>\n<\/tr>\n<tr>\n<td>Uso Ideal<\/td>\n<td>In\u00edcio de projetos<\/td>\n<td>Durante execu\u00e7\u00e3o<\/td>\n<\/tr>\n<tr>\n<td>Flexibilidade<\/td>\n<td>Dinamicamente ajust\u00e1vel<\/td>\n<td>Rigoroso e fixo<\/td>\n<\/tr>\n<\/table>\n<h2>CUB e o or\u00e7amento param\u00e9trico<\/h2>\n<p>O CUB \u00e9 o famoso Custo Unit\u00e1rio B\u00e1sico. Essa refer\u00eancia \u00e9 usada em or\u00e7amentos, mas cuidado! Aplic\u00e1-lo de forma errada pode gerar falhas. O c\u00e1lculo deve considerar a <b>\u00e1rea equivalente<\/b> e itens n\u00e3o inclusos. E sempre, sempre, al\u00e9m disso, leve em conta o BDI, que inclui margem de lucro e custos indiretos.<\/p>\n<h2>Instrumentos e softwares para facilitar o or\u00e7amento<\/h2>\n<p>Por fim, o uso de softwares como o <b>Obra Prima<\/b> facilita demais a vida. Eles ajudam a criar or\u00e7amentos param\u00e9tricos de forma muito simples e eficaz. Voc\u00ea ganha tempo e consegue controlar os custos com precis\u00e3o, evitando surpresas desagrad\u00e1veis no final. \u00c9 como ter um <b>assistente pessoal<\/b> para or\u00e7amentos!<\/p>\n<figure style=\"width: 1024px\" class=\"wp-caption aligncenter\"><img decoding=\"async\" src=\"https:\/\/www.aarquiteta.com.br\/blog\/wp-content\/uploads\/2025\/04\/orcamento-parametrico-o-que-e-e-como-utilizar02.jpg\" alt=\" Or\u00e7amento Param\u00e9trico: Conceitos e Aplica\u00e7\u00f5es para Projetos Eficientes\" width=\"1024\" height=\"1024\" title=\"\"><figcaption class=\"wp-caption-text\">Or\u00e7amento Param\u00e9trico: Conceitos e Aplica\u00e7\u00f5es para Projetos Eficientes<\/figcaption><\/figure>\n<figure style=\"width: 1024px\" class=\"wp-caption aligncenter\"><img decoding=\"async\" src=\"https:\/\/www.aarquiteta.com.br\/blog\/wp-content\/uploads\/2025\/04\/orcamento-parametrico-o-que-e-e-como-utilizar03.jpg\" alt=\" Or\u00e7amento Param\u00e9trico: Conceitos e Aplica\u00e7\u00f5es para Projetos Eficientes\" width=\"1024\" height=\"1024\" title=\"\"><figcaption class=\"wp-caption-text\">Or\u00e7amento Param\u00e9trico: Conceitos e Aplica\u00e7\u00f5es para Projetos Eficientes<\/figcaption><\/figure>\n<figure style=\"width: 1024px\" class=\"wp-caption aligncenter\"><img decoding=\"async\" src=\"https:\/\/www.aarquiteta.com.br\/blog\/wp-content\/uploads\/2025\/04\/orcamento-parametrico-o-que-e-e-como-utilizar4.jpg\" alt=\" Or\u00e7amento Param\u00e9trico: Conceitos e Aplica\u00e7\u00f5es para Projetos Eficientes\" width=\"1024\" height=\"1024\" title=\"\"><figcaption class=\"wp-caption-text\">Or\u00e7amento Param\u00e9trico: Conceitos e Aplica\u00e7\u00f5es para Projetos Eficientes<\/figcaption><\/figure>\n<h3>Para se aprofundar mais sobre o tema, veja a minha recomenda\u00e7\u00e3o sobre o tema deste artigo no v\u00eddeo a seguir abaixo:<\/h3>\n<p><iframe title=\"YouTube video player\" src=\"https:\/\/www.youtube.com\/embed\/7s_xuREfVlc\" width=\"560\" height=\"315\" frameborder=\"0\" allowfullscreen=\"allowfullscreen\"><\/iframe><\/p>\n","protected":false},"excerpt":{"rendered":"<p>Descubra como o or\u00e7amento param\u00e9trico pode otimizar seus projetos com estimativas precisas e redu\u00e7\u00e3o de custos.<\/p>\n","protected":false},"author":102,"featured_media":148965,"comment_status":"open","ping_status":"","sticky":false,"template":"","format":"standard","meta":{"footnotes":""},"categories":[249],"tags":[],"class_list":["post-148966","post","type-post","status-publish","format-standard","has-post-thumbnail","category-engenharia-e-construcao-civil"],"_wp_attached_file":null,"_wp_attachment_metadata":null,"_wp_attachment_context":null,"_wp_attachment_is_custom_header":null,"geo_longitude":null,"geo_public":null,"geo_latitude":null,"_publicize_done_external":null,"_wpas_done_3897181":null,"publicize_twitter_user":null,"_wpas_done_3897175":null,"_wpas_skip_3897181":null,"_wpas_skip_3897175":null,"_wpas_skip_3924723":null,"_wpas_mess":null,"_wpas_done_3924723":null,"wps_subtitle":"","_links":{"self":[{"href":"https:\/\/www.aarquiteta.com.br\/blog\/wp-json\/wp\/v2\/posts\/148966","targetHints":{"allow":["GET"]}}],"collection":[{"href":"https:\/\/www.aarquiteta.com.br\/blog\/wp-json\/wp\/v2\/posts"}],"about":[{"href":"https:\/\/www.aarquiteta.com.br\/blog\/wp-json\/wp\/v2\/types\/post"}],"author":[{"embeddable":true,"href":"https:\/\/www.aarquiteta.com.br\/blog\/wp-json\/wp\/v2\/users\/102"}],"replies":[{"embeddable":true,"href":"https:\/\/www.aarquiteta.com.br\/blog\/wp-json\/wp\/v2\/comments?post=148966"}],"version-history":[{"count":0,"href":"https:\/\/www.aarquiteta.com.br\/blog\/wp-json\/wp\/v2\/posts\/148966\/revisions"}],"wp:featuredmedia":[{"embeddable":true,"href":"https:\/\/www.aarquiteta.com.br\/blog\/wp-json\/wp\/v2\/media\/148965"}],"wp:attachment":[{"href":"https:\/\/www.aarquiteta.com.br\/blog\/wp-json\/wp\/v2\/media?parent=148966"}],"wp:term":[{"taxonomy":"category","embeddable":true,"href":"https:\/\/www.aarquiteta.com.br\/blog\/wp-json\/wp\/v2\/categories?post=148966"},{"taxonomy":"post_tag","embeddable":true,"href":"https:\/\/www.aarquiteta.com.br\/blog\/wp-json\/wp\/v2\/tags?post=148966"}],"curies":[{"name":"wp","href":"https:\/\/api.w.org\/{rel}","templated":true}]}}