{"id":148915,"date":"2025-04-11T09:01:05","date_gmt":"2025-04-11T12:01:05","guid":{"rendered":"https:\/\/www.aarquiteta.com.br\/blog\/decorar-corredores-internos-com-estilo\/"},"modified":"2025-04-11T09:01:05","modified_gmt":"2025-04-11T12:01:05","slug":"decorar-corredores-internos-com-estilo","status":"publish","type":"post","link":"https:\/\/www.aarquiteta.com.br\/blog\/decorar-corredores-internos-com-estilo\/","title":{"rendered":"Dicas para decorar corredores internos e deix\u00e1-los mais iluminados e estilosos"},"content":{"rendered":"<p><body><\/p>\n<p><b>Corredores internos podem ser muito mais do que simples passagens \u2014 com os toques certos, viram parte essencial da decora\u00e7\u00e3o e da ilumina\u00e7\u00e3o da casa.<\/b><\/p>\n<h3><b>Voc\u00ea sabia que seu corredor pode ser uma galeria iluminada e cheia de estilo?<\/b><\/h3>\n<figure style=\"width: 1024px\" class=\"wp-caption aligncenter\"><img decoding=\"async\" src=\"https:\/\/www.aarquiteta.com.br\/blog\/wp-content\/uploads\/2025\/04\/decorar-corredores-internos-com-estilo04.jpg\" alt=\"Dicas para decorar corredores internos e deix\u00e1-los mais iluminados e estilosos\" width=\"1024\" height=\"1024\" title=\"\"><figcaption class=\"wp-caption-text\">Dicas para decorar corredores internos e deix\u00e1-los mais iluminados e estilosos<\/figcaption><\/figure>\n<p>Muita gente acha que corredor \u00e9 s\u00f3 lugar de passagem. <\/p>\n<p><b>Mas com alguns truques de decora\u00e7\u00e3o, ele pode ganhar vida<\/b> e se tornar uma parte integrada da casa.<\/p>\n<p>Hoje, vou te mostrar como transformar um corredor sem gra\u00e7a em um verdadeiro destaque. <\/p>\n<p>Quer ver s\u00f3 como isso \u00e9 poss\u00edvel?<\/p>\n<h3><b>Use espelhos para ampliar e refletir luz<\/b><\/h3>\n<figure style=\"width: 1024px\" class=\"wp-caption aligncenter\"><img decoding=\"async\" src=\"https:\/\/www.aarquiteta.com.br\/blog\/wp-content\/uploads\/2025\/04\/decorar-corredores-internos-com-estilo03.jpg\" alt=\"Dicas para decorar corredores internos e deix\u00e1-los mais iluminados e estilosos\" width=\"1024\" height=\"1024\" title=\"\"><figcaption class=\"wp-caption-text\">Dicas para decorar corredores internos e deix\u00e1-los mais iluminados e estilosos<\/figcaption><\/figure>\n<p><b>Espelhos trazem amplitude<\/b> e suavizam ambientes estreitos. <\/p>\n<p>Al\u00e9m disso, refletem a luz natural ou artificial, deixando tudo mais claro e agrad\u00e1vel.<\/p>\n<h3><b>Ilumina\u00e7\u00e3o \u00e9 tudo \u2014 aposte em luz indireta<\/b><\/h3>\n<figure style=\"width: 1024px\" class=\"wp-caption aligncenter\"><img decoding=\"async\" src=\"https:\/\/www.aarquiteta.com.br\/blog\/wp-content\/uploads\/2025\/04\/decorar-corredores-internos-com-estilo02.jpg\" alt=\"Dicas para decorar corredores internos e deix\u00e1-los mais iluminados e estilosos\" width=\"1024\" height=\"1024\" title=\"\"><figcaption class=\"wp-caption-text\">Dicas para decorar corredores internos e deix\u00e1-los mais iluminados e estilosos<\/figcaption><\/figure>\n<p>Basta uma faixa de LED embutida ou arandelas laterais pra dar aquele charme. <\/p>\n<p><b>Evite luz direta no teto<\/b>, que pode deixar o ambiente frio e com cara de hospital.<\/p>\n<h3><b>Corredor tamb\u00e9m tem cor \u2014 escolha tons leves<\/b><\/h3>\n<figure style=\"width: 1024px\" class=\"wp-caption aligncenter\"><img decoding=\"async\" src=\"https:\/\/www.aarquiteta.com.br\/blog\/wp-content\/uploads\/2025\/04\/decorar-corredores-internos-com-estilo01.jpg\" alt=\"Dicas para decorar corredores internos e deix\u00e1-los mais iluminados e estilosos\" width=\"1024\" height=\"1024\" title=\"\"><figcaption class=\"wp-caption-text\">Dicas para decorar corredores internos e deix\u00e1-los mais iluminados e estilosos<\/figcaption><\/figure>\n<p><b>Cores claras como bege, areia, branco gelo<\/b> ajudam na reflex\u00e3o da luz e transmitem leveza. <\/p>\n<p>Quer algo mais ousado? Fa\u00e7a uma parede de destaque, mas com tons past\u00e9is ou terrosos suaves.<\/p>\n<h3><b>Quadros bem posicionados encantam os olhos<\/b><\/h3>\n<p>Quem nunca passou por um corredor decorado com artes e se sentiu numa galeria?<\/p>\n<p><b>Use quadros m\u00e9dios ou pequenos, todos na mesma linha ou alinhados ao centro<\/b>. Cria harmonia visual e atrai olhares.<\/p>\n<h3><b>M\u00f3veis estreitos funcionam e decoram<\/b><\/h3>\n<h3>Assista agora a minha recomenda\u00e7\u00e3o de video abaixo sobre o tema que estamos tratando neste artigo: <\/h3>\n<p><div class=\"youtube-embed\" data-video_id=\"4si8knvNVHk\"><iframe title=\"PEGA ESSA DICA QUANDO FOR DECORAR SEU CORREDOR APROVEITAMENTO MELHOR O ESPA\u00c7O #home #trends\" width=\"696\" height=\"392\" src=\"https:\/\/www.youtube.com\/embed\/4si8knvNVHk?feature=oembed&#038;enablejsapi=1\" frameborder=\"0\" allow=\"accelerometer; autoplay; clipboard-write; encrypted-media; gyroscope; picture-in-picture; web-share\" referrerpolicy=\"strict-origin-when-cross-origin\" allowfullscreen><\/iframe><\/div>\n<\/p>\n<p>Uma prateleira fina com plantas, velas ou esculturas pequenas j\u00e1 muda tudo. <\/p>\n<p><b>Evite pe\u00e7as grandes<\/b> que bloqueiam o fluxo e deixam tudo apertado.<\/p>\n<h3><b>Toque final: tapetes estreitos e texturas no piso<\/b><\/h3>\n<p>Tapetes longos ajudam a guiar o olhar. <\/p>\n<p><b>Prefira aqueles com textura leve ou padr\u00f5es discretos<\/b> para n\u00e3o \u201cpesar\u201d no ambiente.<\/p>\n<h3><b>Resumo das ideias para um corredor iluminado e estiloso<\/b><\/h3>\n<table border=\"1\" cellpadding=\"6\" cellspacing=\"0\">\n<tr>\n<th><b>Dica<\/b><\/th>\n<th><b>Resultado<\/b><\/th>\n<\/tr>\n<tr>\n<td><b>Espelhos<\/b><\/td>\n<td>Mais luz e espa\u00e7o visual<\/td>\n<\/tr>\n<tr>\n<td><b>Ilumina\u00e7\u00e3o indireta<\/b><\/td>\n<td>Atmosfera acolhedora<\/td>\n<\/tr>\n<tr>\n<td><b>Cores claras<\/b><\/td>\n<td>Ambiente leve e iluminado<\/td>\n<\/tr>\n<tr>\n<td><b>Quadros alinhados<\/b><\/td>\n<td>Estilo e personalidade<\/td>\n<\/tr>\n<tr>\n<td><b>Tapetes e texturas<\/b><\/td>\n<td>Conforto visual<\/td>\n<\/tr>\n<\/table>\n<h3><b>Evite exageros e mantenha o fluxo<\/b><\/h3>\n<p>Mesmo cheios de estilo, <b>os corredores precisam ser funcionais<\/b>. <\/p>\n<p>De nada adianta uma decora\u00e7\u00e3o linda que atrapalha a passagem e vira obst\u00e1culo.<\/p>\n<h3><b>Plantas pequenas tamb\u00e9m funcionam bem<\/b><\/h3>\n<p>Se tem luz natural, coloque suculentas ou samambaias pequenas. <\/p>\n<p><b>Elas trazem frescor e cor<\/b>, criando vida onde antes s\u00f3 havia parede branca.<\/p>\n<h3><b>Pronto pra mudar o visual do seu corredor?<\/b><\/h3>\n<p>Agora \u00e9 com voc\u00ea! J\u00e1 tem tudo nas m\u00e3os pra fazer do seu corredor algo memor\u00e1vel. <\/p>\n<p><b>Com luz, cor e criatividade<\/b>, at\u00e9 o menor dos espa\u00e7os ganha alma.<\/p>\n<p><\/body><\/p>\n","protected":false},"excerpt":{"rendered":"<p>Descubra como dar vida aos corredores da sua casa com ilumina\u00e7\u00e3o, cor e quadros bem posicionados.<\/p>\n","protected":false},"author":102,"featured_media":148912,"comment_status":"open","ping_status":"","sticky":false,"template":"","format":"standard","meta":{"footnotes":""},"categories":[1484,971],"tags":[],"class_list":["post-148915","post","type-post","status-publish","format-standard","has-post-thumbnail","category-decoracao","category-design-de-interiores"],"_wp_attached_file":null,"_wp_attachment_metadata":null,"_wp_attachment_context":null,"_wp_attachment_is_custom_header":null,"geo_longitude":null,"geo_public":null,"geo_latitude":null,"_publicize_done_external":null,"_wpas_done_3897181":null,"publicize_twitter_user":null,"_wpas_done_3897175":null,"_wpas_skip_3897181":null,"_wpas_skip_3897175":null,"_wpas_skip_3924723":null,"_wpas_mess":null,"_wpas_done_3924723":null,"wps_subtitle":"","_links":{"self":[{"href":"https:\/\/www.aarquiteta.com.br\/blog\/wp-json\/wp\/v2\/posts\/148915","targetHints":{"allow":["GET"]}}],"collection":[{"href":"https:\/\/www.aarquiteta.com.br\/blog\/wp-json\/wp\/v2\/posts"}],"about":[{"href":"https:\/\/www.aarquiteta.com.br\/blog\/wp-json\/wp\/v2\/types\/post"}],"author":[{"embeddable":true,"href":"https:\/\/www.aarquiteta.com.br\/blog\/wp-json\/wp\/v2\/users\/102"}],"replies":[{"embeddable":true,"href":"https:\/\/www.aarquiteta.com.br\/blog\/wp-json\/wp\/v2\/comments?post=148915"}],"version-history":[{"count":0,"href":"https:\/\/www.aarquiteta.com.br\/blog\/wp-json\/wp\/v2\/posts\/148915\/revisions"}],"wp:featuredmedia":[{"embeddable":true,"href":"https:\/\/www.aarquiteta.com.br\/blog\/wp-json\/wp\/v2\/media\/148912"}],"wp:attachment":[{"href":"https:\/\/www.aarquiteta.com.br\/blog\/wp-json\/wp\/v2\/media?parent=148915"}],"wp:term":[{"taxonomy":"category","embeddable":true,"href":"https:\/\/www.aarquiteta.com.br\/blog\/wp-json\/wp\/v2\/categories?post=148915"},{"taxonomy":"post_tag","embeddable":true,"href":"https:\/\/www.aarquiteta.com.br\/blog\/wp-json\/wp\/v2\/tags?post=148915"}],"curies":[{"name":"wp","href":"https:\/\/api.w.org\/{rel}","templated":true}]}}