{"id":148910,"date":"2025-04-11T07:18:09","date_gmt":"2025-04-11T10:18:09","guid":{"rendered":"https:\/\/www.aarquiteta.com.br\/blog\/como-fazer-fachada-verde-com-vasos-e-trepadeiras\/"},"modified":"2025-04-11T07:18:09","modified_gmt":"2025-04-11T10:18:09","slug":"como-fazer-fachada-verde-com-vasos-e-trepadeiras","status":"publish","type":"post","link":"https:\/\/www.aarquiteta.com.br\/blog\/como-fazer-fachada-verde-com-vasos-e-trepadeiras\/","title":{"rendered":"Como criar uma fachada verde com vasos, trepadeiras e ilumina\u00e7\u00e3o"},"content":{"rendered":"<p><body><\/p>\n<p><b>Transforme sua fachada com plantas e luzes<\/b> de um jeito f\u00e1cil, bonito e que deixa qualquer entrada com cara de capa de revista.<\/p>\n<h3>Voc\u00ea j\u00e1 sonhou com uma fachada que faz todo mundo parar pra olhar?<\/h3>\n<figure style=\"width: 1024px\" class=\"wp-caption aligncenter\"><img decoding=\"async\" src=\"https:\/\/www.aarquiteta.com.br\/blog\/wp-content\/uploads\/2025\/04\/como-fazer-fachada-verde-com-vasos-e-trepadeiras04.jpg\" alt=\"Como criar uma fachada verde com vasos, trepadeiras e ilumina\u00e7\u00e3o\" width=\"1024\" height=\"1024\" title=\"\"><figcaption class=\"wp-caption-text\">Como criar uma fachada verde com vasos, trepadeiras e ilumina\u00e7\u00e3o<\/figcaption><\/figure>\n<p>Ent\u00e3o, <b>chegou sua hora de criar uma fachada verde<\/b>, com estilo, frescor e aquele toque natural que todo mundo ama hoje em dia.<\/p>\n<p>Muita gente pensa que \u00e9 dif\u00edcil, caro ou que precisa de um paisagista premiado. Mas t\u00f4 aqui pra te provar o contr\u00e1rio.<\/p>\n<p>Voc\u00ea s\u00f3 vai precisar de alguns <b>vasos bem escolhidos, trepadeiras certeiras<\/b> e uma ilumina\u00e7\u00e3o que valorize tudo isso.<\/p>\n<h3>Escolha vasos que combinem com a fachada<\/h3>\n<figure style=\"width: 1024px\" class=\"wp-caption aligncenter\"><img decoding=\"async\" src=\"https:\/\/www.aarquiteta.com.br\/blog\/wp-content\/uploads\/2025\/04\/como-fazer-fachada-verde-com-vasos-e-trepadeiras03.jpg\" alt=\"Como criar uma fachada verde com vasos, trepadeiras e ilumina\u00e7\u00e3o\" width=\"1024\" height=\"1024\" title=\"\"><figcaption class=\"wp-caption-text\">Como criar uma fachada verde com vasos, trepadeiras e ilumina\u00e7\u00e3o<\/figcaption><\/figure>\n<p>Nem todo vaso \u00e9 igual, viu? O segredo est\u00e1 na harmonia com o estilo da casa e o material dos vasos.<\/p>\n<p>Por exemplo, se sua fachada \u00e9 mais r\u00fastica, vasos de cimento ou cer\u00e2mica mais porosa s\u00e3o \u00f3timos.<\/p>\n<p>J\u00e1 pra um visual moderno, <b>vasos met\u00e1licos ou de fibra tran\u00e7ada<\/b> d\u00e3o um charme elegante.<\/p>\n<h3>Use trepadeiras para dar vida vertical<\/h3>\n<figure style=\"width: 1024px\" class=\"wp-caption aligncenter\"><img decoding=\"async\" src=\"https:\/\/www.aarquiteta.com.br\/blog\/wp-content\/uploads\/2025\/04\/como-fazer-fachada-verde-com-vasos-e-trepadeiras02.jpg\" alt=\"Como criar uma fachada verde com vasos, trepadeiras e ilumina\u00e7\u00e3o\" width=\"1024\" height=\"1024\" title=\"\"><figcaption class=\"wp-caption-text\">Como criar uma fachada verde com vasos, trepadeiras e ilumina\u00e7\u00e3o<\/figcaption><\/figure>\n<p>As <b>trepadeiras s\u00e3o como cortinas verdes<\/b> que dan\u00e7am com o vento. Elas trazem movimento e frescor, al\u00e9m de ocupar pouco espa\u00e7o.<\/p>\n<p>Escalada do verde! Aposte em jasmim, hera ou sapatinho-de-judia pra fazer sua fachada florescer.<\/p>\n<h3>Ilumina\u00e7\u00e3o: o espet\u00e1culo noturno come\u00e7a aqui<\/h3>\n<figure style=\"width: 1024px\" class=\"wp-caption aligncenter\"><img decoding=\"async\" src=\"https:\/\/www.aarquiteta.com.br\/blog\/wp-content\/uploads\/2025\/04\/como-fazer-fachada-verde-com-vasos-e-trepadeiras01.jpg\" alt=\"Como criar uma fachada verde com vasos, trepadeiras e ilumina\u00e7\u00e3o\" width=\"1024\" height=\"1024\" title=\"\"><figcaption class=\"wp-caption-text\">Como criar uma fachada verde com vasos, trepadeiras e ilumina\u00e7\u00e3o<\/figcaption><\/figure>\n<p>Depois do p\u00f4r-do-sol, sua fachada deve continuar arrasando. E \u00e9 aqui que a <b>ilumina\u00e7\u00e3o certa muda tudo<\/b>.<\/p>\n<p>Use luzes quentes voltadas para as plantas, criando sombras e profundidade. Acredite, isso valoriza at\u00e9 o port\u00e3o velho!<\/p>\n<h3>Resumo r\u00e1pido pra n\u00e3o esquecer<\/h3>\n<table border=\"1\" cellpadding=\"8\" cellspacing=\"0\">\n<thead>\n<tr>\n<th><b>Elemento<\/b><\/th>\n<th><b>Dica Principal<\/b><\/th>\n<\/tr>\n<\/thead>\n<tbody>\n<tr>\n<td>Vasos<\/td>\n<td>Escolher material e cor que combinam com a fachada<\/td>\n<\/tr>\n<tr>\n<td>Trepadeiras<\/td>\n<td>Usar esp\u00e9cies que crescem r\u00e1pido e d\u00e3o flores<\/td>\n<\/tr>\n<tr>\n<td>Ilumina\u00e7\u00e3o<\/td>\n<td>Luzes quentes e direcionadas para destacar as plantas<\/td>\n<\/tr>\n<\/tbody>\n<\/table>\n<h3>E se chover? Uma boa drenagem resolve<\/h3>\n<h3>Assista agora a minha recomenda\u00e7\u00e3o de video abaixo sobre o tema que estamos tratando neste artigo: <\/h3>\n<p><div class=\"youtube-embed\" data-video_id=\"Oul0pPqZ85w\"><iframe title=\"Aprenda a fazer um jardim vertical! #shorts #jardim #decora\u00e7\u00e3o\" width=\"696\" height=\"392\" src=\"https:\/\/www.youtube.com\/embed\/Oul0pPqZ85w?feature=oembed&#038;enablejsapi=1\" frameborder=\"0\" allow=\"accelerometer; autoplay; clipboard-write; encrypted-media; gyroscope; picture-in-picture; web-share\" referrerpolicy=\"strict-origin-when-cross-origin\" allowfullscreen><\/iframe><\/div>\n<\/p>\n<p><b>N\u00e3o esquece da drenagem dos vasos!<\/b> \u00c1gua acumulada al\u00e9m de matar a planta, atrai mosquito (ningu\u00e9m quer isso no enfeite da porta!).<\/p>\n<p>Coloque cascalho ou argila expandida no fundo dos vasos, simples e funcional. A planta agradece.<\/p>\n<h3>Dica de ouro: pense na manuten\u00e7\u00e3o<\/h3>\n<p>Um jardim vertical lindo hoje tem que continuar lindo m\u00eas que vem\u2026 e pra isso, <b>escolha plantas resistentes<\/b>.<\/p>\n<p>Vai por mim: menos \u00e9 mais. Umas 3 ou 4 esp\u00e9cies bem cuidadas valem mais que uma selva descontrolada.<\/p>\n<h3>Toques finais: acess\u00f3rios e simetria<\/h3>\n<p>Adicione <b>objetos decorativos entre os vasos<\/b>, como lanternas, pedras ou elementos de madeira. Isso cria equil\u00edbrio visual.<\/p>\n<p>Posicione simetricamente ou brinque com alturas diferentes. Sua fachada vira arte viva em movimento.<\/p>\n<h3>Vamos colocar vida na fachada hoje?<\/h3>\n<p>Com os <b>vasos certos, plantas bem escolhidas e ilumina\u00e7\u00e3o aconchegante<\/b>, sua fachada vai parar o quarteir\u00e3o \u2014 de inveja boa!<\/p>\n<p>Al\u00e9m de deixar tudo mais bonito, ainda ajuda o meio ambiente, refresca a casa e mostra logo na entrada o seu bom gosto!<\/p>\n<p><\/body><\/p>\n","protected":false},"excerpt":{"rendered":"<p>D\u00ea um toque natural \u00e0 fachada com vasos, trepadeiras e luz: f\u00e1cil de aplicar e com efeito encantador.<\/p>\n","protected":false},"author":102,"featured_media":148907,"comment_status":"open","ping_status":"","sticky":false,"template":"","format":"standard","meta":{"footnotes":""},"categories":[1484,971],"tags":[],"class_list":["post-148910","post","type-post","status-publish","format-standard","has-post-thumbnail","category-decoracao","category-design-de-interiores"],"_wp_attached_file":null,"_wp_attachment_metadata":null,"_wp_attachment_context":null,"_wp_attachment_is_custom_header":null,"geo_longitude":null,"geo_public":null,"geo_latitude":null,"_publicize_done_external":null,"_wpas_done_3897181":null,"publicize_twitter_user":null,"_wpas_done_3897175":null,"_wpas_skip_3897181":null,"_wpas_skip_3897175":null,"_wpas_skip_3924723":null,"_wpas_mess":null,"_wpas_done_3924723":null,"wps_subtitle":"","_links":{"self":[{"href":"https:\/\/www.aarquiteta.com.br\/blog\/wp-json\/wp\/v2\/posts\/148910","targetHints":{"allow":["GET"]}}],"collection":[{"href":"https:\/\/www.aarquiteta.com.br\/blog\/wp-json\/wp\/v2\/posts"}],"about":[{"href":"https:\/\/www.aarquiteta.com.br\/blog\/wp-json\/wp\/v2\/types\/post"}],"author":[{"embeddable":true,"href":"https:\/\/www.aarquiteta.com.br\/blog\/wp-json\/wp\/v2\/users\/102"}],"replies":[{"embeddable":true,"href":"https:\/\/www.aarquiteta.com.br\/blog\/wp-json\/wp\/v2\/comments?post=148910"}],"version-history":[{"count":0,"href":"https:\/\/www.aarquiteta.com.br\/blog\/wp-json\/wp\/v2\/posts\/148910\/revisions"}],"wp:featuredmedia":[{"embeddable":true,"href":"https:\/\/www.aarquiteta.com.br\/blog\/wp-json\/wp\/v2\/media\/148907"}],"wp:attachment":[{"href":"https:\/\/www.aarquiteta.com.br\/blog\/wp-json\/wp\/v2\/media?parent=148910"}],"wp:term":[{"taxonomy":"category","embeddable":true,"href":"https:\/\/www.aarquiteta.com.br\/blog\/wp-json\/wp\/v2\/categories?post=148910"},{"taxonomy":"post_tag","embeddable":true,"href":"https:\/\/www.aarquiteta.com.br\/blog\/wp-json\/wp\/v2\/tags?post=148910"}],"curies":[{"name":"wp","href":"https:\/\/api.w.org\/{rel}","templated":true}]}}