{"id":148875,"date":"2025-04-10T15:04:54","date_gmt":"2025-04-10T18:04:54","guid":{"rendered":"https:\/\/www.aarquiteta.com.br\/blog\/ideias-de-puxadinho-multiuso-barato\/"},"modified":"2025-04-10T15:04:54","modified_gmt":"2025-04-10T18:04:54","slug":"ideias-de-puxadinho-multiuso-barato","status":"publish","type":"post","link":"https:\/\/www.aarquiteta.com.br\/blog\/ideias-de-puxadinho-multiuso-barato\/","title":{"rendered":"3 ideias de puxadinhos multiuso que cabem no or\u00e7amento"},"content":{"rendered":"<p><body><\/p>\n<p><b>Quer deixar sua casa mais funcional gastando pouco?<\/b> Ent\u00e3o vem comigo ver puxadinhos baratos, bonitos e cheios de utilidade pra transformar qualquer cantinho!<\/p>\n<h3><b>Voc\u00ea j\u00e1 pensou em ampliar sua casa sem quebrar o or\u00e7amento?<\/b><\/h3>\n<figure style=\"width: 1024px\" class=\"wp-caption aligncenter\"><img decoding=\"async\" src=\"https:\/\/www.aarquiteta.com.br\/blog\/wp-content\/uploads\/2025\/04\/ideias-de-puxadinho-multiuso-barato04.jpg\" alt=\"3 ideias de puxadinhos multiuso que cabem no or\u00e7amento\" width=\"1024\" height=\"1024\" title=\"\"><figcaption class=\"wp-caption-text\">3 ideias de puxadinhos multiuso que cabem no or\u00e7amento<\/figcaption><\/figure>\n<p>Muita gente acha que expans\u00e3o de casa \u00e9 sin\u00f4nimo de bagun\u00e7a, dores de cabe\u00e7a e boletos altos.<\/p>\n<p>Mas a verdade \u00e9 que alguns <b>puxadinhos multiuso<\/b> podem ser simples, acess\u00edveis e incrivelmente pr\u00e1ticos.<\/p>\n<h3><b>Puxadinho gourmet: cozinha externa sem complica\u00e7\u00e3o<\/b><\/h3>\n<figure style=\"width: 1024px\" class=\"wp-caption aligncenter\"><img decoding=\"async\" src=\"https:\/\/www.aarquiteta.com.br\/blog\/wp-content\/uploads\/2025\/04\/ideias-de-puxadinho-multiuso-barato03.jpg\" alt=\"3 ideias de puxadinhos multiuso que cabem no or\u00e7amento\" width=\"1024\" height=\"1024\" title=\"\"><figcaption class=\"wp-caption-text\">3 ideias de puxadinhos multiuso que cabem no or\u00e7amento<\/figcaption><\/figure>\n<p>Sabe aquele cantinho do quintal meio esquecido? Ele pode virar um <b>ref\u00fagio gourmet<\/b> com pouco investimento.<\/p>\n<p>Com uma pia, uma bancada econ\u00f4mica e um fog\u00e3o port\u00e1til, d\u00e1 pra receber amigos e curtir o fim de semana.<\/p>\n<p>Coloque algumas luzes e itens de decora\u00e7\u00e3o e pronto: virou o novo ponto de encontro da casa.<\/p>\n<h3><b>Home office no puxadinho<\/b><\/h3>\n<figure style=\"width: 1024px\" class=\"wp-caption aligncenter\"><img decoding=\"async\" src=\"https:\/\/www.aarquiteta.com.br\/blog\/wp-content\/uploads\/2025\/04\/ideias-de-puxadinho-multiuso-barato02.jpg\" alt=\"3 ideias de puxadinhos multiuso que cabem no or\u00e7amento\" width=\"1024\" height=\"1024\" title=\"\"><figcaption class=\"wp-caption-text\">3 ideias de puxadinhos multiuso que cabem no or\u00e7amento<\/figcaption><\/figure>\n<p>Se trabalhar em casa virou sua realidade, mas falta espa\u00e7o, um <b>espa\u00e7o anexo no quintal<\/b> pode virar seu escrit\u00f3rio so\u0301 seu.<\/p>\n<p>Com drywall e telhado simples de policarbonato, o ambiente fica barato, fresco e isolado o suficiente pra concentra\u00e7\u00e3o.<\/p>\n<p>Vai por mim: seu foco e produtividade (e talvez seu chefe!) v\u00e3o agradecer essa escolha.<\/p>\n<h3><b>Extens\u00e3o da sala com charme e criatividade<\/b><\/h3>\n<figure style=\"width: 1024px\" class=\"wp-caption aligncenter\"><img decoding=\"async\" src=\"https:\/\/www.aarquiteta.com.br\/blog\/wp-content\/uploads\/2025\/04\/ideias-de-puxadinho-multiuso-barato01.jpg\" alt=\"3 ideias de puxadinhos multiuso que cabem no or\u00e7amento\" width=\"1024\" height=\"1024\" title=\"\"><figcaption class=\"wp-caption-text\">3 ideias de puxadinhos multiuso que cabem no or\u00e7amento<\/figcaption><\/figure>\n<p>Um puxadinho de vidro ou madeira ao lado da sala vira <b>amplia\u00e7\u00e3o cheia de estilo<\/b>.<\/p>\n<p>D\u00e1 pra colocar um sof\u00e1 extra, uma estante ou at\u00e9 um mini jardim interno!<\/p>\n<p>Al\u00e9m de funcional, deixa o lar mais iluminado e respir\u00e1vel \u2014 e nem parece improvisado.<\/p>\n<h3>\ud83d\udccb <b>Tabela R\u00e1pida: 3 Puxadinhos Multiuso que Cabem no Bolso<\/b><\/h3>\n<table border=\"1\" cellpadding=\"8\">\n<tr>\n<th>Tipo de Puxadinho<\/th>\n<th>Finalidade<\/th>\n<th>Or\u00e7amento Estimado<\/th>\n<th>Materiais Indicados<\/th>\n<\/tr>\n<tr>\n<td>Cozinha Externa<\/td>\n<td>Refei\u00e7\u00f5es ao ar livre<\/td>\n<td>A partir de R$ 3.000<\/td>\n<td>Bancada de concreto, telha, churrasqueiras port\u00e1teis<\/td>\n<\/tr>\n<tr>\n<td>Home Office<\/td>\n<td>Trabalho remoto<\/td>\n<td>A partir de R$ 2.000<\/td>\n<td>Pain\u00e9is de drywall, janelas de vidro, ilumina\u00e7\u00e3o simples<\/td>\n<\/tr>\n<tr>\n<td>Extens\u00e3o da Sala<\/td>\n<td>Mais conforto e espa\u00e7o<\/td>\n<td>A partir de R$ 3.500<\/td>\n<td>Teto de vidro, madeira reaproveitada, plantas e LED<\/td>\n<\/tr>\n<\/table>\n<h3><b>Material bom e barato faz a diferen\u00e7a<\/b><\/h3>\n<h3>Assista agora a minha recomenda\u00e7\u00e3o de video abaixo sobre o tema que estamos tratando neste artigo: <\/h3>\n<p><div class=\"youtube-embed\" data-video_id=\"xUBHAhc8ubM\"><iframe title=\"aquele puxadinho (banheiro)\" width=\"696\" height=\"392\" src=\"https:\/\/www.youtube.com\/embed\/xUBHAhc8ubM?feature=oembed&#038;enablejsapi=1\" frameborder=\"0\" allow=\"accelerometer; autoplay; clipboard-write; encrypted-media; gyroscope; picture-in-picture; web-share\" referrerpolicy=\"strict-origin-when-cross-origin\" allowfullscreen><\/iframe><\/div>\n<\/p>\n<p>Olha s\u00f3: PVC, pallets, vidro e metalon s\u00e3o materiais que unem <b>baixo custo e resultados encantadores<\/b>.<\/p>\n<p>Ali\u00e1s, quem olha nem percebe que aquele puxadinho foi feito na ra\u00e7a e sem estourar o 13\u00ba sal\u00e1rio.<\/p>\n<h3><b>Personalize com seu estilo sem pesar a m\u00e3o<\/b><\/h3>\n<p>Use sua criatividade: vasinhos pendurados, lumin\u00e1rias de fio, pintura criativa e pronto!<\/p>\n<p>O importante \u00e9 manter a <b>identidade visual da casa<\/b> e deixar tudo bem funcional, sem exageros.<\/p>\n<h3><b>N\u00e3o subestime o poder de um bom puxadinho<\/b><\/h3>\n<p>\u00c0s vezes o que falta na casa \u00e9 s\u00f3 aquele espa\u00e7o extra pra respirar, trabalhar ou curtir.<\/p>\n<p>E com essas <b>ideias criativas e econ\u00f4micas<\/b>, ampliar a casa j\u00e1 n\u00e3o parece coisa de outro mundo.<\/p>\n<p>Vai com f\u00e9, vai com tijolo&#8230; Mas, principalmente, vai com um bom planejamento!<\/p>\n<p><\/body><\/p>\n","protected":false},"excerpt":{"rendered":"<p>Inspire-se com solu\u00e7\u00f5es de puxadinhos \u00fateis, bonitos e baratos para ampliar sua casa com funcionalidade.<\/p>\n","protected":false},"author":102,"featured_media":148872,"comment_status":"open","ping_status":"","sticky":false,"template":"","format":"standard","meta":{"footnotes":""},"categories":[1484,971],"tags":[],"class_list":["post-148875","post","type-post","status-publish","format-standard","has-post-thumbnail","category-decoracao","category-design-de-interiores"],"_wp_attached_file":null,"_wp_attachment_metadata":null,"_wp_attachment_context":null,"_wp_attachment_is_custom_header":null,"geo_longitude":null,"geo_public":null,"geo_latitude":null,"_publicize_done_external":null,"_wpas_done_3897181":null,"publicize_twitter_user":null,"_wpas_done_3897175":null,"_wpas_skip_3897181":null,"_wpas_skip_3897175":null,"_wpas_skip_3924723":null,"_wpas_mess":null,"_wpas_done_3924723":null,"wps_subtitle":"","_links":{"self":[{"href":"https:\/\/www.aarquiteta.com.br\/blog\/wp-json\/wp\/v2\/posts\/148875","targetHints":{"allow":["GET"]}}],"collection":[{"href":"https:\/\/www.aarquiteta.com.br\/blog\/wp-json\/wp\/v2\/posts"}],"about":[{"href":"https:\/\/www.aarquiteta.com.br\/blog\/wp-json\/wp\/v2\/types\/post"}],"author":[{"embeddable":true,"href":"https:\/\/www.aarquiteta.com.br\/blog\/wp-json\/wp\/v2\/users\/102"}],"replies":[{"embeddable":true,"href":"https:\/\/www.aarquiteta.com.br\/blog\/wp-json\/wp\/v2\/comments?post=148875"}],"version-history":[{"count":0,"href":"https:\/\/www.aarquiteta.com.br\/blog\/wp-json\/wp\/v2\/posts\/148875\/revisions"}],"wp:featuredmedia":[{"embeddable":true,"href":"https:\/\/www.aarquiteta.com.br\/blog\/wp-json\/wp\/v2\/media\/148872"}],"wp:attachment":[{"href":"https:\/\/www.aarquiteta.com.br\/blog\/wp-json\/wp\/v2\/media?parent=148875"}],"wp:term":[{"taxonomy":"category","embeddable":true,"href":"https:\/\/www.aarquiteta.com.br\/blog\/wp-json\/wp\/v2\/categories?post=148875"},{"taxonomy":"post_tag","embeddable":true,"href":"https:\/\/www.aarquiteta.com.br\/blog\/wp-json\/wp\/v2\/tags?post=148875"}],"curies":[{"name":"wp","href":"https:\/\/api.w.org\/{rel}","templated":true}]}}