{"id":148858,"date":"2025-04-09T18:44:23","date_gmt":"2025-04-09T21:44:23","guid":{"rendered":"https:\/\/www.aarquiteta.com.br\/blog\/revelando-15-ideias-incriveis-para-harmonizar-seu-escritorio-e-quarto-de-hospedes\/"},"modified":"2025-04-09T18:44:23","modified_gmt":"2025-04-09T21:44:23","slug":"revelando-15-ideias-incriveis-para-harmonizar-seu-escritorio-e-quarto-de-hospedes","status":"publish","type":"post","link":"https:\/\/www.aarquiteta.com.br\/blog\/revelando-15-ideias-incriveis-para-harmonizar-seu-escritorio-e-quarto-de-hospedes\/","title":{"rendered":"Revelando 15 Ideias Incr\u00edveis para Harmonizar Seu Escrit\u00f3rio e Quarto de H\u00f3spedes!"},"content":{"rendered":"<p>Voc\u00ea j\u00e1 pensou em como um ambiente inteligente pode unir conforto e funcionalidade? Confira 15 ideias que v\u00e3o te inspirar a harmonizar seu escrit\u00f3rio e quarto de h\u00f3spedes!<\/p>\n<h3>1. <b>M\u00e1gica Multifuncional: Sof\u00e1s-Camas<\/b><\/h3>\n<figure style=\"width: 1024px\" class=\"wp-caption aligncenter\"><img decoding=\"async\" src=\"https:\/\/www.aarquiteta.com.br\/blog\/wp-content\/uploads\/2025\/04\/15-Ideias-Estilosas-para-Combinar-Escritorio-e-Quarto-de-Hospedes01.jpg\" alt=\"15 Ideias Estilosas para Combinar Escrit\u00f3rio e Quarto de H\u00f3spedes\" width=\"1024\" height=\"1024\" title=\"\"><figcaption class=\"wp-caption-text\">15 Ideias Estilosas para Combinar Escrit\u00f3rio e Quarto de H\u00f3spedes<\/figcaption><\/figure>\n<p>A ideia de ter um sof\u00e1-cama no seu espa\u00e7o \u00e9 perfeita. De dia, ele serve como um local aconchegante para um descanso. De noite, uma cama confort\u00e1vel para h\u00f3spedes. O que mais voc\u00ea poderia querer?<\/p>\n<h3>2. <b>Mesas Retr\u00e1teis: Mais Espa\u00e7o no Ch\u00e3o<\/b><\/h3>\n<p>Mesas que dobram e desdobram s\u00e3o uma solu\u00e7\u00e3o incr\u00edvel! Quando n\u00e3o em uso, elas ficam escondidinhas, liberando o espa\u00e7o para acomodar um colch\u00e3o ou um diabed. Um verdadeiro truque de m\u00e1gica!<\/p>\n<h3>3. <b>Unidades de Armazenamento Integradas<\/b><\/h3>\n<figure style=\"width: 1024px\" class=\"wp-caption aligncenter\"><img decoding=\"async\" src=\"https:\/\/www.aarquiteta.com.br\/blog\/wp-content\/uploads\/2025\/04\/img_67f6ea39bdefa-1200x1200.jpg\" alt=\"Uma imagem mostrando um sof\u00e1-camas, destacando o design moderno e confort\u00e1vel ideal para um escrit\u00f3rio que tamb\u00e9m \u00e9 um espa\u00e7o para h\u00f3spedes.\" title=\"\"><figcaption class=\"wp-caption-text\">Uma imagem mostrando um sof\u00e1-camas, destacando o design moderno e confort\u00e1vel ideal para um escrit\u00f3rio que tamb\u00e9m \u00e9 um espa\u00e7o para h\u00f3spedes.<\/figcaption><\/figure>\n<p>Um m\u00f3vel que une o escrit\u00f3rio e o quarto de h\u00f3spedes? \u00c9 isso mesmo. Prateleiras e arm\u00e1rios embutidos ajudam a organizar o que voc\u00ea precisa, tudo em harmonia e est\u00e9tica.<\/p>\n<h3>4. <b>Cores Claras e Abertas<\/b><\/h3>\n<figure style=\"width: 1024px\" class=\"wp-caption aligncenter\"><img decoding=\"async\" src=\"https:\/\/www.aarquiteta.com.br\/blog\/wp-content\/uploads\/2025\/04\/15-Ideias-Estilosas-para-Combinar-Escritorio-e-Quarto-de-Hospedes02.jpg\" alt=\"15 Ideias Estilosas para Combinar Escrit\u00f3rio e Quarto de H\u00f3spedes\" width=\"1024\" height=\"1024\" title=\"\"><figcaption class=\"wp-caption-text\">15 Ideias Estilosas para Combinar Escrit\u00f3rio e Quarto de H\u00f3spedes<\/figcaption><\/figure>\n<p>Pintar as paredes com tons claros cria uma sensa\u00e7\u00e3o de amplid\u00e3o. Que tal um branco suave ou um azul pastel? Eles trazem calma e energia ao mesmo tempo! Ideal para trabalhar e relaxar.<\/p>\n<h3>5. <b>Solu\u00e7\u00f5es de Armazenamento Inteligentes<\/b><\/h3>\n<figure style=\"width: 1024px\" class=\"wp-caption aligncenter\"><img decoding=\"async\" src=\"https:\/\/www.aarquiteta.com.br\/blog\/wp-content\/uploads\/2025\/04\/4_1-1200x1200.jpg\" alt=\"Uma imagem de uma mesa dobr\u00e1vel montada na parede, que pode ser levantada para fornecer um espa\u00e7o de trabalho e dobrada para economizar espa\u00e7o.\" title=\"\"><figcaption class=\"wp-caption-text\">Uma imagem de uma mesa dobr\u00e1vel montada na parede, que pode ser levantada para fornecer um espa\u00e7o de trabalho e dobrada para economizar espa\u00e7o.<\/figcaption><\/figure>\n<p>Caixas de armazenamento sempre \u00e0 m\u00e3o t\u00eam o poder de eliminar a bagun\u00e7a. Com essa estrat\u00e9gia, manter o espa\u00e7o limpo e organizado fica muito mais f\u00e1cil. Praticidade \u00e9 tudo!<\/p>\n<h3>6. <b>Prateleiras Flutuantes<\/b><\/h3>\n<figure style=\"width: 1024px\" class=\"wp-caption aligncenter\"><img decoding=\"async\" src=\"https:\/\/www.aarquiteta.com.br\/blog\/wp-content\/uploads\/2025\/04\/15-Ideias-Estilosas-para-Combinar-Escritorio-e-Quarto-de-Hospedes03.jpg\" alt=\"15 Ideias Estilosas para Combinar Escrit\u00f3rio e Quarto de H\u00f3spedes\" width=\"1024\" height=\"1024\" title=\"\"><figcaption class=\"wp-caption-text\">15 Ideias Estilosas para Combinar Escrit\u00f3rio e Quarto de H\u00f3spedes<\/figcaption><\/figure>\n<p>Essas prateleiras s\u00e3o o charme do d\u00e9cor! Lindas e pr\u00e1ticas, ajudam a exibir itens decorativos e ainda otimizam o espa\u00e7o. Uma verdadeira pe\u00e7a-chave para seu ambiente!<\/p>\n<h3>7. <b>Layout Compacto para o Local de Trabalho<\/b><\/h3>\n<p>N\u00e3o precisa de uma mesa grande para ser produtivo! Um pequeno canto da sua parede pode se transformar no local de trabalho, deixando mais espa\u00e7o para a \u00e1rea dos h\u00f3spedes. Genius, n\u00e9?<\/p>\n<h3><b>8. Tapetes para Delimitar Zonas<\/b><\/h3>\n<figure style=\"width: 1024px\" class=\"wp-caption aligncenter\"><img decoding=\"async\" src=\"https:\/\/www.aarquiteta.com.br\/blog\/wp-content\/uploads\/2025\/04\/15-Ideias-Estilosas-para-Combinar-Escritorio-e-Quarto-de-Hospedes4.jpg\" alt=\"15 Ideias Estilosas para Combinar Escrit\u00f3rio e Quarto de H\u00f3spedes\" width=\"1024\" height=\"1024\" title=\"\"><figcaption class=\"wp-caption-text\">15 Ideias Estilosas para Combinar Escrit\u00f3rio e Quarto de H\u00f3spedes<\/figcaption><\/figure>\n<p>Os tapetes n\u00e3o s\u00e3o apenas est\u00e9ticos; eles tamb\u00e9m definem o espa\u00e7o. Um tapete para a \u00e1rea de descanso e outro para o escrit\u00f3rio v\u00e3o criar uma separa\u00e7\u00e3o visual incr\u00edvel!<\/p>\n<table>\n<tr>\n<th><b>Ideia<\/b><\/th>\n<th><b>Descri\u00e7\u00e3o<\/b><\/th>\n<\/tr>\n<tr>\n<td>Sof\u00e1s-Camas<\/td>\n<td>Funcionalidade e conforto em um s\u00f3 m\u00f3vel.<\/td>\n<\/tr>\n<tr>\n<td>Mesas Retr\u00e1teis<\/td>\n<td>Espa\u00e7o otimizado, ideal para pequenos ambientes.<\/td>\n<\/tr>\n<tr>\n<td>Unidades de Armazenamento<\/td>\n<td>Organiza\u00e7\u00e3o e harmonia no d\u00e9cor.<\/td>\n<\/tr>\n<tr>\n<td>Cores Claras<\/td>\n<td>Ambiente mais amplo e tranquilo.<\/td>\n<\/tr>\n<tr>\n<td>Solu\u00e7\u00f5es Inteligentes<\/td>\n<td>Evitar bagun\u00e7a com estilo!<\/td>\n<\/tr>\n<\/table>\n<h3>9. <b>Paredes de Destaque e Temas Decorativos<\/b><\/h3>\n<p>Pintar uma das paredes em uma cor chamativa cria um ponto focal. Isso d\u00e1 todo um charme! Combine isso com elementos decorativos de trabalho.<\/p>\n<h3>10. <b>Ilumina\u00e7\u00e3o Essencial<\/b><\/h3>\n<h3>Para se aprofundar mais sobre o tema, veja a minha recomenda\u00e7\u00e3o sobre o tema deste artigo no v\u00eddeo a seguir abaixo:<\/h3>\n<p><iframe title=\"YouTube video player\" src=\"https:\/\/www.youtube.com\/embed\/QzIj-raDIpc\" width=\"560\" height=\"315\" frameborder=\"0\" allowfullscreen=\"allowfullscreen\"><\/iframe><\/p>\n<p>A ilumina\u00e7\u00e3o \u00e9 tudo! L\u00e2mpadas ajust\u00e1veis que proporcionam luz adequada para trabalhar e relaxar precisam estar no seu radar!<\/p>\n<h3>11. <b>M\u00f3veis Convers\u00edveis<\/b><\/h3>\n<p>Esses m\u00f3veis s\u00e3o como camale\u00f5es, se adaptando para o que voc\u00ea precisa. Um m\u00f3vel que se torna mesa ou cama? Uma m\u00e3o na roda!<\/p>\n<h3>12. <b>Verde e Toques Pessoais<\/b><\/h3>\n<p>Adicionar plantas traz vida! Fica t\u00e3o mais aconchegante e cheio de personalidade. Escolha plantas f\u00e1ceis de cuidar, como suculentas, e abuse das fotos e artif\u00edcios pessoais!<\/p>\n<h3>13. <b>Organiza\u00e7\u00e3o Vertical<\/b><\/h3>\n<p>Quando o espa\u00e7o \u00e9 limitado, aproveite as paredes! Prendedores ou quadros ajudam a manter tudo no lugar e ainda decoram o ambiente.<\/p>\n<h3>14. <b>Camas Aconchegantes<\/b><\/h3>\n<p>At\u00e9 um sof\u00e1-cama pode ser um  ref\u00fagio se for bem decorado. Invista em roupas de cama macias e travesseiros confort\u00e1veis!<\/p>\n<h3>15. <b>Integra\u00e7\u00e3o de Tecnologia<\/b><\/h3>\n","protected":false},"excerpt":{"rendered":"<p>Voc\u00ea j\u00e1 pensou em como um ambiente inteligente pode unir conforto e funcionalidade? Confira 15 ideias que v\u00e3o te inspirar a harmonizar seu escrit\u00f3rio e quarto de h\u00f3spedes! 1. M\u00e1gica Multifuncional: Sof\u00e1s-Camas A ideia de ter um sof\u00e1-cama no seu espa\u00e7o \u00e9 perfeita. De dia, ele serve como um local aconchegante para um descanso. De [&hellip;]<\/p>\n","protected":false},"author":102,"featured_media":148853,"comment_status":"open","ping_status":"","sticky":false,"template":"","format":"standard","meta":{"footnotes":""},"categories":[1484],"tags":[],"class_list":["post-148858","post","type-post","status-publish","format-standard","has-post-thumbnail","category-decoracao"],"_wp_attached_file":null,"_wp_attachment_metadata":null,"_wp_attachment_context":null,"_wp_attachment_is_custom_header":null,"geo_longitude":null,"geo_public":null,"geo_latitude":null,"_publicize_done_external":null,"_wpas_done_3897181":null,"publicize_twitter_user":null,"_wpas_done_3897175":null,"_wpas_skip_3897181":null,"_wpas_skip_3897175":null,"_wpas_skip_3924723":null,"_wpas_mess":null,"_wpas_done_3924723":null,"wps_subtitle":"","_links":{"self":[{"href":"https:\/\/www.aarquiteta.com.br\/blog\/wp-json\/wp\/v2\/posts\/148858","targetHints":{"allow":["GET"]}}],"collection":[{"href":"https:\/\/www.aarquiteta.com.br\/blog\/wp-json\/wp\/v2\/posts"}],"about":[{"href":"https:\/\/www.aarquiteta.com.br\/blog\/wp-json\/wp\/v2\/types\/post"}],"author":[{"embeddable":true,"href":"https:\/\/www.aarquiteta.com.br\/blog\/wp-json\/wp\/v2\/users\/102"}],"replies":[{"embeddable":true,"href":"https:\/\/www.aarquiteta.com.br\/blog\/wp-json\/wp\/v2\/comments?post=148858"}],"version-history":[{"count":0,"href":"https:\/\/www.aarquiteta.com.br\/blog\/wp-json\/wp\/v2\/posts\/148858\/revisions"}],"wp:featuredmedia":[{"embeddable":true,"href":"https:\/\/www.aarquiteta.com.br\/blog\/wp-json\/wp\/v2\/media\/148853"}],"wp:attachment":[{"href":"https:\/\/www.aarquiteta.com.br\/blog\/wp-json\/wp\/v2\/media?parent=148858"}],"wp:term":[{"taxonomy":"category","embeddable":true,"href":"https:\/\/www.aarquiteta.com.br\/blog\/wp-json\/wp\/v2\/categories?post=148858"},{"taxonomy":"post_tag","embeddable":true,"href":"https:\/\/www.aarquiteta.com.br\/blog\/wp-json\/wp\/v2\/tags?post=148858"}],"curies":[{"name":"wp","href":"https:\/\/api.w.org\/{rel}","templated":true}]}}