{"id":148848,"date":"2025-04-09T18:43:04","date_gmt":"2025-04-09T21:43:04","guid":{"rendered":"https:\/\/www.aarquiteta.com.br\/blog\/uma-trepadeira-vigorosa-sete-leguas-podranea-ricasoliana-e-seu-cultivo-rustico\/"},"modified":"2025-04-09T18:43:04","modified_gmt":"2025-04-09T21:43:04","slug":"uma-trepadeira-vigorosa-sete-leguas-podranea-ricasoliana-e-seu-cultivo-rustico","status":"publish","type":"post","link":"https:\/\/www.aarquiteta.com.br\/blog\/uma-trepadeira-vigorosa-sete-leguas-podranea-ricasoliana-e-seu-cultivo-rustico\/","title":{"rendered":"Desvendando a Sete-L\u00e9guas: Cultivo e Cuidados para uma Trepadeira Exuberante"},"content":{"rendered":"<p><body><\/p>\n<p>Se voc\u00ea busca uma planta que traga cor e beleza para seu espa\u00e7o, conhe\u00e7a a <b>sete-l\u00e9guas<\/b>. Essa trepadeira \u00e9 uma verdadeira maravilha!<\/p>\n<h3>A Origem da Sete-L\u00e9guas<\/h3>\n<figure style=\"width: 1024px\" class=\"wp-caption aligncenter\"><img decoding=\"async\" src=\"https:\/\/www.aarquiteta.com.br\/blog\/wp-content\/uploads\/2025\/04\/uma-trepadeira-vigorosa-sete-leguas-podranea-ricasoliana-e-seu-cultivo-rustico04.jpg\" alt=\"Desvendando a Sete-L\u00e9guas: Cultivo e Cuidados para uma Trepadeira Exuberante\" width=\"1024\" height=\"1024\" title=\"\"><figcaption class=\"wp-caption-text\">Desvendando a Sete-L\u00e9guas: Cultivo e Cuidados para uma Trepadeira Exuberante<\/figcaption><\/figure>\n<p>A <b>sete-l\u00e9guas<\/b>, ou Podranea ricasoliana, \u00e9 uma trepadeira encantadora da \u00c1frica do Sul que encontra no Brasil seu lar ideal. Ela se destaca pela beleza <b>exuberante<\/b> de suas flores.<\/p>\n<h3>Caracter\u00edsticas da Trepadeira<\/h3>\n<figure style=\"width: 1024px\" class=\"wp-caption aligncenter\"><img decoding=\"async\" src=\"https:\/\/www.aarquiteta.com.br\/blog\/wp-content\/uploads\/2025\/04\/uma-trepadeira-vigorosa-sete-leguas-podranea-ricasoliana-e-seu-cultivo-rustico03.jpg\" alt=\"Desvendando a Sete-L\u00e9guas: Cultivo e Cuidados para uma Trepadeira Exuberante\" width=\"1024\" height=\"1024\" title=\"\"><figcaption class=\"wp-caption-text\">Desvendando a Sete-L\u00e9guas: Cultivo e Cuidados para uma Trepadeira Exuberante<\/figcaption><\/figure>\n<p>Suas folhas s\u00e3o compostas por <b>5 a 9 fol\u00edolos<\/b> e as flores possuem um tom rosa vibrante, chamando a aten\u00e7\u00e3o dos polinizadores. Essa planta \u00e9 como uma artista, pintando o jardim com suas cores!<\/p>\n<h3>Como Cultivar a Sete-L\u00e9guas?<\/h3>\n<figure style=\"width: 1024px\" class=\"wp-caption aligncenter\"><img decoding=\"async\" src=\"https:\/\/www.aarquiteta.com.br\/blog\/wp-content\/uploads\/2025\/04\/uma-trepadeira-vigorosa-sete-leguas-podranea-ricasoliana-e-seu-cultivo-rustico02.jpg\" alt=\"Desvendando a Sete-L\u00e9guas: Cultivo e Cuidados para uma Trepadeira Exuberante\" width=\"1024\" height=\"1024\" title=\"\"><figcaption class=\"wp-caption-text\">Desvendando a Sete-L\u00e9guas: Cultivo e Cuidados para uma Trepadeira Exuberante<\/figcaption><\/figure>\n<p>Para cultivar a <b>sete-l\u00e9guas<\/b>, escolha um local com sol pleno ou meia-sombra. Ela precisa de pelo menos <b>4 horas de luz solar<\/b> para florescer bem. O solo ideal deve ser bem drenado e rico em mat\u00e9ria org\u00e2nica.<\/p>\n<h3>Aduba\u00e7\u00e3o e Rega<\/h3>\n<figure style=\"width: 1024px\" class=\"wp-caption aligncenter\"><img decoding=\"async\" src=\"https:\/\/www.aarquiteta.com.br\/blog\/wp-content\/uploads\/2025\/04\/uma-trepadeira-vigorosa-sete-leguas-podranea-ricasoliana-e-seu-cultivo-rustico01.jpg\" alt=\"Desvendando a Sete-L\u00e9guas: Cultivo e Cuidados para uma Trepadeira Exuberante\" width=\"1024\" height=\"1024\" title=\"\"><figcaption class=\"wp-caption-text\">Desvendando a Sete-L\u00e9guas: Cultivo e Cuidados para uma Trepadeira Exuberante<\/figcaption><\/figure>\n<p>Adube sua planta a cada dois meses durante a \u00e9poca de crescimento usando NPK ou adubos org\u00e2nicos. Quanto \u00e0 <b>rega<\/b>, mantenha o solo levemente \u00famido, mas evite encharcar. E lembre-se: molhar folhas \u00e9 pedir para as doen\u00e7as aparecerem!<\/p>\n<h3>Poda e Multiplica\u00e7\u00e3o<\/h3>\n<p>A <b>sete-l\u00e9guas<\/b> n\u00e3o precisa de muita poda, a n\u00e3o ser para remover ramos secos. Se voc\u00ea quer multiplic\u00e1-la, basta fazer <b>estaquia<\/b>! \u00c9 simples e muito eficiente. Corte um raminho e plante.<\/p>\n<h3>Tabela Resumo das Informa\u00e7\u00f5es<\/h3>\n<h3>Assista agora a minha recomenda\u00e7\u00e3o de video abaixo sobre o tema que estamos tratando neste artigo: <\/h3>\n<p><div class=\"youtube-embed\" data-video_id=\"oULgumn8GV8\"><iframe title=\"Como cultivar sete l\u00e9guas trepadeira de flores exuberante\" width=\"696\" height=\"392\" src=\"https:\/\/www.youtube.com\/embed\/oULgumn8GV8?feature=oembed&#038;enablejsapi=1\" frameborder=\"0\" allow=\"accelerometer; autoplay; clipboard-write; encrypted-media; gyroscope; picture-in-picture; web-share\" referrerpolicy=\"strict-origin-when-cross-origin\" allowfullscreen><\/iframe><\/div>\n<\/p>\n<table>\n<tr>\n<th>Aspecto<\/th>\n<th>Detalhes<\/th>\n<\/tr>\n<tr>\n<td>Nome Cient\u00edfico<\/td>\n<td>Podranea ricasoliana<\/td>\n<\/tr>\n<tr>\n<td>Origem<\/td>\n<td>\u00c1frica do Sul<\/td>\n<\/tr>\n<tr>\n<td>Exposi\u00e7\u00e3o<\/td>\n<td>Sol pleno ou meia-sombra<\/td>\n<\/tr>\n<tr>\n<td>Aduba\u00e7\u00e3o<\/td>\n<td>Granulada NPK ou org\u00e2nica a cada 2 meses<\/td>\n<\/tr>\n<tr>\n<td>Manuten\u00e7\u00e3o<\/td>\n<td>Poda leve, estaquia para multiplica\u00e7\u00e3o<\/td>\n<\/tr>\n<\/table>\n<h3>Pragas e Doen\u00e7as<\/h3>\n<p>A <b>sete-l\u00e9guas<\/b> \u00e9 resistente, mas pode enfrentar alguns desafios, como pulg\u00f5es e cochonilhas. Uma \\b>manuten\u00e7\u00e3o adequada ajuda a evitar essas pragas. Use inseticidas naturais para controle.<\/p>\n<h3>Dicas Finais<\/h3>\n<p>Se voc\u00ea quer uma trepadeira <b>exuberante<\/b>, a sete-l\u00e9guas \u00e9 a escolha perfeita! Essa planta \u00e9 ideal para quem ama natureza sem complica\u00e7\u00e3o. \u00c9 como ter um peda\u00e7o da \u00c1frica no seu quintal!<\/p>\n<h3>Compartilhe sua Experi\u00eancia!<\/h3>\n<p>Voc\u00ea j\u00e1 cultivou a <b>sete-l\u00e9guas<\/b>? Ent\u00e3o compartilhe suas dicas e hist\u00f3rias. Vamos adorar aprender com voc\u00ea!<\/p>\n<p><\/body><\/p>\n","protected":false},"excerpt":{"rendered":"<p>Se voc\u00ea busca uma planta que traga cor e beleza para seu espa\u00e7o, conhe\u00e7a a sete-l\u00e9guas. Essa trepadeira \u00e9 uma verdadeira maravilha! A Origem da Sete-L\u00e9guas A sete-l\u00e9guas, ou Podranea ricasoliana, \u00e9 uma trepadeira encantadora da \u00c1frica do Sul que encontra no Brasil seu lar ideal. Ela se destaca pela beleza exuberante de suas flores. [&hellip;]<\/p>\n","protected":false},"author":102,"featured_media":148845,"comment_status":"open","ping_status":"","sticky":false,"template":"","format":"standard","meta":{"footnotes":""},"categories":[9612,18792,18794],"tags":[],"class_list":["post-148848","post","type-post","status-publish","format-standard","has-post-thumbnail","category-jardinagem","category-decoracao-de-apartamento","category-projetos-de-decoracao-de-casas"],"_wp_attached_file":null,"_wp_attachment_metadata":null,"_wp_attachment_context":null,"_wp_attachment_is_custom_header":null,"geo_longitude":null,"geo_public":null,"geo_latitude":null,"_publicize_done_external":null,"_wpas_done_3897181":null,"publicize_twitter_user":null,"_wpas_done_3897175":null,"_wpas_skip_3897181":null,"_wpas_skip_3897175":null,"_wpas_skip_3924723":null,"_wpas_mess":null,"_wpas_done_3924723":null,"wps_subtitle":"","_links":{"self":[{"href":"https:\/\/www.aarquiteta.com.br\/blog\/wp-json\/wp\/v2\/posts\/148848","targetHints":{"allow":["GET"]}}],"collection":[{"href":"https:\/\/www.aarquiteta.com.br\/blog\/wp-json\/wp\/v2\/posts"}],"about":[{"href":"https:\/\/www.aarquiteta.com.br\/blog\/wp-json\/wp\/v2\/types\/post"}],"author":[{"embeddable":true,"href":"https:\/\/www.aarquiteta.com.br\/blog\/wp-json\/wp\/v2\/users\/102"}],"replies":[{"embeddable":true,"href":"https:\/\/www.aarquiteta.com.br\/blog\/wp-json\/wp\/v2\/comments?post=148848"}],"version-history":[{"count":0,"href":"https:\/\/www.aarquiteta.com.br\/blog\/wp-json\/wp\/v2\/posts\/148848\/revisions"}],"wp:featuredmedia":[{"embeddable":true,"href":"https:\/\/www.aarquiteta.com.br\/blog\/wp-json\/wp\/v2\/media\/148845"}],"wp:attachment":[{"href":"https:\/\/www.aarquiteta.com.br\/blog\/wp-json\/wp\/v2\/media?parent=148848"}],"wp:term":[{"taxonomy":"category","embeddable":true,"href":"https:\/\/www.aarquiteta.com.br\/blog\/wp-json\/wp\/v2\/categories?post=148848"},{"taxonomy":"post_tag","embeddable":true,"href":"https:\/\/www.aarquiteta.com.br\/blog\/wp-json\/wp\/v2\/tags?post=148848"}],"curies":[{"name":"wp","href":"https:\/\/api.w.org\/{rel}","templated":true}]}}