{"id":148815,"date":"2025-04-09T12:16:48","date_gmt":"2025-04-09T15:16:48","guid":{"rendered":"https:\/\/www.aarquiteta.com.br\/blog\/mini-jardim-de-cactos\/"},"modified":"2025-04-09T12:16:48","modified_gmt":"2025-04-09T15:16:48","slug":"mini-jardim-de-cactos","status":"publish","type":"post","link":"https:\/\/www.aarquiteta.com.br\/blog\/mini-jardim-de-cactos\/","title":{"rendered":"Como montar um mini jardim de cactos charmoso e f\u00e1cil de cuidar"},"content":{"rendered":"<p><body><\/p>\n<p>Quer decorar seu cantinho com plantas lindas, f\u00e1ceis de manter e que ainda viram assunto? \ud83c\udf43 Vem comigo que eu te mostro como!<\/p>\n<h3>Como montar um mini jardim de cactos charmoso e f\u00e1cil de cuidar<\/h3>\n<figure style=\"width: 1024px\" class=\"wp-caption aligncenter\"><img decoding=\"async\" src=\"https:\/\/www.aarquiteta.com.br\/blog\/wp-content\/uploads\/2025\/04\/mini-jardim-de-cactos04.jpg\" alt=\"Como montar um mini jardim de cactos charmoso e f\u00e1cil de cuidar\" width=\"1024\" height=\"1024\" title=\"\"><figcaption class=\"wp-caption-text\">Como montar um mini jardim de cactos charmoso e f\u00e1cil de cuidar<\/figcaption><\/figure>\n<p>J\u00e1 pensou em ter um <b>espa\u00e7o verde incr\u00edvel ocupando s\u00f3 alguns cent\u00edmetros<\/b> da sua estante, aparador ou at\u00e9 mesa de trabalho?<\/p>\n<p>Se cacto \u00e9 planta de gente pregui\u00e7osa, ent\u00e3o eu sou CEO dessa empresa! \ud83d\ude0e<\/p>\n<h3>Por que cactos? Al\u00e9m de lindos, eles quase se cuidam sozinhos<\/h3>\n<figure style=\"width: 1024px\" class=\"wp-caption aligncenter\"><img decoding=\"async\" src=\"https:\/\/www.aarquiteta.com.br\/blog\/wp-content\/uploads\/2025\/04\/mini-jardim-de-cactos03.jpg\" alt=\"Como montar um mini jardim de cactos charmoso e f\u00e1cil de cuidar\" width=\"1024\" height=\"1024\" title=\"\"><figcaption class=\"wp-caption-text\">Como montar um mini jardim de cactos charmoso e f\u00e1cil de cuidar<\/figcaption><\/figure>\n<p><b>Cactos s\u00e3o resistentes, precisam de pouca rega e trazem estilo<\/b> a qualquer espa\u00e7o, principalmente os pequenos.<\/p>\n<p>Ideal pra quem ama planta, mas odeia drama. \ud83d\udc81\u200d\u2640\ufe0f<\/p>\n<h3>Antes de tudo: defina o recipiente certo<\/h3>\n<figure style=\"width: 1024px\" class=\"wp-caption aligncenter\"><img decoding=\"async\" src=\"https:\/\/www.aarquiteta.com.br\/blog\/wp-content\/uploads\/2025\/04\/mini-jardim-de-cactos02.jpg\" alt=\"Como montar um mini jardim de cactos charmoso e f\u00e1cil de cuidar\" width=\"1024\" height=\"1024\" title=\"\"><figcaption class=\"wp-caption-text\">Como montar um mini jardim de cactos charmoso e f\u00e1cil de cuidar<\/figcaption><\/figure>\n<p>Voc\u00ea pode usar desde x\u00edcaras vintage at\u00e9 vasos de cer\u00e2mica ou madeira. <b>O importante \u00e9 ter furos pra drenagem<\/b> \u2014 nada de encharcar o amiguinho espinhoso.<\/p>\n<p>Quer um look mais moderno? Escolha recipientes minimalistas, com formatos geom\u00e9tricos. \ud83d\ude0d<\/p>\n<h3>Monte a base do seu mini jardim com estilo<\/h3>\n<figure style=\"width: 1024px\" class=\"wp-caption aligncenter\"><img decoding=\"async\" src=\"https:\/\/www.aarquiteta.com.br\/blog\/wp-content\/uploads\/2025\/04\/mini-jardim-de-cactos01.jpg\" alt=\"Como montar um mini jardim de cactos charmoso e f\u00e1cil de cuidar\" width=\"1024\" height=\"1024\" title=\"\"><figcaption class=\"wp-caption-text\">Como montar um mini jardim de cactos charmoso e f\u00e1cil de cuidar<\/figcaption><\/figure>\n<p>Depois do vaso vem a m\u00e1gica: <b>coloque pedrinhas no fundo, seguida de substrato pr\u00f3prio pra cactos<\/b> \u2014 solto e bem dren\u00e1vel.<\/p>\n<p>Esse solo permite que as ra\u00edzes respirem e evita o sufoco da &#8220;\u00e1gua demais&#8221;.<\/p>\n<h3>Escolha os cactos perfeitos para o seu cantinho<\/h3>\n<p><b>Prefira esp\u00e9cies pequenas, como o cacto amendoim, cacto bola ou cacto dedo-de-mo\u00e7a<\/b>.<\/p>\n<p>Fazem charme, ocupam pouco espa\u00e7o e ainda rendem elogios no grupo da fam\u00edlia.<\/p>\n<h3>Toque final: decora\u00e7\u00e3o e charme extra<\/h3>\n<h3>Assista agora a minha recomenda\u00e7\u00e3o de video abaixo sobre o tema que estamos tratando neste artigo: <\/h3>\n<p><div class=\"youtube-embed\" data-video_id=\"vDNhIfPcKgE\"><iframe title=\"APRENDA A FAZER MUDAS DE CACTOS EM 40 SEGUNDOS! \u2728 #jardimsuculenta \ud83c\udf3f\" width=\"696\" height=\"392\" src=\"https:\/\/www.youtube.com\/embed\/vDNhIfPcKgE?feature=oembed&#038;enablejsapi=1\" frameborder=\"0\" allow=\"accelerometer; autoplay; clipboard-write; encrypted-media; gyroscope; picture-in-picture; web-share\" referrerpolicy=\"strict-origin-when-cross-origin\" allowfullscreen><\/iframe><\/div>\n<\/p>\n<p>Sabe aquele toque Pinterest que encanta? <b>Adicione areia colorida, pedrinhas brancas ou miniaturas fofas<\/b> como gnomos ou plaquinhas com frases.<\/p>\n<p>D\u00e1 at\u00e9 pra usar mini LED pra decorar \u00e0 noite. \u2728<\/p>\n<table border=\"1\" cellpadding=\"5\" cellspacing=\"0\">\n<tr>\n<th>Item<\/th>\n<th>Dica<\/th>\n<\/tr>\n<tr>\n<td>Vaso ideal<\/td>\n<td>Com furos de drenagem e boa profundidade<\/td>\n<\/tr>\n<tr>\n<td>Substrato<\/td>\n<td>Pr\u00f3prio para suculentas e cactos<\/td>\n<\/tr>\n<tr>\n<td>Cactos indicados<\/td>\n<td>Bola, amendoim, dedo-de-mo\u00e7a<\/td>\n<\/tr>\n<tr>\n<td>Decora\u00e7\u00e3o<\/td>\n<td>Areia colorida, pedras, miniaturas<\/td>\n<\/tr>\n<\/table>\n<h3>Cuidados simples e duradouros pra manter seu mini jardim de cactos sempre lindo<\/h3>\n<p><b>Regas a cada 15 dias e luz natural direta<\/b> j\u00e1 s\u00e3o o suficiente na maioria dos casos.<\/p>\n<p>Mas nada de afogar a planta com amor l\u00edquido, hein? \ud83c\udf35<\/p>\n<h3>O segredo est\u00e1 nos detalhes encantadores<\/h3>\n<p>Um mini jardim de cactos vai al\u00e9m da beleza: <b>traz bem-estar, vira assunto e ainda expressa sua criatividade<\/b>.<\/p>\n<p>Com poucos reais e uns minutinhos de improviso, voc\u00ea transforma qualquer espa\u00e7o no seu o\u00e1sis particular. \ud83d\udc9a<\/p>\n<h3>J\u00e1 montou o seu? Compartilha e inspira outros!<\/h3>\n<p><b>Posta nas redes com #MeuMicroO\u00e1sis e mostra pra galera sua obra de arte plantada<\/b>.<\/p>\n<p>Quem sabe seu mini deserto n\u00e3o viraliza igual receita de p\u00e3o na pandemia? \ud83d\ude09<\/p>\n<p><\/body><\/p>\n","protected":false},"excerpt":{"rendered":"<p>Aprenda a criar um mini jardim de cactos lindo, pr\u00e1tico e perfeito para pequenos espa\u00e7os.<\/p>\n","protected":false},"author":102,"featured_media":148812,"comment_status":"open","ping_status":"","sticky":false,"template":"","format":"standard","meta":{"footnotes":""},"categories":[9612,18792,18794],"tags":[],"class_list":["post-148815","post","type-post","status-publish","format-standard","has-post-thumbnail","category-jardinagem","category-decoracao-de-apartamento","category-projetos-de-decoracao-de-casas"],"_wp_attached_file":null,"_wp_attachment_metadata":null,"_wp_attachment_context":null,"_wp_attachment_is_custom_header":null,"geo_longitude":null,"geo_public":null,"geo_latitude":null,"_publicize_done_external":null,"_wpas_done_3897181":null,"publicize_twitter_user":null,"_wpas_done_3897175":null,"_wpas_skip_3897181":null,"_wpas_skip_3897175":null,"_wpas_skip_3924723":null,"_wpas_mess":null,"_wpas_done_3924723":null,"wps_subtitle":"","_links":{"self":[{"href":"https:\/\/www.aarquiteta.com.br\/blog\/wp-json\/wp\/v2\/posts\/148815","targetHints":{"allow":["GET"]}}],"collection":[{"href":"https:\/\/www.aarquiteta.com.br\/blog\/wp-json\/wp\/v2\/posts"}],"about":[{"href":"https:\/\/www.aarquiteta.com.br\/blog\/wp-json\/wp\/v2\/types\/post"}],"author":[{"embeddable":true,"href":"https:\/\/www.aarquiteta.com.br\/blog\/wp-json\/wp\/v2\/users\/102"}],"replies":[{"embeddable":true,"href":"https:\/\/www.aarquiteta.com.br\/blog\/wp-json\/wp\/v2\/comments?post=148815"}],"version-history":[{"count":0,"href":"https:\/\/www.aarquiteta.com.br\/blog\/wp-json\/wp\/v2\/posts\/148815\/revisions"}],"wp:featuredmedia":[{"embeddable":true,"href":"https:\/\/www.aarquiteta.com.br\/blog\/wp-json\/wp\/v2\/media\/148812"}],"wp:attachment":[{"href":"https:\/\/www.aarquiteta.com.br\/blog\/wp-json\/wp\/v2\/media?parent=148815"}],"wp:term":[{"taxonomy":"category","embeddable":true,"href":"https:\/\/www.aarquiteta.com.br\/blog\/wp-json\/wp\/v2\/categories?post=148815"},{"taxonomy":"post_tag","embeddable":true,"href":"https:\/\/www.aarquiteta.com.br\/blog\/wp-json\/wp\/v2\/tags?post=148815"}],"curies":[{"name":"wp","href":"https:\/\/api.w.org\/{rel}","templated":true}]}}