{"id":148797,"date":"2025-04-08T19:40:34","date_gmt":"2025-04-08T22:40:34","guid":{"rendered":"https:\/\/www.aarquiteta.com.br\/blog\/sofa-suede\/"},"modified":"2025-04-08T19:54:45","modified_gmt":"2025-04-08T22:54:45","slug":"sofa-suede","status":"publish","type":"post","link":"https:\/\/www.aarquiteta.com.br\/blog\/sofa-suede\/","title":{"rendered":"Descubra os Sof\u00e1s de Suede que Unem Conforto e Sofistica\u00e7\u00e3o para Transformar Seu Espa\u00e7o!"},"content":{"rendered":"<p>Voc\u00ea sonha em ter um espa\u00e7o aconchegante e cheio de estilo? Conhe\u00e7a os 60 sof\u00e1s de suede que transformam qualquer ambiente!<\/p>\n<h3>1. O que \u00e9 o sof\u00e1 de suede?<\/h3>\n<figure style=\"width: 1024px\" class=\"wp-caption aligncenter\"><img decoding=\"async\" src=\"https:\/\/www.aarquiteta.com.br\/blog\/wp-content\/uploads\/2025\/04\/sofa-de-suede-2-730x885.jpg\" alt=\"sof\u00e1 de suede com maciez\" title=\"\"><figcaption class=\"wp-caption-text\">sof\u00e1 de suede com maciez<\/figcaption><\/figure>\n<p>O sof\u00e1 de suede \u00e9 uma op\u00e7\u00e3o <b>sint\u00e9tica e sofisticada<\/b>, feita de poli\u00e9ster, imitando a camur\u00e7a. \u00c9 perfeito para quem busca durabilidade e eleg\u00e2ncia.<\/p>\n<h3>2. Aconchego em cada toque<\/h3>\n<figure style=\"width: 1024px\" class=\"wp-caption aligncenter\"><img decoding=\"async\" src=\"https:\/\/www.aarquiteta.com.br\/blog\/wp-content\/uploads\/2025\/04\/sofa-suede01.jpg\" alt=\"60 Modelos de Sof\u00e1 de Suede que S\u00e3o Confort\u00e1veis e Sofisticados\" width=\"1024\" height=\"1024\" title=\"\"><figcaption class=\"wp-caption-text\">60 Modelos de Sof\u00e1 de Suede que S\u00e3o Confort\u00e1veis e Sofisticados<\/figcaption><\/figure>\n<p>Com um tecido macio, o sof\u00e1 de suede \u00e9 <b>sin\u00f4nimo de conforto<\/b>. N\u00e3o h\u00e1 nada como sentar e sentir a suavidade desse material!<\/p>\n<h3>3. Modelos variados para todos os gostos<\/h3>\n<figure style=\"width: 1024px\" class=\"wp-caption aligncenter\"><img decoding=\"async\" src=\"https:\/\/www.aarquiteta.com.br\/blog\/wp-content\/uploads\/2025\/04\/sofa-de-suede-capa.jpg\" alt=\"capa do artigo com 60 modelos de sof\u00e1 de suede\" title=\"\"><figcaption class=\"wp-caption-text\">capa do artigo com 60 modelos de sof\u00e1 de suede<\/figcaption><\/figure>\n<p>Seja reclin\u00e1vel, retr\u00e1til, de canto ou tradicional, os sof\u00e1s de suede oferecem <b>op\u00e7\u00f5es incr\u00edveis<\/b> para qualquer tipo de sala. Tem pra todos os estilos!<\/p>\n<h3>4. Cores que encantam<\/h3>\n<figure style=\"width: 1024px\" class=\"wp-caption aligncenter\"><img decoding=\"async\" src=\"https:\/\/www.aarquiteta.com.br\/blog\/wp-content\/uploads\/2025\/04\/sofa-suede02.jpg\" alt=\"60 Modelos de Sof\u00e1 de Suede que S\u00e3o Confort\u00e1veis e Sofisticados\" width=\"1024\" height=\"1024\" title=\"\"><figcaption class=\"wp-caption-text\">60 Modelos de Sof\u00e1 de Suede que S\u00e3o Confort\u00e1veis e Sofisticados<\/figcaption><\/figure>\n<p>Os tons neutros, como cinza e bege, harmonizam facilmente com qualquer ambiente. <b>Mas n\u00e3o tenha medo<\/b> de ousar com cores vibrantes, como verde ou roxo!<\/p>\n<h3>5. Sof\u00e1s que combinam com sua decora\u00e7\u00e3o<\/h3>\n<figure style=\"width: 1024px\" class=\"wp-caption aligncenter\"><img decoding=\"async\" src=\"https:\/\/www.aarquiteta.com.br\/blog\/wp-content\/uploads\/2025\/04\/sala-de-estar-pequena-81-286x160.jpg\" alt=\"sala de estar pequena\" title=\"\"><figcaption class=\"wp-caption-text\">sala de estar pequena<\/figcaption><\/figure>\n<p>Quer deixar a sala mais alegre? Use <b>almofadas coloridas<\/b> e quadros decorativos para dar aquele toque especial, contrastando com a sobriedade do suede.<\/p>\n<h3>6. A import\u00e2ncia da escolha certa<\/h3>\n<figure style=\"width: 1024px\" class=\"wp-caption aligncenter\"><img decoding=\"async\" src=\"https:\/\/www.aarquiteta.com.br\/blog\/wp-content\/uploads\/2025\/04\/sofa-suede03.jpg\" alt=\"60 Modelos de Sof\u00e1 de Suede que S\u00e3o Confort\u00e1veis e Sofisticados\" width=\"1024\" height=\"1024\" title=\"\"><figcaption class=\"wp-caption-text\">60 Modelos de Sof\u00e1 de Suede que S\u00e3o Confort\u00e1veis e Sofisticados<\/figcaption><\/figure>\n<p>Ao escolher seu sof\u00e1, pense em como ele vai ser utilizado. \u00c9 nele que voc\u00ea vai relaxar e criar mem\u00f3rias com a <b>fam\u00edlia e amigos<\/b>.<\/p>\n<h3>7. Facilidade na limpeza<\/h3>\n<figure style=\"width: 1024px\" class=\"wp-caption aligncenter\"><img decoding=\"async\" src=\"https:\/\/www.aarquiteta.com.br\/blog\/wp-content\/uploads\/2025\/04\/sala-de-estar-destacada-286x160.jpg\" alt=\"sala de estar com destaque\" title=\"\"><figcaption class=\"wp-caption-text\">sala de estar com destaque<\/figcaption><\/figure>\n<p>A melhor parte do sof\u00e1 de suede? A limpeza! Voc\u00ea pode fazer uma <b>higieniza\u00e7\u00e3o simples<\/b> em casa, garantindo um ambiente sempre acolhedor e cheiroso.<\/p>\n<h3>8. Op\u00e7\u00f5es que se adaptam ao seu espa\u00e7o<\/h3>\n<figure style=\"width: 1024px\" class=\"wp-caption aligncenter\"><img decoding=\"async\" src=\"https:\/\/www.aarquiteta.com.br\/blog\/wp-content\/uploads\/2025\/04\/sofa-suede4.jpg\" alt=\"60 Modelos de Sof\u00e1 de Suede que S\u00e3o Confort\u00e1veis e Sofisticados\" width=\"1024\" height=\"1024\" title=\"\"><figcaption class=\"wp-caption-text\">60 Modelos de Sof\u00e1 de Suede que S\u00e3o Confort\u00e1veis e Sofisticados<\/figcaption><\/figure>\n<p>Se sua sala \u00e9 menor, um sof\u00e1 de dois lugares pode ser a solu\u00e7\u00e3o. Se voc\u00ea tem mais espa\u00e7o, um modelo em &#8220;L&#8221; pode ser a escolha ideal para acomodar todos.<\/p>\n<table>\n<tr>\n<th>Caracter\u00edsticas<\/th>\n<th>Benef\u00edcios<\/th>\n<\/tr>\n<tr>\n<td>Durabilidade<\/td>\n<td>Longa vida \u00fatil, ideal para fam\u00edlias<\/td>\n<\/tr>\n<tr>\n<td>Conforto<\/td>\n<td>Proporciona momentos relaxantes<\/td>\n<\/tr>\n<tr>\n<td>Cores variadas<\/td>\n<td>Facilidade de combina\u00e7\u00e3o na decora\u00e7\u00e3o<\/td>\n<\/tr>\n<tr>\n<td>Facilidade de limpeza<\/td>\n<td>Mantenha sempre bonito e cheiroso<\/td>\n<\/tr>\n<\/table>\n<p>Com tantas op\u00e7\u00f5es, \u00e9 imposs\u00edvel n\u00e3o se apaixonar! Um sof\u00e1 de suede une <b>estilo e conforto<\/b>, transformando seu espa\u00e7o em um verdadeiro lar.<\/p>\n<h3>9. Dicas finais para escolher o seu sof\u00e1<\/h3>\n<figure style=\"width: 1024px\" class=\"wp-caption aligncenter\"><img decoding=\"async\" src=\"https:\/\/www.aarquiteta.com.br\/blog\/wp-content\/uploads\/2025\/04\/lustres-100-286x160.jpg\" alt=\"exemplo de lustres\" title=\"\"><figcaption class=\"wp-caption-text\">exemplo de lustres<\/figcaption><\/figure>\n<p>Antes de decidir, pense no espa\u00e7o dispon\u00edvel e no uso. E lembre-se: o sof\u00e1 \u00e9 o cora\u00e7\u00e3o da sala! <b>Escolha um modelo<\/b> que atenda \u00e0s suas necessidades e combine com sua decora\u00e7\u00e3o.<\/p>\n<p>Descubra a felicidade que um sof\u00e1 novo pode trazer! Com conforto e sofistica\u00e7\u00e3o, os sof\u00e1s de suede s\u00e3o a aposta certa para qualquer ambiente.<\/p>\n<h3>Para se aprofundar mais sobre o tema, veja a minha recomenda\u00e7\u00e3o sobre o tema deste artigo no v\u00eddeo a seguir abaixo:<\/h3>\n<p><iframe title=\"YouTube video player\" src=\"https:\/\/www.youtube.com\/embed\/Vg5551h3VLU\" width=\"560\" height=\"315\" frameborder=\"0\" allowfullscreen=\"allowfullscreen\"><\/iframe><\/p>\n<figure style=\"width: 1024px\" class=\"wp-caption aligncenter\"><img decoding=\"async\" src=\"https:\/\/www.aarquiteta.com.br\/blog\/wp-content\/uploads\/2025\/04\/sofa-de-suede-1-730x487.jpg\" alt=\"sof\u00e1 de suede aconchegante\" title=\"\"><figcaption class=\"wp-caption-text\">sof\u00e1 de suede aconchegante<\/figcaption><\/figure>\n","protected":false},"excerpt":{"rendered":"<p>Voc\u00ea sonha em ter um espa\u00e7o aconchegante e cheio de estilo? Conhe\u00e7a os 60 sof\u00e1s de suede que transformam qualquer ambiente! 1. O que \u00e9 o sof\u00e1 de suede? O sof\u00e1 de suede \u00e9 uma op\u00e7\u00e3o sint\u00e9tica e sofisticada, feita de poli\u00e9ster, imitando a camur\u00e7a. \u00c9 perfeito para quem busca durabilidade e eleg\u00e2ncia. 2. Aconchego [&hellip;]<\/p>\n","protected":false},"author":102,"featured_media":148790,"comment_status":"open","ping_status":"closed","sticky":false,"template":"","format":"standard","meta":{"footnotes":""},"categories":[1484],"tags":[],"class_list":["post-148797","post","type-post","status-publish","format-standard","has-post-thumbnail","category-decoracao"],"_wp_attached_file":null,"_wp_attachment_metadata":null,"_wp_attachment_context":null,"_wp_attachment_is_custom_header":null,"geo_longitude":null,"geo_public":null,"geo_latitude":null,"_publicize_done_external":null,"_wpas_done_3897181":null,"publicize_twitter_user":null,"_wpas_done_3897175":null,"_wpas_skip_3897181":null,"_wpas_skip_3897175":null,"_wpas_skip_3924723":null,"_wpas_mess":null,"_wpas_done_3924723":null,"wps_subtitle":"","_links":{"self":[{"href":"https:\/\/www.aarquiteta.com.br\/blog\/wp-json\/wp\/v2\/posts\/148797","targetHints":{"allow":["GET"]}}],"collection":[{"href":"https:\/\/www.aarquiteta.com.br\/blog\/wp-json\/wp\/v2\/posts"}],"about":[{"href":"https:\/\/www.aarquiteta.com.br\/blog\/wp-json\/wp\/v2\/types\/post"}],"author":[{"embeddable":true,"href":"https:\/\/www.aarquiteta.com.br\/blog\/wp-json\/wp\/v2\/users\/102"}],"replies":[{"embeddable":true,"href":"https:\/\/www.aarquiteta.com.br\/blog\/wp-json\/wp\/v2\/comments?post=148797"}],"version-history":[{"count":0,"href":"https:\/\/www.aarquiteta.com.br\/blog\/wp-json\/wp\/v2\/posts\/148797\/revisions"}],"wp:featuredmedia":[{"embeddable":true,"href":"https:\/\/www.aarquiteta.com.br\/blog\/wp-json\/wp\/v2\/media\/148790"}],"wp:attachment":[{"href":"https:\/\/www.aarquiteta.com.br\/blog\/wp-json\/wp\/v2\/media?parent=148797"}],"wp:term":[{"taxonomy":"category","embeddable":true,"href":"https:\/\/www.aarquiteta.com.br\/blog\/wp-json\/wp\/v2\/categories?post=148797"},{"taxonomy":"post_tag","embeddable":true,"href":"https:\/\/www.aarquiteta.com.br\/blog\/wp-json\/wp\/v2\/tags?post=148797"}],"curies":[{"name":"wp","href":"https:\/\/api.w.org\/{rel}","templated":true}]}}