{"id":148773,"date":"2025-04-08T18:27:58","date_gmt":"2025-04-08T21:27:58","guid":{"rendered":"https:\/\/www.aarquiteta.com.br\/blog\/crista-de-galo-celosia-argentea\/"},"modified":"2025-04-08T18:27:58","modified_gmt":"2025-04-08T21:27:58","slug":"crista-de-galo-celosia-argentea","status":"publish","type":"post","link":"https:\/\/www.aarquiteta.com.br\/blog\/crista-de-galo-celosia-argentea\/","title":{"rendered":"Descubra como a Crista-de-Galo pode colorir e alegrar seu jardim com suas flores vibrantes!"},"content":{"rendered":"<p>Quer colorir seu jardim com flores vibrantes? A Crista-de-Galo \u00e9 a escolha perfeita para trazer alegria e vida ao seu espa\u00e7o!<\/p>\n<h3>O que \u00e9 a Crista-de-Galo?<\/h3>\n<figure style=\"width: 1024px\" class=\"wp-caption aligncenter\"><img decoding=\"async\" src=\"https:\/\/www.aarquiteta.com.br\/blog\/wp-content\/uploads\/2025\/04\/crista-de-galo-celosia-argentea04.jpg\" alt=\"Descubra como a Crista-de-Galo pode colorir e alegrar seu jardim com suas flores vibrantes!\" width=\"1024\" height=\"1024\" title=\"\"><figcaption class=\"wp-caption-text\">Descubra como a Crista-de-Galo pode colorir e alegrar seu jardim com suas flores vibrantes!<\/figcaption><\/figure>\n<p>A <b>Crista-de-Galo<\/b>, ou Celosia argentea, \u00e9 uma planta famosa por suas <b>flores \u00fanicas e coloridas<\/b>. Essas belezuras se destacam com suas cores vibrantes, que v\u00e3o do vermelho ao amarelo e roxo.<\/p>\n<p>Al\u00e9m de sua beleza, essa flor \u00e9 bastante <b>resistente e de baixa manuten\u00e7\u00e3o<\/b>, ideal para qualquer tipo de jardineiro.<\/p>\n<h3>Caracter\u00edsticas da Crista-de-Galo<\/h3>\n<figure style=\"width: 1024px\" class=\"wp-caption aligncenter\"><img decoding=\"async\" src=\"https:\/\/www.aarquiteta.com.br\/blog\/wp-content\/uploads\/2025\/04\/crista-de-galo-celosia-argentea03.jpg\" alt=\"Descubra como a Crista-de-Galo pode colorir e alegrar seu jardim com suas flores vibrantes!\" width=\"1024\" height=\"1024\" title=\"\"><figcaption class=\"wp-caption-text\">Descubra como a Crista-de-Galo pode colorir e alegrar seu jardim com suas flores vibrantes!<\/figcaption><\/figure>\n<p>Essa planta normalmente cresce entre 30 cm e 1 m de altura. Suas folhas s\u00e3o verdes e suas <b>infloresc\u00eancias<\/b> t\u00eam texturas que v\u00e3o do ondulado ao veludo. O contraste de cores e texturas \u00e9 um <b>espet\u00e1culo visual!<\/b><\/p>\n<h3>Como Plantar a Crista-de-Galo<\/h3>\n<figure style=\"width: 1024px\" class=\"wp-caption aligncenter\"><img decoding=\"async\" src=\"https:\/\/www.aarquiteta.com.br\/blog\/wp-content\/uploads\/2025\/04\/crista-de-galo-celosia-argentea02.jpg\" alt=\"Descubra como a Crista-de-Galo pode colorir e alegrar seu jardim com suas flores vibrantes!\" width=\"1024\" height=\"1024\" title=\"\"><figcaption class=\"wp-caption-text\">Descubra como a Crista-de-Galo pode colorir e alegrar seu jardim com suas flores vibrantes!<\/figcaption><\/figure>\n<p>Para ter sucesso com a Crista-de-Galo, o ideal \u00e9 plant\u00e1-la em <b>locais ensolarados<\/b>. Gosta de luz direta, ent\u00e3o tenha isso em mente!<\/p>\n<p>Um solo bem <b>drenado<\/b> e rico em mat\u00e9ria org\u00e2nica faz toda a diferen\u00e7a no seu crescimento. N\u00e3o esque\u00e7a de adicionar composto e areia!<\/p>\n<h3>Manuten\u00e7\u00e3o da Planta<\/h3>\n<figure style=\"width: 1024px\" class=\"wp-caption aligncenter\"><img decoding=\"async\" src=\"https:\/\/www.aarquiteta.com.br\/blog\/wp-content\/uploads\/2025\/04\/crista-de-galo-celosia-argentea01.jpg\" alt=\"Descubra como a Crista-de-Galo pode colorir e alegrar seu jardim com suas flores vibrantes!\" width=\"1024\" height=\"1024\" title=\"\"><figcaption class=\"wp-caption-text\">Descubra como a Crista-de-Galo pode colorir e alegrar seu jardim com suas flores vibrantes!<\/figcaption><\/figure>\n<p>De forma geral, a rega deve ser moderada. O solo pode secar levemente entre as regas para evitar problemas de enraizamento. Isso garante que sua Crista-de-Galo esteja sempre <b>saud\u00e1vel e vibrante.<\/b><\/p>\n<h3>Problemas Comuns<\/h3>\n<p>Pragas como pulg\u00f5es podem aparecer. Uma misturinha de <b>\u00e1gua e sab\u00e3o<\/b> \u00e9 a solu\u00e7\u00e3o ideal para mant\u00ea-los afastados!<\/p>\n<p>Fique atento ao solo mal drenado, pois pode causar apodrecimento. Prefira vasos com furos e adicione pedras para drenar bem.<\/p>\n<h3>Tabela Resumo<\/h3>\n<h3>Assista agora a minha recomenda\u00e7\u00e3o de video abaixo sobre o tema que estamos tratando neste artigo: <\/h3>\n<p><div class=\"youtube-embed\" data-video_id=\"TjOp0HqFdyY\"><iframe title=\"Crista de Galo \ud83d\udc49 [INFORMA\u00c7\u00d5ES NA DESCRI\u00c7\u00c3O, CONFIRA!] \ud83d\udc9a  #shorts #flores #jardinagem\" width=\"696\" height=\"392\" src=\"https:\/\/www.youtube.com\/embed\/TjOp0HqFdyY?feature=oembed&#038;enablejsapi=1\" frameborder=\"0\" allow=\"accelerometer; autoplay; clipboard-write; encrypted-media; gyroscope; picture-in-picture; web-share\" referrerpolicy=\"strict-origin-when-cross-origin\" allowfullscreen><\/iframe><\/div>\n<\/p>\n<table>\n<tr>\n<th>Caracter\u00edstica<\/th>\n<th>Detalhe<\/th>\n<\/tr>\n<tr>\n<td>Altura<\/td>\n<td>30 cm a 1 m<\/td>\n<\/tr>\n<tr>\n<td>Ilumina\u00e7\u00e3o<\/td>\n<td>Sol pleno, pelo menos 6 horas<\/td>\n<\/tr>\n<tr>\n<td>Solo<\/td>\n<td>Bem drenado e rico em mat\u00e9ria org\u00e2nica<\/td>\n<\/tr>\n<tr>\n<td>Manuten\u00e7\u00e3o<\/td>\n<td>Rega moderada<\/td>\n<\/tr>\n<tr>\n<td>Pragas<\/td>\n<td>Pulg\u00f5es e \u00e1caros<\/td>\n<\/tr>\n<\/table>\n<h3>Quando Adicionar Cor ao Seu Jardim?<\/h3>\n<p>Se voc\u00ea quer uma flor que dificilmente vai te deixar na m\u00e3o, a <b>Crista-de-Galo \u00e9 perfeita!<\/b> Ela n\u00e3o s\u00f3 colore, mas traz durabilidade e longevidade, alegrando seu espa\u00e7o por muito tempo.<\/p>\n<h3>Dicas Finais<\/h3>\n<p>Se voc\u00ea est\u00e1 pensando em deixar seu jardim mais bonito, comece a considerar a Crista-de-Galo. <b>Ela vai encantar!<\/b> E quem sabe, depois de cuidar dela, voc\u00ea se veja como um verdadeiro jardineiro de m\u00e3o cheia, n\u00e3o \u00e9 mesmo?<\/p>\n","protected":false},"excerpt":{"rendered":"<p>Quer colorir seu jardim com flores vibrantes? A Crista-de-Galo \u00e9 a escolha perfeita para trazer alegria e vida ao seu espa\u00e7o! O que \u00e9 a Crista-de-Galo? A Crista-de-Galo, ou Celosia argentea, \u00e9 uma planta famosa por suas flores \u00fanicas e coloridas. Essas belezuras se destacam com suas cores vibrantes, que v\u00e3o do vermelho ao amarelo [&hellip;]<\/p>\n","protected":false},"author":102,"featured_media":148770,"comment_status":"open","ping_status":"","sticky":false,"template":"","format":"standard","meta":{"footnotes":""},"categories":[9612,18792,18794],"tags":[],"class_list":["post-148773","post","type-post","status-publish","format-standard","has-post-thumbnail","category-jardinagem","category-decoracao-de-apartamento","category-projetos-de-decoracao-de-casas"],"_wp_attached_file":null,"_wp_attachment_metadata":null,"_wp_attachment_context":null,"_wp_attachment_is_custom_header":null,"geo_longitude":null,"geo_public":null,"geo_latitude":null,"_publicize_done_external":null,"_wpas_done_3897181":null,"publicize_twitter_user":null,"_wpas_done_3897175":null,"_wpas_skip_3897181":null,"_wpas_skip_3897175":null,"_wpas_skip_3924723":null,"_wpas_mess":null,"_wpas_done_3924723":null,"wps_subtitle":"","_links":{"self":[{"href":"https:\/\/www.aarquiteta.com.br\/blog\/wp-json\/wp\/v2\/posts\/148773","targetHints":{"allow":["GET"]}}],"collection":[{"href":"https:\/\/www.aarquiteta.com.br\/blog\/wp-json\/wp\/v2\/posts"}],"about":[{"href":"https:\/\/www.aarquiteta.com.br\/blog\/wp-json\/wp\/v2\/types\/post"}],"author":[{"embeddable":true,"href":"https:\/\/www.aarquiteta.com.br\/blog\/wp-json\/wp\/v2\/users\/102"}],"replies":[{"embeddable":true,"href":"https:\/\/www.aarquiteta.com.br\/blog\/wp-json\/wp\/v2\/comments?post=148773"}],"version-history":[{"count":0,"href":"https:\/\/www.aarquiteta.com.br\/blog\/wp-json\/wp\/v2\/posts\/148773\/revisions"}],"wp:featuredmedia":[{"embeddable":true,"href":"https:\/\/www.aarquiteta.com.br\/blog\/wp-json\/wp\/v2\/media\/148770"}],"wp:attachment":[{"href":"https:\/\/www.aarquiteta.com.br\/blog\/wp-json\/wp\/v2\/media?parent=148773"}],"wp:term":[{"taxonomy":"category","embeddable":true,"href":"https:\/\/www.aarquiteta.com.br\/blog\/wp-json\/wp\/v2\/categories?post=148773"},{"taxonomy":"post_tag","embeddable":true,"href":"https:\/\/www.aarquiteta.com.br\/blog\/wp-json\/wp\/v2\/tags?post=148773"}],"curies":[{"name":"wp","href":"https:\/\/api.w.org\/{rel}","templated":true}]}}