{"id":148694,"date":"2025-04-07T08:14:47","date_gmt":"2025-04-07T11:14:47","guid":{"rendered":"https:\/\/www.aarquiteta.com.br\/blog\/telhados-verdes-beneficios-e-implementacao\/"},"modified":"2025-04-07T08:14:47","modified_gmt":"2025-04-07T11:14:47","slug":"telhados-verdes-beneficios-e-implementacao","status":"publish","type":"post","link":"https:\/\/www.aarquiteta.com.br\/blog\/telhados-verdes-beneficios-e-implementacao\/","title":{"rendered":"Telhados verdes: benef\u00edcios e como implementar na sua resid\u00eancia"},"content":{"rendered":"<p><body><\/p>\n<p><b>Quer transformar sua casa e ainda ajudar o planeta?<\/b> Descubra como os telhados verdes melhoram o clima e economizam energia ao mesmo tempo!<\/p>\n<h3>Voc\u00ea j\u00e1 pensou em plantar um jardim&#8230; no seu telhado?<\/h3>\n<figure style=\"width: 1024px\" class=\"wp-caption aligncenter\"><img decoding=\"async\" src=\"https:\/\/www.aarquiteta.com.br\/blog\/wp-content\/uploads\/2025\/04\/telhados-verdes-beneficios-e-implementacao04.jpg\" alt=\"Telhados verdes: benef\u00edcios e como implementar na sua resid\u00eancia\" width=\"1024\" height=\"1024\" title=\"\"><figcaption class=\"wp-caption-text\">Telhados verdes: benef\u00edcios e como implementar na sua resid\u00eancia<\/figcaption><\/figure>\n<p>Sim, parece coisa de filme futurista, mas <b>os telhados verdes j\u00e1 s\u00e3o realidade em v\u00e1rias casas no Brasil<\/b>.<\/p>\n<p>Se voc\u00ea imaginou um gramado em cima da sua resid\u00eancia, acertou em cheio \ud83c\udfaf. Mas tem muito mais por tr\u00e1s disso!<\/p>\n<h3>Muito al\u00e9m da est\u00e9tica: o que \u00e9 um telhado verde?<\/h3>\n<figure style=\"width: 1024px\" class=\"wp-caption aligncenter\"><img decoding=\"async\" src=\"https:\/\/www.aarquiteta.com.br\/blog\/wp-content\/uploads\/2025\/04\/telhados-verdes-beneficios-e-implementacao03.jpg\" alt=\"Telhados verdes: benef\u00edcios e como implementar na sua resid\u00eancia\" width=\"1024\" height=\"1024\" title=\"\"><figcaption class=\"wp-caption-text\">Telhados verdes: benef\u00edcios e como implementar na sua resid\u00eancia<\/figcaption><\/figure>\n<p>Esse tipo de cobertura usa uma camada vegetada no topo da constru\u00e7\u00e3o.<\/p>\n<p><b>Ela regula a temperatura, filtra a \u00e1gua da chuva e cria um ambiente mais sustent\u00e1vel<\/b>. Impressionante, n\u00e9?<\/p>\n<h3>Por que todo mundo est\u00e1 de olho nessa tend\u00eancia?<\/h3>\n<figure style=\"width: 1024px\" class=\"wp-caption aligncenter\"><img decoding=\"async\" src=\"https:\/\/www.aarquiteta.com.br\/blog\/wp-content\/uploads\/2025\/04\/telhados-verdes-beneficios-e-implementacao02.jpg\" alt=\"Telhados verdes: benef\u00edcios e como implementar na sua resid\u00eancia\" width=\"1024\" height=\"1024\" title=\"\"><figcaption class=\"wp-caption-text\">Telhados verdes: benef\u00edcios e como implementar na sua resid\u00eancia<\/figcaption><\/figure>\n<p>Quem instala um telhado verde nota logo de cara: <b>o conforto t\u00e9rmico melhora absurdamente<\/b>.<\/p>\n<p>E no fim do m\u00eas? \ud83d\udcb2<b>Menos calor dentro = menos ar-condicionado = conta de luz mais barata<\/b>. Simples assim.<\/p>\n<h3>Mas ser\u00e1 que qualquer casa pode ter?<\/h3>\n<figure style=\"width: 1024px\" class=\"wp-caption aligncenter\"><img decoding=\"async\" src=\"https:\/\/www.aarquiteta.com.br\/blog\/wp-content\/uploads\/2025\/04\/telhados-verdes-beneficios-e-implementacao01.jpg\" alt=\"Telhados verdes: benef\u00edcios e como implementar na sua resid\u00eancia\" width=\"1024\" height=\"1024\" title=\"\"><figcaption class=\"wp-caption-text\">Telhados verdes: benef\u00edcios e como implementar na sua resid\u00eancia<\/figcaption><\/figure>\n<p>Boa pergunta! N\u00e3o d\u00e1 pra sair plantando sem pensar.<\/p>\n<p>\u00c9 preciso avaliar a <b>estrutura da casa, capacidade de peso e impermeabiliza\u00e7\u00e3o do telhado<\/b>.<\/p>\n<p>Por isso, <b>contar com um engenheiro ou arquiteto<\/b> nessa etapa \u00e9 essencial.<\/p>\n<h3>Veja os principais pontos sobre os telhados verdes:<\/h3>\n<table border=\"1\" cellpadding=\"8\" cellspacing=\"0\">\n<thead>\n<tr>\n<th><b>Benef\u00edcio<\/b><\/th>\n<th><b>Impacto<\/b><\/th>\n<\/tr>\n<\/thead>\n<tbody>\n<tr>\n<td>Isolamento t\u00e9rmico<\/td>\n<td>Ambiente mais fresco no ver\u00e3o e aconchegante no inverno<\/td>\n<\/tr>\n<tr>\n<td>Economia de energia<\/td>\n<td>Menor necessidade de climatiza\u00e7\u00e3o artificial<\/td>\n<\/tr>\n<tr>\n<td>Valoriza\u00e7\u00e3o do im\u00f3vel<\/td>\n<td>Design sustent\u00e1vel e diferenciado<\/td>\n<\/tr>\n<tr>\n<td>Redu\u00e7\u00e3o de enchentes<\/td>\n<td>O telhado verde absorve parte da \u00e1gua da chuva<\/td>\n<\/tr>\n<tr>\n<td>Bem-estar psicol\u00f3gico<\/td>\n<td>Contato com a natureza mesmo em casa<\/td>\n<\/tr>\n<\/tbody>\n<\/table>\n<h3>Como come\u00e7ar a implementar na sua resid\u00eancia?<\/h3>\n<h3>Assista agora a minha recomenda\u00e7\u00e3o de video abaixo sobre o tema que estamos tratando neste artigo: <\/h3>\n<p><div class=\"youtube-embed\" data-video_id=\"RqOVCLbnwNs\"><iframe title=\"TELHADO VERDE VALE  A PENA ?\" width=\"696\" height=\"392\" src=\"https:\/\/www.youtube.com\/embed\/RqOVCLbnwNs?feature=oembed&#038;enablejsapi=1\" frameborder=\"0\" allow=\"accelerometer; autoplay; clipboard-write; encrypted-media; gyroscope; picture-in-picture; web-share\" referrerpolicy=\"strict-origin-when-cross-origin\" allowfullscreen><\/iframe><\/div>\n<\/p>\n<p>Comece com um <b>projeto simples \u2013 uma cobertura de garagem ou varanda j\u00e1 pode ser um \u00f3timo come\u00e7o<\/b>.<\/p>\n<p>Pesquise por esp\u00e9cies que exigem pouca manuten\u00e7\u00e3o e se adaptam bem ao clima local \ud83c\udf31.<\/p>\n<h3>Cuidados essenciais para manter um telhado verde saud\u00e1vel<\/h3>\n<p>Manuten\u00e7\u00e3o peri\u00f3dica \u00e9 essencial. <b>Verificar irriga\u00e7\u00e3o, drenos e pragas evita dores de cabe\u00e7a futuras<\/b>.<\/p>\n<p>Ah, e evite plantas com ra\u00edzes muito profundas. Ningu\u00e9m quer rachaduras no teto, n\u00e9?<\/p>\n<h3>Exemplo real: a Mari de S\u00e3o Paulo<\/h3>\n<p>A Mari transformou o telhado do sobrado dela num pequeno o\u00e1sis urbano.<\/p>\n<p>Hoje, al\u00e9m de economizar energia, ela relaxa cuidando das suculentas enquanto toma um caf\u00e9 ao p\u00f4r do sol. \ud83c\udf07<\/p>\n<h3>Hora de pensar verde de verdade<\/h3>\n<p>Entre cimento e bet\u00e3o, nasce uma nova forma de morar: <b>mais viva, mais inteligente, mais sustent\u00e1vel<\/b>.<\/p>\n<p>Se voc\u00ea busca conforto, economias e um toque de natureza no meio do caos urbano, o telhado verde \u00e9 pra voc\u00ea.<\/p>\n<p>E c\u00e1 entre n\u00f3s\u2026 <b>n\u00e3o h\u00e1 nada mais chique que proteger o planeta com estilo \ud83c\udf3f<\/b>.<\/p>\n<p><\/body><\/p>\n","protected":false},"excerpt":{"rendered":"<p>Saiba como os telhados verdes podem melhorar o clima e a efici\u00eancia energ\u00e9tica.<\/p>\n","protected":false},"author":102,"featured_media":148691,"comment_status":"open","ping_status":"","sticky":false,"template":"","format":"standard","meta":{"footnotes":""},"categories":[1484,971],"tags":[],"class_list":["post-148694","post","type-post","status-publish","format-standard","has-post-thumbnail","category-decoracao","category-design-de-interiores"],"_wp_attached_file":null,"_wp_attachment_metadata":null,"_wp_attachment_context":null,"_wp_attachment_is_custom_header":null,"geo_longitude":null,"geo_public":null,"geo_latitude":null,"_publicize_done_external":null,"_wpas_done_3897181":null,"publicize_twitter_user":null,"_wpas_done_3897175":null,"_wpas_skip_3897181":null,"_wpas_skip_3897175":null,"_wpas_skip_3924723":null,"_wpas_mess":null,"_wpas_done_3924723":null,"wps_subtitle":"","_links":{"self":[{"href":"https:\/\/www.aarquiteta.com.br\/blog\/wp-json\/wp\/v2\/posts\/148694","targetHints":{"allow":["GET"]}}],"collection":[{"href":"https:\/\/www.aarquiteta.com.br\/blog\/wp-json\/wp\/v2\/posts"}],"about":[{"href":"https:\/\/www.aarquiteta.com.br\/blog\/wp-json\/wp\/v2\/types\/post"}],"author":[{"embeddable":true,"href":"https:\/\/www.aarquiteta.com.br\/blog\/wp-json\/wp\/v2\/users\/102"}],"replies":[{"embeddable":true,"href":"https:\/\/www.aarquiteta.com.br\/blog\/wp-json\/wp\/v2\/comments?post=148694"}],"version-history":[{"count":0,"href":"https:\/\/www.aarquiteta.com.br\/blog\/wp-json\/wp\/v2\/posts\/148694\/revisions"}],"wp:featuredmedia":[{"embeddable":true,"href":"https:\/\/www.aarquiteta.com.br\/blog\/wp-json\/wp\/v2\/media\/148691"}],"wp:attachment":[{"href":"https:\/\/www.aarquiteta.com.br\/blog\/wp-json\/wp\/v2\/media?parent=148694"}],"wp:term":[{"taxonomy":"category","embeddable":true,"href":"https:\/\/www.aarquiteta.com.br\/blog\/wp-json\/wp\/v2\/categories?post=148694"},{"taxonomy":"post_tag","embeddable":true,"href":"https:\/\/www.aarquiteta.com.br\/blog\/wp-json\/wp\/v2\/tags?post=148694"}],"curies":[{"name":"wp","href":"https:\/\/api.w.org\/{rel}","templated":true}]}}