{"id":148653,"date":"2025-04-06T12:36:12","date_gmt":"2025-04-06T15:36:12","guid":{"rendered":"https:\/\/www.aarquiteta.com.br\/blog\/vasos-reaproveitados-criativos\/"},"modified":"2025-04-06T12:36:12","modified_gmt":"2025-04-06T15:36:12","slug":"vasos-reaproveitados-criativos","status":"publish","type":"post","link":"https:\/\/www.aarquiteta.com.br\/blog\/vasos-reaproveitados-criativos\/","title":{"rendered":"Reaproveitando recipientes: crie vasos criativos e sustent\u00e1veis"},"content":{"rendered":"<p><body><\/p>\n<p><b>Sabe aquele pote ou lata que voc\u00ea ia jogar fora?<\/b> Com um toque de criatividade, ele pode virar um vaso incr\u00edvel e cheio de estilo.<\/p>\n<h3><b>Reaproveitar recipientes \u00e9 mais f\u00e1cil (e divertido) do que parece<\/b><\/h3>\n<figure style=\"width: 1024px\" class=\"wp-caption aligncenter\"><img decoding=\"async\" src=\"https:\/\/www.aarquiteta.com.br\/blog\/wp-content\/uploads\/2025\/04\/vasos-reaproveitados-criativos04.jpg\" alt=\"Reaproveitando recipientes: crie vasos criativos e sustent\u00e1veis\" width=\"1024\" height=\"1024\" title=\"\"><figcaption class=\"wp-caption-text\">Reaproveitando recipientes: crie vasos criativos e sustent\u00e1veis<\/figcaption><\/figure>\n<p><b>Quem nunca acumulou potes, latas e garrafas sem saber o que fazer com eles?<\/b> Eu j\u00e1! Mas descobri um jeito criativo de dar nova vida a essas tralhas. \ud83d\ude09<\/p>\n<h3><b>Transformar o que iria pro lixo em vasos criativos e sustent\u00e1veis<\/b><\/h3>\n<figure style=\"width: 1024px\" class=\"wp-caption aligncenter\"><img decoding=\"async\" src=\"https:\/\/www.aarquiteta.com.br\/blog\/wp-content\/uploads\/2025\/04\/vasos-reaproveitados-criativos03.jpg\" alt=\"Reaproveitando recipientes: crie vasos criativos e sustent\u00e1veis\" width=\"1024\" height=\"1024\" title=\"\"><figcaption class=\"wp-caption-text\">Reaproveitando recipientes: crie vasos criativos e sustent\u00e1veis<\/figcaption><\/figure>\n<p><b>Al\u00e9m de economizar, reaproveitar recipientes evita o desperd\u00edcio<\/b> e ainda adiciona um charme todo especial \u00e0 decora\u00e7\u00e3o com plantas.<\/p>\n<h3><b>O que d\u00e1 pra transformar em vasos?<\/b> Dica: quase tudo!<\/h3>\n<figure style=\"width: 1024px\" class=\"wp-caption aligncenter\"><img decoding=\"async\" src=\"https:\/\/www.aarquiteta.com.br\/blog\/wp-content\/uploads\/2025\/04\/vasos-reaproveitados-criativos02.jpg\" alt=\"Reaproveitando recipientes: crie vasos criativos e sustent\u00e1veis\" width=\"1024\" height=\"1024\" title=\"\"><figcaption class=\"wp-caption-text\">Reaproveitando recipientes: crie vasos criativos e sustent\u00e1veis<\/figcaption><\/figure>\n<ul>\n<li><b>Latas de alimentos:<\/b> milho, ervilha, leite condensado&#8230;<\/li>\n<li><b>Vidros de conserva:<\/b> formatos variados, perfeitos para plantinhas menores<\/li>\n<li><b>X\u00edcaras velhas:<\/b> aquelas que perderam o par<\/li>\n<li><b>Panelas sem cabo:<\/b> sim, elas podem virar jardins!<\/li>\n<\/ul>\n<h3><b>O segredo pra fazer bonito mesmo com coisa velha \ud83d\ude0d<\/b><\/h3>\n<figure style=\"width: 1024px\" class=\"wp-caption aligncenter\"><img decoding=\"async\" src=\"https:\/\/www.aarquiteta.com.br\/blog\/wp-content\/uploads\/2025\/04\/vasos-reaproveitados-criativos01.jpg\" alt=\"Reaproveitando recipientes: crie vasos criativos e sustent\u00e1veis\" width=\"1024\" height=\"1024\" title=\"\"><figcaption class=\"wp-caption-text\">Reaproveitando recipientes: crie vasos criativos e sustent\u00e1veis<\/figcaption><\/figure>\n<p><b>D\u00e1 pra pintar, adesivar ou at\u00e9 encapar com tecido ou sisal<\/b>. E o charme? T\u00e1 justamente no improviso bem-feito!<\/p>\n<h3><b>Passo a passo r\u00e1pido pra criar seu vaso sustent\u00e1vel<\/b><\/h3>\n<ol>\n<li><b>Lave bem o recipiente<\/b> e retire qualquer r\u00f3tulo ou res\u00edduo<\/li>\n<li><b>Fa\u00e7a furinhos no fundo<\/b> (ou adicione pedras) pra drenar a \u00e1gua<\/li>\n<li><b>Decore como quiser:<\/b> tinta spray, renda, tecidos, adesivos&#8230;<\/li>\n<li><b>Escolha sua planta favorita e plante!<\/b><\/li>\n<\/ol>\n<h3><b>Tipos de recipiente x Tipo de planta ideal \ud83c\udf3f<\/b><\/h3>\n<h3>Assista agora a minha recomenda\u00e7\u00e3o de video abaixo sobre o tema que estamos tratando neste artigo: <\/h3>\n<p><div class=\"youtube-embed\" data-video_id=\"s_so6KCs4eI\"><iframe title=\"COMO FAZER UM VASO RECICLANDO\" width=\"696\" height=\"392\" src=\"https:\/\/www.youtube.com\/embed\/s_so6KCs4eI?feature=oembed&#038;enablejsapi=1\" frameborder=\"0\" allow=\"accelerometer; autoplay; clipboard-write; encrypted-media; gyroscope; picture-in-picture; web-share\" referrerpolicy=\"strict-origin-when-cross-origin\" allowfullscreen><\/iframe><\/div>\n<\/p>\n<table border=\"1\" cellpadding=\"5\" cellspacing=\"0\">\n<tr>\n<th><b>Recipiente<\/b><\/th>\n<th><b>Melhores Plantas<\/b><\/th>\n<\/tr>\n<tr>\n<td>Latas pequenas<\/td>\n<td>Mini suculentas, cactos<\/td>\n<\/tr>\n<tr>\n<td>Vidros m\u00e9dios<\/td>\n<td>Ervas arom\u00e1ticas<\/td>\n<\/tr>\n<tr>\n<td>Panelas sem uso<\/td>\n<td>Jardins de flores ou hortas compactas<\/td>\n<\/tr>\n<tr>\n<td>X\u00edcaras<\/td>\n<td>Mini violetas, colar-de-p\u00e9rola<\/td>\n<\/tr>\n<\/table>\n<h3><b>Gaste quase nada e ganhe elogios (e likes!)<\/b><\/h3>\n<p><b>J\u00e1 ouvi v\u00e1rias vezes: \u201cnossa, onde voc\u00ea comprou esse vaso?\u201d<\/b> e eu s\u00f3 respondo: \u201cna gaveta da cozinha\u201d. \ud83d\ude02<\/p>\n<h3><b>Por que apostar nesses vasos criativos e ecol\u00f3gicos?<\/b><\/h3>\n<p><b>Voc\u00ea cuida do meio ambiente, economiza e ainda deixa sua casa mais linda<\/b> com pe\u00e7as \u00fanicas e super estilosas.<\/p>\n<h3><b>Bora tentar hoje mesmo?<\/b><\/h3>\n<p><b>Comece com aquele pote que voc\u00ea ia jogar fora<\/b>. Em 10 minutos, ele pode virar o vaso mais comentado da sua varanda!<\/p>\n<p><\/body><\/p>\n","protected":false},"excerpt":{"rendered":"<p>D\u00ea um destino novo a potes, latas e outros objetos, transformando-os em lindos vasos para suas plantas.<\/p>\n","protected":false},"author":102,"featured_media":148650,"comment_status":"open","ping_status":"","sticky":false,"template":"","format":"standard","meta":{"footnotes":""},"categories":[9612,18792,18794],"tags":[],"class_list":["post-148653","post","type-post","status-publish","format-standard","has-post-thumbnail","category-jardinagem","category-decoracao-de-apartamento","category-projetos-de-decoracao-de-casas"],"_wp_attached_file":null,"_wp_attachment_metadata":null,"_wp_attachment_context":null,"_wp_attachment_is_custom_header":null,"geo_longitude":null,"geo_public":null,"geo_latitude":null,"_publicize_done_external":null,"_wpas_done_3897181":null,"publicize_twitter_user":null,"_wpas_done_3897175":null,"_wpas_skip_3897181":null,"_wpas_skip_3897175":null,"_wpas_skip_3924723":null,"_wpas_mess":null,"_wpas_done_3924723":null,"wps_subtitle":"","_links":{"self":[{"href":"https:\/\/www.aarquiteta.com.br\/blog\/wp-json\/wp\/v2\/posts\/148653","targetHints":{"allow":["GET"]}}],"collection":[{"href":"https:\/\/www.aarquiteta.com.br\/blog\/wp-json\/wp\/v2\/posts"}],"about":[{"href":"https:\/\/www.aarquiteta.com.br\/blog\/wp-json\/wp\/v2\/types\/post"}],"author":[{"embeddable":true,"href":"https:\/\/www.aarquiteta.com.br\/blog\/wp-json\/wp\/v2\/users\/102"}],"replies":[{"embeddable":true,"href":"https:\/\/www.aarquiteta.com.br\/blog\/wp-json\/wp\/v2\/comments?post=148653"}],"version-history":[{"count":0,"href":"https:\/\/www.aarquiteta.com.br\/blog\/wp-json\/wp\/v2\/posts\/148653\/revisions"}],"wp:featuredmedia":[{"embeddable":true,"href":"https:\/\/www.aarquiteta.com.br\/blog\/wp-json\/wp\/v2\/media\/148650"}],"wp:attachment":[{"href":"https:\/\/www.aarquiteta.com.br\/blog\/wp-json\/wp\/v2\/media?parent=148653"}],"wp:term":[{"taxonomy":"category","embeddable":true,"href":"https:\/\/www.aarquiteta.com.br\/blog\/wp-json\/wp\/v2\/categories?post=148653"},{"taxonomy":"post_tag","embeddable":true,"href":"https:\/\/www.aarquiteta.com.br\/blog\/wp-json\/wp\/v2\/tags?post=148653"}],"curies":[{"name":"wp","href":"https:\/\/api.w.org\/{rel}","templated":true}]}}