{"id":148613,"date":"2025-04-05T18:32:39","date_gmt":"2025-04-05T21:32:39","guid":{"rendered":"https:\/\/www.aarquiteta.com.br\/blog\/decoracao-praia\/"},"modified":"2025-04-05T18:32:39","modified_gmt":"2025-04-05T21:32:39","slug":"decoracao-praia","status":"publish","type":"post","link":"https:\/\/www.aarquiteta.com.br\/blog\/decoracao-praia\/","title":{"rendered":"Transforme Seu Ref\u00fagio: 80 Ideias de Decora\u00e7\u00e3o de Praia que Surpreendem!"},"content":{"rendered":"<p>Transforme seu lar na praia com ideias de decora\u00e7\u00e3o surpreendentes. Confira 80 dicas pr\u00e1ticas que v\u00e3o fazer seu ref\u00fagio brilhar!<\/p>\n<h3>Decora\u00e7\u00e3o de Praia: O que Voc\u00ea Precisa Saber<\/h3>\n<figure style=\"width: 1024px\" class=\"wp-caption aligncenter\"><img decoding=\"async\" src=\"https:\/\/www.aarquiteta.com.br\/blog\/wp-content\/uploads\/2025\/04\/decoracao-praia-11.jpg\" alt=\"Renata Valeiro\" title=\"\"><figcaption class=\"wp-caption-text\">Renata Valeiro<\/figcaption><\/figure>\n<p>Quando se trata de <b>decora\u00e7\u00e3o de praia<\/b>, a regra \u00e9 clara: quanto mais charme, melhor! A combina\u00e7\u00e3o de cores suaves e elementos r\u00fasticos \u00e9 a cara do litoral. Mas n\u00e3o precisa ficar preso a esses padr\u00f5es, t\u00e1? Vale ousar e adicionar um toque <b>colorido<\/b>.<\/p>\n<h3>1. Cortinas Leves e Frescas<\/h3>\n<figure style=\"width: 1024px\" class=\"wp-caption aligncenter\"><img decoding=\"async\" src=\"https:\/\/www.aarquiteta.com.br\/blog\/wp-content\/uploads\/2025\/04\/decoracao-praia01.jpg\" alt=\"Decora\u00e7\u00e3o de Praia: 80 Ideias para Embelezar o Seu Ref\u00fagio\" width=\"1024\" height=\"1024\" title=\"\"><figcaption class=\"wp-caption-text\">Decora\u00e7\u00e3o de Praia: 80 Ideias para Embelezar o Seu Ref\u00fagio<\/figcaption><\/figure>\n<p>Uma cortina no banheiro pode mudar tudo! Cortinas leves trazem a brisa do mar e a sensa\u00e7\u00e3o de <b>frescor<\/b>. S\u00e3o cl\u00e1ssicas e moderninhas ao mesmo tempo!<\/p>\n<h3>2. Mobili\u00e1rio de Vime: O Charme do Litoral<\/h3>\n<figure style=\"width: 1024px\" class=\"wp-caption aligncenter\"><img decoding=\"async\" src=\"https:\/\/www.aarquiteta.com.br\/blog\/wp-content\/uploads\/2025\/04\/decoracao-praia.jpg\" alt=\"Decora\u00e7\u00e3o de praia: 80 ideias para embelezar o seu ref\u00fagio\" title=\"\"><figcaption class=\"wp-caption-text\">Decora\u00e7\u00e3o de praia: 80 ideias para embelezar o seu ref\u00fagio<\/figcaption><\/figure>\n<p>Cadeiras e mesas de vime s\u00e3o essenciais para um ambiente que remete \u00e0 <b>natureza<\/b>. Elas trazem um ar r\u00fastico e fresco, perfeito para relaxar.<\/p>\n<h3>3. Cores que Inspiram<\/h3>\n<figure style=\"width: 1024px\" class=\"wp-caption aligncenter\"><img decoding=\"async\" src=\"https:\/\/www.aarquiteta.com.br\/blog\/wp-content\/uploads\/2025\/04\/decoracao-praia02.jpg\" alt=\"Decora\u00e7\u00e3o de Praia: 80 Ideias para Embelezar o Seu Ref\u00fagio\" width=\"1024\" height=\"1024\" title=\"\"><figcaption class=\"wp-caption-text\">Decora\u00e7\u00e3o de Praia: 80 Ideias para Embelezar o Seu Ref\u00fagio<\/figcaption><\/figure>\n<p>Quando for escolher as cores, opte por <b>tons azuis<\/b> que lembram o mar e beges que remetem \u00e0 areia. Uma paleta agrad\u00e1vel traz paz e aconchego.<\/p>\n<h3>4. Materiais Naturais: A Alma da Decora\u00e7\u00e3o<\/h3>\n<figure style=\"width: 1024px\" class=\"wp-caption aligncenter\"><img decoding=\"async\" src=\"https:\/\/www.aarquiteta.com.br\/blog\/wp-content\/uploads\/2025\/04\/decoracao-praia-2.jpg\" alt=\"Ouri\u00e7o Arquitetura\" title=\"\"><figcaption class=\"wp-caption-text\">Ouri\u00e7o Arquitetura<\/figcaption><\/figure>\n<p>O uso de materiais r\u00fasticos, como a <b>madeira<\/b>, traz uma sensa\u00e7\u00e3o de acolhimento. Al\u00e9m disso, eles ajudam a manter o clima litor\u00e2neo e descontra\u00eddo!<\/p>\n<h3>5. Elementos N\u00e1uticos<\/h3>\n<figure style=\"width: 1024px\" class=\"wp-caption aligncenter\"><img decoding=\"async\" src=\"https:\/\/www.aarquiteta.com.br\/blog\/wp-content\/uploads\/2025\/04\/decoracao-praia03.jpg\" alt=\"Decora\u00e7\u00e3o de Praia: 80 Ideias para Embelezar o Seu Ref\u00fagio\" width=\"1024\" height=\"1024\" title=\"\"><figcaption class=\"wp-caption-text\">Decora\u00e7\u00e3o de Praia: 80 Ideias para Embelezar o Seu Ref\u00fagio<\/figcaption><\/figure>\n<p>Adicione detalhes como frasqueiras, \u00e2ncoras ou quadros do mar. Eles v\u00e3o evocar o esp\u00edrito de <b>aventura<\/b> e trazer um toque l\u00fadico \u00e0 sua decora\u00e7\u00e3o.<\/p>\n<h3>Table: Resumo de Ideias de Decora\u00e7\u00e3o de Praia<\/h3>\n<figure style=\"width: 1024px\" class=\"wp-caption aligncenter\"><img decoding=\"async\" src=\"https:\/\/www.aarquiteta.com.br\/blog\/wp-content\/uploads\/2025\/04\/decoracao-praia-34.jpg\" alt=\"Ouri\u00e7o Arquitetura\" title=\"\"><figcaption class=\"wp-caption-text\">Ouri\u00e7o Arquitetura<\/figcaption><\/figure>\n<table>\n<tr>\n<th>Id\u00e9ia<\/th>\n<th>Descri\u00e7\u00e3o<\/th>\n<\/tr>\n<tr>\n<td>Cortinas Frescas<\/td>\n<td>Cortinas leves que trazem frescor ao ambiente.<\/td>\n<\/tr>\n<tr>\n<td>Mobili\u00e1rio de Vime<\/td>\n<td>Elementos que misturam rusticidade e modernidade.<\/td>\n<\/tr>\n<tr>\n<td>Paleta de Cores<\/td>\n<td>Azuis e beges que remetem \u00e0 praia e suas belezas.<\/td>\n<\/tr>\n<tr>\n<td>Materiais Naturais<\/td>\n<td>Madeira e outros elementos que trazem aconchego e charme.<\/td>\n<\/tr>\n<tr>\n<td>Detalhes N\u00e1uticos<\/td>\n<td>Adornos que evocam a aventura e o clima marajoara.<\/td>\n<\/tr>\n<\/table>\n<h3>6. Bar: Um Cantinho da Alegria<\/h3>\n<figure style=\"width: 1024px\" class=\"wp-caption aligncenter\"><img decoding=\"async\" src=\"https:\/\/www.aarquiteta.com.br\/blog\/wp-content\/uploads\/2025\/04\/decoracao-praia4.jpg\" alt=\"Decora\u00e7\u00e3o de Praia: 80 Ideias para Embelezar o Seu Ref\u00fagio\" width=\"1024\" height=\"1024\" title=\"\"><figcaption class=\"wp-caption-text\">Decora\u00e7\u00e3o de Praia: 80 Ideias para Embelezar o Seu Ref\u00fagio<\/figcaption><\/figure>\n<p>N\u00e3o esque\u00e7a do bar! Uma \u00e1rea de drinks pode <b>animar<\/b> seus encontros com amigos. Afinal, um bom drink \u00e9 tudo que precisamos na beira da praia!<\/p>\n<h3>7. Arte e Criatividade<\/h3>\n<figure style=\"width: 1024px\" class=\"wp-caption aligncenter\"><img decoding=\"async\" src=\"https:\/\/www.aarquiteta.com.br\/blog\/wp-content\/uploads\/2025\/04\/decoracao-praia-39.jpg\" alt=\"Bahia Homes\" title=\"\"><figcaption class=\"wp-caption-text\">Bahia Homes<\/figcaption><\/figure>\n<p>Use suas pr\u00f3prias cria\u00e7\u00f5es ou artesanato local para adicionar um toque pessoal. Cada pe\u00e7a conta uma hist\u00f3ria e traz um \u26f5\ufe0f<b>sabor<\/b> \u00fanico ao seu espa\u00e7o.<\/p>\n<h3>8. Aconchego \u00e9 Fundamental<\/h3>\n<h3>Para se aprofundar mais sobre o tema, veja a minha recomenda\u00e7\u00e3o sobre o tema deste artigo no v\u00eddeo a seguir abaixo:<\/h3>\n<p><iframe title=\"YouTube video player\" src=\"https:\/\/www.youtube.com\/embed\/G4WAYzj2ffo\" width=\"560\" height=\"315\" frameborder=\"0\" allowfullscreen=\"allowfullscreen\"><\/iframe><\/p>\n<p>Por \u00faltimo, mas n\u00e3o menos importante: seu espa\u00e7o deve ser confort\u00e1vel! Espalhe almofadas e mantas, criando um cantinho para relaxar e curtir a brisa.<\/p>\n<p>Agora que voc\u00ea tem 80 dicas incr\u00edveis de <b>decora\u00e7\u00e3o de praia<\/b>, que tal colocar a m\u00e3o na massa? Transforme seu ref\u00fagio em um lugar dos sonhos e aproveite cada momento com muito estilo!<\/p>\n<figure style=\"width: 1024px\" class=\"wp-caption aligncenter\"><img decoding=\"async\" src=\"https:\/\/www.aarquiteta.com.br\/blog\/wp-content\/uploads\/2025\/04\/decoracao-praia-40.jpg\" alt=\"Dando Um Jeitinho em Tudo\" title=\"\"><figcaption class=\"wp-caption-text\">Dando Um Jeitinho em Tudo<\/figcaption><\/figure>\n","protected":false},"excerpt":{"rendered":"<p>Transforme seu lar na praia com ideias de decora\u00e7\u00e3o surpreendentes. Confira 80 dicas pr\u00e1ticas que v\u00e3o fazer seu ref\u00fagio brilhar! Decora\u00e7\u00e3o de Praia: O que Voc\u00ea Precisa Saber Quando se trata de decora\u00e7\u00e3o de praia, a regra \u00e9 clara: quanto mais charme, melhor! A combina\u00e7\u00e3o de cores suaves e elementos r\u00fasticos \u00e9 a cara do [&hellip;]<\/p>\n","protected":false},"author":102,"featured_media":148606,"comment_status":"open","ping_status":"","sticky":false,"template":"","format":"standard","meta":{"footnotes":""},"categories":[1484],"tags":[],"class_list":["post-148613","post","type-post","status-publish","format-standard","has-post-thumbnail","category-decoracao"],"_wp_attached_file":null,"_wp_attachment_metadata":null,"_wp_attachment_context":null,"_wp_attachment_is_custom_header":null,"geo_longitude":null,"geo_public":null,"geo_latitude":null,"_publicize_done_external":null,"_wpas_done_3897181":null,"publicize_twitter_user":null,"_wpas_done_3897175":null,"_wpas_skip_3897181":null,"_wpas_skip_3897175":null,"_wpas_skip_3924723":null,"_wpas_mess":null,"_wpas_done_3924723":null,"wps_subtitle":"","_links":{"self":[{"href":"https:\/\/www.aarquiteta.com.br\/blog\/wp-json\/wp\/v2\/posts\/148613","targetHints":{"allow":["GET"]}}],"collection":[{"href":"https:\/\/www.aarquiteta.com.br\/blog\/wp-json\/wp\/v2\/posts"}],"about":[{"href":"https:\/\/www.aarquiteta.com.br\/blog\/wp-json\/wp\/v2\/types\/post"}],"author":[{"embeddable":true,"href":"https:\/\/www.aarquiteta.com.br\/blog\/wp-json\/wp\/v2\/users\/102"}],"replies":[{"embeddable":true,"href":"https:\/\/www.aarquiteta.com.br\/blog\/wp-json\/wp\/v2\/comments?post=148613"}],"version-history":[{"count":0,"href":"https:\/\/www.aarquiteta.com.br\/blog\/wp-json\/wp\/v2\/posts\/148613\/revisions"}],"wp:featuredmedia":[{"embeddable":true,"href":"https:\/\/www.aarquiteta.com.br\/blog\/wp-json\/wp\/v2\/media\/148606"}],"wp:attachment":[{"href":"https:\/\/www.aarquiteta.com.br\/blog\/wp-json\/wp\/v2\/media?parent=148613"}],"wp:term":[{"taxonomy":"category","embeddable":true,"href":"https:\/\/www.aarquiteta.com.br\/blog\/wp-json\/wp\/v2\/categories?post=148613"},{"taxonomy":"post_tag","embeddable":true,"href":"https:\/\/www.aarquiteta.com.br\/blog\/wp-json\/wp\/v2\/tags?post=148613"}],"curies":[{"name":"wp","href":"https:\/\/api.w.org\/{rel}","templated":true}]}}