{"id":148555,"date":"2025-04-03T12:11:41","date_gmt":"2025-04-03T15:11:41","guid":{"rendered":"https:\/\/www.aarquiteta.com.br\/blog\/plantas-nativas-na-decoracao-2\/"},"modified":"2025-04-03T12:11:41","modified_gmt":"2025-04-03T15:11:41","slug":"plantas-nativas-na-decoracao-2","status":"publish","type":"post","link":"https:\/\/www.aarquiteta.com.br\/blog\/plantas-nativas-na-decoracao-2\/","title":{"rendered":"Plantas nativas na decora\u00e7\u00e3o: beleza e sustentabilidade em harmonia"},"content":{"rendered":"<p><body><\/p>\n<p><b>J\u00e1 pensou em deixar sua casa mais linda e ainda ajudar o planeta? As plantas brasileiras fazem isso com estilo!<\/b><\/p>\n<h3>Por que usar plantas brasileiras na decora\u00e7\u00e3o?<\/h3>\n<figure style=\"width: 1024px\" class=\"wp-caption aligncenter\"><img decoding=\"async\" src=\"https:\/\/www.aarquiteta.com.br\/blog\/wp-content\/uploads\/2025\/04\/plantas-nativas-na-decoracao04.jpg\" alt=\"Plantas nativas na decora\u00e7\u00e3o: beleza e sustentabilidade em harmonia\" width=\"1024\" height=\"1024\" title=\"\"><figcaption class=\"wp-caption-text\">Plantas nativas na decora\u00e7\u00e3o: beleza e sustentabilidade em harmonia<\/figcaption><\/figure>\n<p>Quem nunca quis uma casa linda com aquele ar fresquinho de natureza? <b>Eu descobri que as plantas nativas s\u00e3o perfeitas pra isso!<\/b><\/p>\n<p>Al\u00e9m de dar um charme todo especial, <b>elas atraem p\u00e1ssaros, economizam \u00e1gua e precisam de menos cuidados<\/b>. F\u00e1cil e sustent\u00e1vel!<\/p>\n<h3>Beleza, sustentabilidade e identidade num s\u00f3 vaso<\/h3>\n<figure style=\"width: 1024px\" class=\"wp-caption aligncenter\"><img decoding=\"async\" src=\"https:\/\/www.aarquiteta.com.br\/blog\/wp-content\/uploads\/2025\/04\/plantas-nativas-na-decoracao03.jpg\" alt=\"Plantas nativas na decora\u00e7\u00e3o: beleza e sustentabilidade em harmonia\" width=\"1024\" height=\"1024\" title=\"\"><figcaption class=\"wp-caption-text\">Plantas nativas na decora\u00e7\u00e3o: beleza e sustentabilidade em harmonia<\/figcaption><\/figure>\n<p>Usar o que \u00e9 nosso t\u00e1 mais que na moda \u2014 \u00e9 um estilo de vida. <b>Plantas como a Jiboia e o Pau-brasil mostram sua personalidade<\/b>.<\/p>\n<p>Elas trazem autenticidade, t\u00eam hist\u00f3ria e ainda dizem: &#8220;Sim, eu cuido do que \u00e9 nosso!&#8221; \ud83c\udf3f<\/p>\n<h3>Top 5 plantas nativas pra ter j\u00e1<\/h3>\n<figure style=\"width: 1024px\" class=\"wp-caption aligncenter\"><img decoding=\"async\" src=\"https:\/\/www.aarquiteta.com.br\/blog\/wp-content\/uploads\/2025\/04\/plantas-nativas-na-decoracao02.jpg\" alt=\"Plantas nativas na decora\u00e7\u00e3o: beleza e sustentabilidade em harmonia\" width=\"1024\" height=\"1024\" title=\"\"><figcaption class=\"wp-caption-text\">Plantas nativas na decora\u00e7\u00e3o: beleza e sustentabilidade em harmonia<\/figcaption><\/figure>\n<ul>\n<li><b>Costela-de-ad\u00e3o<\/b>: escultural e resistente<\/li>\n<li><b>Samambaia<\/b>: cl\u00e1ssica e deslumbrante<\/li>\n<li><b>Cl\u00fasia<\/b>: \u00f3tima pro sol e vento<\/li>\n<li><b>Pau-ferro<\/b>: sombra na medida<\/li>\n<li><b>Espada-de-S\u00e3o-Jorge<\/b>: prote\u00e7\u00e3o e estilo num s\u00f3<\/li>\n<\/ul>\n<h3>T\u00e1 sem tempo? Elas n\u00e3o ligam \ud83d\ude0e<\/h3>\n<figure style=\"width: 1024px\" class=\"wp-caption aligncenter\"><img decoding=\"async\" src=\"https:\/\/www.aarquiteta.com.br\/blog\/wp-content\/uploads\/2025\/04\/plantas-nativas-na-decoracao01.jpg\" alt=\"Plantas nativas na decora\u00e7\u00e3o: beleza e sustentabilidade em harmonia\" width=\"1024\" height=\"1024\" title=\"\"><figcaption class=\"wp-caption-text\">Plantas nativas na decora\u00e7\u00e3o: beleza e sustentabilidade em harmonia<\/figcaption><\/figure>\n<p>Se voc\u00ea vive na correria, relaxa! <b>Essas nativas s\u00e3o guerreiras<\/b>. Sobrevivem a esquecimentos e ainda assim, continuam lindas!<\/p>\n<h3>Onde colocar cada tipo?<\/h3>\n<p>Quer um truque que funciona sempre? <b>Luz natural vai bem com quase todas<\/b>.<\/p>\n<p>No banheiro? Vai de samambaia. Na varanda? Pau-ferro. Sala? Costela-de-ad\u00e3o arrasa!<\/p>\n<h3>Veja essa tabelinha que facilita tudo:<\/h3>\n<h3>Assista agora a minha recomenda\u00e7\u00e3o de video abaixo sobre o tema que estamos tratando neste artigo: <\/h3>\n<p><div class=\"youtube-embed\" data-video_id=\"LuUg9Kcxvk8\"><iframe title=\"Descubra a Beleza do Paisagismo Sustent\u00e1vel em um Ambiente Tropical\" width=\"696\" height=\"392\" src=\"https:\/\/www.youtube.com\/embed\/LuUg9Kcxvk8?feature=oembed&#038;enablejsapi=1\" frameborder=\"0\" allow=\"accelerometer; autoplay; clipboard-write; encrypted-media; gyroscope; picture-in-picture; web-share\" referrerpolicy=\"strict-origin-when-cross-origin\" allowfullscreen><\/iframe><\/div>\n<\/p>\n<table border=\"1\" cellpadding=\"6\">\n<tr>\n<th><b>Planta<\/b><\/th>\n<th><b>Ambiente ideal<\/b><\/th>\n<th><b>Cuidados<\/b><\/th>\n<\/tr>\n<tr>\n<td>Samambaia<\/td>\n<td>Banheiro\/sombra<\/td>\n<td>Regar 2x semana<\/td>\n<\/tr>\n<tr>\n<td>Costela-de-ad\u00e3o<\/td>\n<td>Sala\/indireta<\/td>\n<td>Pouca \u00e1gua<\/td>\n<\/tr>\n<tr>\n<td>Cl\u00fasia<\/td>\n<td>Varanda\/sol<\/td>\n<td>Regar 1x semana<\/td>\n<\/tr>\n<\/table>\n<h3>Quer impressionar? V\u00e1 al\u00e9m do comum<\/h3>\n<p>J\u00e1 pensou num cantinho brasileiro com <b>vasos de cer\u00e2mica e plantas da Caatinga ou Cerrado?<\/b> Fica moderno, aut\u00eantico e super &#8220;instagr\u00e1mavel&#8221; \ud83d\udcf8<\/p>\n<h3>Onde encontrar essas belezuras?<\/h3>\n<p><b>Feiras de produtores locais e viveiros especializados em esp\u00e9cies nativas<\/b> s\u00e3o o segredo. Assim, voc\u00ea apoia o pequeno e ainda acerta na escolha.<\/p>\n<h3>Nossa natureza merece espa\u00e7o \u2014 at\u00e9 na sala<\/h3>\n<p>Trazer plantas brasileiras pra dentro de casa \u00e9 <b>mais que decora\u00e7\u00e3o: \u00e9 resgate cultural, economia e amor \u00e0 biodiversidade<\/b>.<\/p>\n<p>Com um vaso, voc\u00ea transforma o ambiente \u2014 e o mundo tamb\u00e9m. \ud83c\udf31<\/p>\n<p><\/body><\/p>\n","protected":false},"excerpt":{"rendered":"<p>Aprenda a usar plantas brasileiras na sua casa e contribua para o meio ambiente.<\/p>\n","protected":false},"author":102,"featured_media":148552,"comment_status":"open","ping_status":"","sticky":false,"template":"","format":"standard","meta":{"footnotes":""},"categories":[9612,18792,18794],"tags":[],"class_list":["post-148555","post","type-post","status-publish","format-standard","has-post-thumbnail","category-jardinagem","category-decoracao-de-apartamento","category-projetos-de-decoracao-de-casas"],"_wp_attached_file":null,"_wp_attachment_metadata":null,"_wp_attachment_context":null,"_wp_attachment_is_custom_header":null,"geo_longitude":null,"geo_public":null,"geo_latitude":null,"_publicize_done_external":null,"_wpas_done_3897181":null,"publicize_twitter_user":null,"_wpas_done_3897175":null,"_wpas_skip_3897181":null,"_wpas_skip_3897175":null,"_wpas_skip_3924723":null,"_wpas_mess":null,"_wpas_done_3924723":null,"wps_subtitle":"","_links":{"self":[{"href":"https:\/\/www.aarquiteta.com.br\/blog\/wp-json\/wp\/v2\/posts\/148555","targetHints":{"allow":["GET"]}}],"collection":[{"href":"https:\/\/www.aarquiteta.com.br\/blog\/wp-json\/wp\/v2\/posts"}],"about":[{"href":"https:\/\/www.aarquiteta.com.br\/blog\/wp-json\/wp\/v2\/types\/post"}],"author":[{"embeddable":true,"href":"https:\/\/www.aarquiteta.com.br\/blog\/wp-json\/wp\/v2\/users\/102"}],"replies":[{"embeddable":true,"href":"https:\/\/www.aarquiteta.com.br\/blog\/wp-json\/wp\/v2\/comments?post=148555"}],"version-history":[{"count":0,"href":"https:\/\/www.aarquiteta.com.br\/blog\/wp-json\/wp\/v2\/posts\/148555\/revisions"}],"wp:featuredmedia":[{"embeddable":true,"href":"https:\/\/www.aarquiteta.com.br\/blog\/wp-json\/wp\/v2\/media\/148552"}],"wp:attachment":[{"href":"https:\/\/www.aarquiteta.com.br\/blog\/wp-json\/wp\/v2\/media?parent=148555"}],"wp:term":[{"taxonomy":"category","embeddable":true,"href":"https:\/\/www.aarquiteta.com.br\/blog\/wp-json\/wp\/v2\/categories?post=148555"},{"taxonomy":"post_tag","embeddable":true,"href":"https:\/\/www.aarquiteta.com.br\/blog\/wp-json\/wp\/v2\/tags?post=148555"}],"curies":[{"name":"wp","href":"https:\/\/api.w.org\/{rel}","templated":true}]}}