{"id":148436,"date":"2025-04-01T12:23:52","date_gmt":"2025-04-01T15:23:52","guid":{"rendered":"https:\/\/www.aarquiteta.com.br\/blog\/plantas-nativas-na-decoracao\/"},"modified":"2025-04-01T12:23:52","modified_gmt":"2025-04-01T15:23:52","slug":"plantas-nativas-na-decoracao","status":"publish","type":"post","link":"https:\/\/www.aarquiteta.com.br\/blog\/plantas-nativas-na-decoracao\/","title":{"rendered":"Plantas nativas na decora\u00e7\u00e3o: beleza e sustentabilidade em harmonia"},"content":{"rendered":"<p><body><\/p>\n<p><b>Quer transformar sua casa e ainda ajudar o planeta?<\/b> As plantas nativas s\u00e3o a receita perfeita de beleza com consci\u00eancia ecol\u00f3gica.<\/p>\n<h3><b>Por que todo mundo fala em plantas brasileiras na decora\u00e7\u00e3o?<\/b><\/h3>\n<figure style=\"width: 1024px\" class=\"wp-caption aligncenter\"><img decoding=\"async\" src=\"https:\/\/www.aarquiteta.com.br\/blog\/wp-content\/uploads\/2025\/04\/plantas-nativas-na-decoracao04.jpg\" alt=\"Plantas nativas na decora\u00e7\u00e3o: beleza e sustentabilidade em harmonia\" width=\"1024\" height=\"1024\" title=\"\"><figcaption class=\"wp-caption-text\">Plantas nativas na decora\u00e7\u00e3o: beleza e sustentabilidade em harmonia<\/figcaption><\/figure>\n<p>Voc\u00ea j\u00e1 reparou como as casas com plantas brasileiras parecem mais vivas? <b>Essas esp\u00e9cies se integram com naturalidade e exigem quase zero manuten\u00e7\u00e3o<\/b>.<\/p>\n<h3><b>Mais que beleza: sustentabilidade dentro de casa \ud83c\udf0e<\/b><\/h3>\n<figure style=\"width: 1024px\" class=\"wp-caption aligncenter\"><img decoding=\"async\" src=\"https:\/\/www.aarquiteta.com.br\/blog\/wp-content\/uploads\/2025\/04\/plantas-nativas-na-decoracao03.jpg\" alt=\"Plantas nativas na decora\u00e7\u00e3o: beleza e sustentabilidade em harmonia\" width=\"1024\" height=\"1024\" title=\"\"><figcaption class=\"wp-caption-text\">Plantas nativas na decora\u00e7\u00e3o: beleza e sustentabilidade em harmonia<\/figcaption><\/figure>\n<p>Usar plantas nativas n\u00e3o \u00e9 s\u00f3 charme, \u00e9 atitude. <b>Elas consomem menos \u00e1gua, n\u00e3o precisam de agrot\u00f3xicos e atraem fauna local<\/b>. Isso sim \u00e9 decora\u00e7\u00e3o consciente!<\/p>\n<h3><b>Top 5 plantas nativas que viram protagonistas na decora\u00e7\u00e3o<\/b><\/h3>\n<figure style=\"width: 1024px\" class=\"wp-caption aligncenter\"><img decoding=\"async\" src=\"https:\/\/www.aarquiteta.com.br\/blog\/wp-content\/uploads\/2025\/04\/plantas-nativas-na-decoracao02.jpg\" alt=\"Plantas nativas na decora\u00e7\u00e3o: beleza e sustentabilidade em harmonia\" width=\"1024\" height=\"1024\" title=\"\"><figcaption class=\"wp-caption-text\">Plantas nativas na decora\u00e7\u00e3o: beleza e sustentabilidade em harmonia<\/figcaption><\/figure>\n<ul>\n<li><b>Jiboia<\/b>: cresce r\u00e1pido e vai bem em qualquer canto<\/li>\n<li><b>Costela-de-ad\u00e3o<\/b>: a planta queridinha do Instagram<\/li>\n<li><b>Cl\u00fasia<\/b>: resistente, com cara de planta chique<\/li>\n<li><b>Orqu\u00eddeas brasileiras<\/b>: beleza tropical garantida<\/li>\n<li><b>Samambaia<\/b>: puro charme com ares retr\u00f4<\/li>\n<\/ul>\n<h3><b>T\u00e1 achando dif\u00edcil? Eu tamb\u00e9m achava<\/b><\/h3>\n<figure style=\"width: 1024px\" class=\"wp-caption aligncenter\"><img decoding=\"async\" src=\"https:\/\/www.aarquiteta.com.br\/blog\/wp-content\/uploads\/2025\/04\/plantas-nativas-na-decoracao01.jpg\" alt=\"Plantas nativas na decora\u00e7\u00e3o: beleza e sustentabilidade em harmonia\" width=\"1024\" height=\"1024\" title=\"\"><figcaption class=\"wp-caption-text\">Plantas nativas na decora\u00e7\u00e3o: beleza e sustentabilidade em harmonia<\/figcaption><\/figure>\n<p>Quando comecei, parecia coisa de bi\u00f3logo. Mas descobri que <b>basta escolher esp\u00e9cies certas pro seu clima e ilumina\u00e7\u00e3o<\/b>. Sem drama!<\/p>\n<h3><b>Como combinar plantas nativas com sua decora\u00e7\u00e3o atual<\/b><\/h3>\n<p>Dica de ouro: <b>use vasos artesanais ou reaproveitados<\/b>. Eles criam um visual r\u00fastico-chique. E sustent\u00e1veis? Com certeza!<\/p>\n<table border=\"1\" cellpadding=\"8\" cellspacing=\"0\">\n<tr>\n<th><b>Planta Nativa<\/b><\/th>\n<th><b>Ideal para<\/b><\/th>\n<th><b>Cuidados<\/b><\/th>\n<\/tr>\n<tr>\n<td>Jiboia<\/td>\n<td>Ambientes internos<\/td>\n<td>Baixa luz e rega moderada<\/td>\n<\/tr>\n<tr>\n<td>Costela-de-ad\u00e3o<\/td>\n<td>Salas amplas<\/td>\n<td>Luz indireta e solo \u00famido<\/td>\n<\/tr>\n<tr>\n<td>Cl\u00fasia<\/td>\n<td>Varandas<\/td>\n<td>Aguenta sol direto<\/td>\n<\/tr>\n<\/table>\n<h3><b>E o impacto ambiental disso tudo?<\/b><\/h3>\n<h3>Assista agora a minha recomenda\u00e7\u00e3o de video abaixo sobre o tema que estamos tratando neste artigo: <\/h3>\n<p><div class=\"youtube-embed\" data-video_id=\"LuUg9Kcxvk8\"><iframe title=\"Descubra a Beleza do Paisagismo Sustent\u00e1vel em um Ambiente Tropical\" width=\"696\" height=\"392\" src=\"https:\/\/www.youtube.com\/embed\/LuUg9Kcxvk8?feature=oembed&#038;enablejsapi=1\" frameborder=\"0\" allow=\"accelerometer; autoplay; clipboard-write; encrypted-media; gyroscope; picture-in-picture; web-share\" referrerpolicy=\"strict-origin-when-cross-origin\" allowfullscreen><\/iframe><\/div>\n<\/p>\n<p>Ao usar esp\u00e9cies nativas, <b>voc\u00ea reduz a introdu\u00e7\u00e3o de plantas ex\u00f3ticas<\/b>, que \u00e0s vezes at\u00e9 causam desequil\u00edbrios ao meio ambiente.<\/p>\n<h3><b>T\u00e1 bombando: tend\u00eancia verde nas redes<\/b><\/h3>\n<p>N\u00e3o t\u00f4 falando s\u00f3 de Pinterest, n\u00e3o. <b>Arquitetos e influenciadores eco est\u00e3o apostando forte nessas plantas 100% brasileiras<\/b>.<\/p>\n<h3><b>Quer come\u00e7ar hoje? Aqui vai o empurr\u00e3ozinho \ud83c\udf31<\/b><\/h3>\n<p>Passe em uma feira org\u00e2nica ou floricultura local. <b>As plantas nativas est\u00e3o l\u00e1, te esperando, lindas e sustent\u00e1veis<\/b>. S\u00f3 levar pra casa!<\/p>\n<h3><b>Plantas brasileiras: mais cor e prop\u00f3sito na sua casa<\/b><\/h3>\n<p>Seja pelo visual, pela praticidade ou pelas causas ecol\u00f3gicas, <b>usar nossas plantas nativas \u00e9 unir beleza e prop\u00f3sito como ningu\u00e9m<\/b>.<\/p>\n<p><\/body><\/p>\n","protected":false},"excerpt":{"rendered":"<p>Aprenda a usar plantas brasileiras na sua casa e contribua para o meio ambiente.<\/p>\n","protected":false},"author":102,"featured_media":148433,"comment_status":"open","ping_status":"","sticky":false,"template":"","format":"standard","meta":{"footnotes":""},"categories":[9612,18792,18794],"tags":[],"class_list":["post-148436","post","type-post","status-publish","format-standard","has-post-thumbnail","category-jardinagem","category-decoracao-de-apartamento","category-projetos-de-decoracao-de-casas"],"_wp_attached_file":null,"_wp_attachment_metadata":null,"_wp_attachment_context":null,"_wp_attachment_is_custom_header":null,"geo_longitude":null,"geo_public":null,"geo_latitude":null,"_publicize_done_external":null,"_wpas_done_3897181":null,"publicize_twitter_user":null,"_wpas_done_3897175":null,"_wpas_skip_3897181":null,"_wpas_skip_3897175":null,"_wpas_skip_3924723":null,"_wpas_mess":null,"_wpas_done_3924723":null,"wps_subtitle":"","_links":{"self":[{"href":"https:\/\/www.aarquiteta.com.br\/blog\/wp-json\/wp\/v2\/posts\/148436","targetHints":{"allow":["GET"]}}],"collection":[{"href":"https:\/\/www.aarquiteta.com.br\/blog\/wp-json\/wp\/v2\/posts"}],"about":[{"href":"https:\/\/www.aarquiteta.com.br\/blog\/wp-json\/wp\/v2\/types\/post"}],"author":[{"embeddable":true,"href":"https:\/\/www.aarquiteta.com.br\/blog\/wp-json\/wp\/v2\/users\/102"}],"replies":[{"embeddable":true,"href":"https:\/\/www.aarquiteta.com.br\/blog\/wp-json\/wp\/v2\/comments?post=148436"}],"version-history":[{"count":0,"href":"https:\/\/www.aarquiteta.com.br\/blog\/wp-json\/wp\/v2\/posts\/148436\/revisions"}],"wp:featuredmedia":[{"embeddable":true,"href":"https:\/\/www.aarquiteta.com.br\/blog\/wp-json\/wp\/v2\/media\/148433"}],"wp:attachment":[{"href":"https:\/\/www.aarquiteta.com.br\/blog\/wp-json\/wp\/v2\/media?parent=148436"}],"wp:term":[{"taxonomy":"category","embeddable":true,"href":"https:\/\/www.aarquiteta.com.br\/blog\/wp-json\/wp\/v2\/categories?post=148436"},{"taxonomy":"post_tag","embeddable":true,"href":"https:\/\/www.aarquiteta.com.br\/blog\/wp-json\/wp\/v2\/tags?post=148436"}],"curies":[{"name":"wp","href":"https:\/\/api.w.org\/{rel}","templated":true}]}}