{"id":148326,"date":"2025-03-28T19:57:17","date_gmt":"2025-03-28T22:57:17","guid":{"rendered":"https:\/\/www.aarquiteta.com.br\/blog\/fachada-espelhada\/"},"modified":"2025-03-28T19:57:17","modified_gmt":"2025-03-28T22:57:17","slug":"fachada-espelhada","status":"publish","type":"post","link":"https:\/\/www.aarquiteta.com.br\/blog\/fachada-espelhada\/","title":{"rendered":"Descubra como os Vidros Espelhados Podem Modernizar Sua Fachada!"},"content":{"rendered":"<p>Os vidros espelhados s\u00e3o uma \u00f3tima escolha para transformar a fachada da sua casa, trazendo sofistica\u00e7\u00e3o e modernidade.<\/p>\n<h3>O que s\u00e3o os Vidros Espelhados?<\/h3>\n<figure style=\"width: 1024px\" class=\"wp-caption aligncenter\"><img decoding=\"async\" src=\"https:\/\/www.aarquiteta.com.br\/blog\/wp-content\/uploads\/2025\/03\/aplicacoes-de-fachadas-espelhadas-1024x563.jpg\" alt=\"Aplica\u00e7\u00f5es da fachada espelhada em projetos arquitet\u00f4nicos.\" title=\"\"><figcaption class=\"wp-caption-text\">Aplica\u00e7\u00f5es da fachada espelhada em projetos arquitet\u00f4nicos.<\/figcaption><\/figure>\n<p>Os <b>vidros espelhados<\/b> s\u00e3o pain\u00e9is de vidro com uma camada reflexiva. Isso faz com que eles reflitam o ambiente e criem um efeito visual incr\u00edvel. Essa t\u00e9cnica n\u00e3o \u00e9 s\u00f3 para beleza, mas tamb\u00e9m proporciona <b>privacidade<\/b> para quem est\u00e1 dentro da constru\u00e7\u00e3o.<\/p>\n<h3>Vantagens de Usar Vidros Espelhados<\/h3>\n<figure style=\"width: 1024px\" class=\"wp-caption aligncenter\"><img decoding=\"async\" src=\"https:\/\/www.aarquiteta.com.br\/blog\/wp-content\/uploads\/2025\/03\/fachada-espelhada01.jpg\" alt=\"Vidros para Fachada Espelhada: Estilo e Modernidade\" width=\"1024\" height=\"1024\" title=\"\"><figcaption class=\"wp-caption-text\">Vidros para Fachada Espelhada: Estilo e Modernidade<\/figcaption><\/figure>\n<p>Uma das maiores vantagens \u00e9 a <b>efici\u00eancia energ\u00e9tica<\/b>. Eles ajudam a manter a temperatura interna, reduzindo a necessidade de ar-condicionado. Isso, claro, se reflete em contas mais baixas!<\/p>\n<h3>Durabilidade e Manuten\u00e7\u00e3o<\/h3>\n<figure style=\"width: 1024px\" class=\"wp-caption aligncenter\"><img decoding=\"async\" src=\"https:\/\/www.aarquiteta.com.br\/blog\/wp-content\/uploads\/2025\/03\/comparacao-de-materiais-1200x660.jpg\" alt=\"Compara\u00e7\u00e3o de materiais utilizados nas fachadas.\" title=\"\"><figcaption class=\"wp-caption-text\">Compara\u00e7\u00e3o de materiais utilizados nas fachadas.<\/figcaption><\/figure>\n<p>Ao investir em fachadas de vidro espelhado, voc\u00ea tamb\u00e9m ganha <b>durabilidade<\/b>. Com cuidados simples, como limpeza regular, o vidro se mant\u00e9m bonito por anos. Assim, voc\u00ea pode desfrutar de uma est\u00e9tica elegante sem preocupa\u00e7\u00f5es!<\/p>\n<h3>Estilos e Acabamentos<\/h3>\n<figure style=\"width: 1024px\" class=\"wp-caption aligncenter\"><img decoding=\"async\" src=\"https:\/\/www.aarquiteta.com.br\/blog\/wp-content\/uploads\/2025\/03\/fachada-espelhada02.jpg\" alt=\"Vidros para Fachada Espelhada: Estilo e Modernidade\" width=\"1024\" height=\"1024\" title=\"\"><figcaption class=\"wp-caption-text\">Vidros para Fachada Espelhada: Estilo e Modernidade<\/figcaption><\/figure>\n<p>Os <b>estilos e acabamentos<\/b> dispon\u00edveis permitem uma personaliza\u00e7\u00e3o \u00fanica. Desde o minimalismo at\u00e9 o industrial, voc\u00ea pode criar a fachada dos sonhos! E o melhor: a superf\u00edcie lisa do vidro facilita a nossa vida na hora da limpeza.<\/p>\n<h3>Aplica\u00e7\u00f5es em Projetos Modernos<\/h3>\n<figure style=\"width: 1024px\" class=\"wp-caption aligncenter\"><img decoding=\"async\" src=\"https:\/\/www.aarquiteta.com.br\/blog\/wp-content\/uploads\/2025\/03\/importancia-da-fachada-espelhada-1024x563.jpg\" alt=\"Import\u00e2ncia da fachada espelhada na arquitetura moderna.\" title=\"\"><figcaption class=\"wp-caption-text\">Import\u00e2ncia da fachada espelhada na arquitetura moderna.<\/figcaption><\/figure>\n<p>Os vidros espelhados n\u00e3o se limitam a resid\u00eancias. Eles v\u00eam ganhando espa\u00e7o em <b>hot\u00e9is e escrit\u00f3rios<\/b>, criando ambientes sofisticados. Al\u00e9m de estiloso, \u00e9 uma escolha inteligente!<\/p>\n<h3>Aspectos Sustent\u00e1veis<\/h3>\n<figure style=\"width: 1024px\" class=\"wp-caption aligncenter\"><img decoding=\"async\" src=\"https:\/\/www.aarquiteta.com.br\/blog\/wp-content\/uploads\/2025\/03\/fachada-espelhada03.jpg\" alt=\"Vidros para Fachada Espelhada: Estilo e Modernidade\" width=\"1024\" height=\"1024\" title=\"\"><figcaption class=\"wp-caption-text\">Vidros para Fachada Espelhada: Estilo e Modernidade<\/figcaption><\/figure>\n<p>Uma das principais quest\u00f5es hoje em dia \u00e9 a <b>sustentabilidade<\/b>. Usar vidro espelhado contribui para constru\u00e7\u00f5es mais verdes, j\u00e1 que o material \u00e9 recicl\u00e1vel e ajuda a reduzir o consumo de energia.<\/p>\n<h3>Tabela Resumo<\/h3>\n<figure style=\"width: 1024px\" class=\"wp-caption aligncenter\"><img decoding=\"async\" src=\"https:\/\/www.aarquiteta.com.br\/blog\/wp-content\/uploads\/2025\/03\/materiais-para-fachadas-de-vidro-1024x563.jpg\" alt=\"Materiais para fachadas de vidro e suas caracter\u00edsticas.\" title=\"\"><figcaption class=\"wp-caption-text\">Materiais para fachadas de vidro e suas caracter\u00edsticas.<\/figcaption><\/figure>\n<table>\n<tr>\n<th><b>Aspecto<\/b><\/th>\n<th><b>Detalhes<\/b><\/th>\n<\/tr>\n<tr>\n<td><b>O que s\u00e3o<\/b><\/td>\n<td>Pain\u00e9is com camada reflexiva que proporcionam privacidade e est\u00e9tica.<\/td>\n<\/tr>\n<tr>\n<td><b>Vantagem<\/b><\/td>\n<td>Efici\u00eancia energ\u00e9tica e redu\u00e7\u00e3o dos custos com ar-condicionado.<\/td>\n<\/tr>\n<tr>\n<td><b>Durabilidade<\/b><\/td>\n<td>Manuten\u00e7\u00e3o simples garante longevidade.<\/td>\n<\/tr>\n<tr>\n<td><b>Estilos<\/b><\/td>\n<td>Diversas op\u00e7\u00f5es que se adaptam a diferentes gostos.<\/td>\n<\/tr>\n<tr>\n<td><b>Aplica\u00e7\u00f5es<\/b><\/td>\n<td>Usados em resid\u00eancias, hot\u00e9is, e escrit\u00f3rios.<\/td>\n<\/tr>\n<tr>\n<td><b>Sustentabilidade<\/b><\/td>\n<td>Material 100% recicl\u00e1vel, reduz consumo de energia.<\/td>\n<\/tr>\n<\/table>\n<h3>Inspira\u00e7\u00f5es para a Sua Fachada<\/h3>\n<figure style=\"width: 1024px\" class=\"wp-caption aligncenter\"><img decoding=\"async\" src=\"https:\/\/www.aarquiteta.com.br\/blog\/wp-content\/uploads\/2025\/03\/fachada-espelhada4.jpg\" alt=\"Vidros para Fachada Espelhada: Estilo e Modernidade\" width=\"1024\" height=\"1024\" title=\"\"><figcaption class=\"wp-caption-text\">Vidros para Fachada Espelhada: Estilo e Modernidade<\/figcaption><\/figure>\n<p>Um toque de <b>modernidade e sofistica\u00e7\u00e3o<\/b> pode transformar completamente a apar\u00eancia da sua casa. Com vidros espelhados, sua fachada n\u00e3o apenas se destaca, mas tamb\u00e9m reflete um estilo de vida contempor\u00e2neo. Que tal encarar essa mudan\u00e7a com estilo?<\/p>\n<p>Se voc\u00ea est\u00e1 pensando em <b>modernizar sua fachada<\/b>, considere os vidros espelhados. Eles trazem um visual diferenciado e ainda ajudam a economizar! Vamos juntos nessa jornada em dire\u00e7\u00e3o ao futurismo na arquitetura?<\/p>\n<figure style=\"width: 1024px\" class=\"wp-caption aligncenter\"><img decoding=\"async\" src=\"https:\/\/www.aarquiteta.com.br\/blog\/wp-content\/uploads\/2025\/03\/tipos-de-vidro-espelhado-1024x563.jpg\" alt=\"Tipos de vidro espelhado e suas vantagens.\" title=\"\"><figcaption class=\"wp-caption-text\">Tipos de vidro espelhado e suas vantagens.<\/figcaption><\/figure>\n<h3>Para se aprofundar mais sobre o tema, veja a minha recomenda\u00e7\u00e3o sobre o tema deste artigo no v\u00eddeo a seguir abaixo:<\/h3>\n<p><iframe title=\"YouTube video player\" src=\"https:\/\/www.youtube.com\/embed\/yXT5iGkYdFc\" width=\"560\" height=\"315\" frameborder=\"0\" allowfullscreen=\"allowfullscreen\"><\/iframe><\/p>\n<figure style=\"width: 1024px\" class=\"wp-caption aligncenter\"><img decoding=\"async\" src=\"https:\/\/www.aarquiteta.com.br\/blog\/wp-content\/uploads\/2025\/03\/estilos-de-fachadas-espelhadas-1024x563.jpg\" alt=\"Estilos de fachadas espelhadas e suas aplica\u00e7\u00f5es.\" title=\"\"><figcaption class=\"wp-caption-text\">Estilos de fachadas espelhadas e suas aplica\u00e7\u00f5es.<\/figcaption><\/figure>\n","protected":false},"excerpt":{"rendered":"<p>Saiba como os vidros espelhados podem modernizar a fachada da sua casa com eleg\u00e2ncia.<\/p>\n","protected":false},"author":102,"featured_media":148318,"comment_status":"open","ping_status":"","sticky":false,"template":"","format":"standard","meta":{"footnotes":""},"categories":[1484],"tags":[],"class_list":["post-148326","post","type-post","status-publish","format-standard","has-post-thumbnail","category-decoracao"],"_wp_attached_file":null,"_wp_attachment_metadata":null,"_wp_attachment_context":null,"_wp_attachment_is_custom_header":null,"geo_longitude":null,"geo_public":null,"geo_latitude":null,"_publicize_done_external":null,"_wpas_done_3897181":null,"publicize_twitter_user":null,"_wpas_done_3897175":null,"_wpas_skip_3897181":null,"_wpas_skip_3897175":null,"_wpas_skip_3924723":null,"_wpas_mess":null,"_wpas_done_3924723":null,"wps_subtitle":"","_links":{"self":[{"href":"https:\/\/www.aarquiteta.com.br\/blog\/wp-json\/wp\/v2\/posts\/148326","targetHints":{"allow":["GET"]}}],"collection":[{"href":"https:\/\/www.aarquiteta.com.br\/blog\/wp-json\/wp\/v2\/posts"}],"about":[{"href":"https:\/\/www.aarquiteta.com.br\/blog\/wp-json\/wp\/v2\/types\/post"}],"author":[{"embeddable":true,"href":"https:\/\/www.aarquiteta.com.br\/blog\/wp-json\/wp\/v2\/users\/102"}],"replies":[{"embeddable":true,"href":"https:\/\/www.aarquiteta.com.br\/blog\/wp-json\/wp\/v2\/comments?post=148326"}],"version-history":[{"count":0,"href":"https:\/\/www.aarquiteta.com.br\/blog\/wp-json\/wp\/v2\/posts\/148326\/revisions"}],"wp:featuredmedia":[{"embeddable":true,"href":"https:\/\/www.aarquiteta.com.br\/blog\/wp-json\/wp\/v2\/media\/148318"}],"wp:attachment":[{"href":"https:\/\/www.aarquiteta.com.br\/blog\/wp-json\/wp\/v2\/media?parent=148326"}],"wp:term":[{"taxonomy":"category","embeddable":true,"href":"https:\/\/www.aarquiteta.com.br\/blog\/wp-json\/wp\/v2\/categories?post=148326"},{"taxonomy":"post_tag","embeddable":true,"href":"https:\/\/www.aarquiteta.com.br\/blog\/wp-json\/wp\/v2\/tags?post=148326"}],"curies":[{"name":"wp","href":"https:\/\/api.w.org\/{rel}","templated":true}]}}