{"id":148297,"date":"2025-03-28T13:03:56","date_gmt":"2025-03-28T16:03:56","guid":{"rendered":"https:\/\/www.aarquiteta.com.br\/blog\/plantas-corredor-sol-resistentes\/"},"modified":"2025-03-28T13:03:56","modified_gmt":"2025-03-28T16:03:56","slug":"plantas-corredor-sol-resistentes","status":"publish","type":"post","link":"https:\/\/www.aarquiteta.com.br\/blog\/plantas-corredor-sol-resistentes\/","title":{"rendered":"5 plantas resistentes ao sol para decorar corredores externos e \u00e1reas abertas"},"content":{"rendered":"<p><body><\/p>\n<p>Tem um corredor externo ou \u00e1rea aberta que parece cen\u00e1rio de filme p\u00f3s-apocalipse? \ud83d\ude05 Calma, tenho a solu\u00e7\u00e3o!<\/p>\n<h3><b>Plantas para sol forte: beleza que n\u00e3o derrete<\/b><\/h3>\n<figure style=\"width: 1024px\" class=\"wp-caption aligncenter\"><img decoding=\"async\" src=\"https:\/\/www.aarquiteta.com.br\/blog\/wp-content\/uploads\/2025\/03\/plantas-corredor-sol-resistentes04.jpg\" alt=\"5 plantas resistentes ao sol para decorar corredores externos e \u00e1reas abertas\" width=\"1024\" height=\"1024\" title=\"\"><figcaption class=\"wp-caption-text\">5 plantas resistentes ao sol para decorar corredores externos e \u00e1reas abertas<\/figcaption><\/figure>\n<p>Se voc\u00ea, assim como eu, j\u00e1 matou uma samambaia por excesso de sol, <b>t\u00e1 na hora de conhecer plantas que amam calor<\/b>.<\/p>\n<p>Essas esp\u00e9cies n\u00e3o s\u00f3 resistem ao sol escaldante como decoram muito bem \u00e1reas abertas e <b>exigem pouca manuten\u00e7\u00e3o<\/b>.<\/p>\n<h3><b>1. Espada-de-S\u00e3o-Jorge: blindagem natural e poderosa<\/b><\/h3>\n<figure style=\"width: 1024px\" class=\"wp-caption aligncenter\"><img decoding=\"async\" src=\"https:\/\/www.aarquiteta.com.br\/blog\/wp-content\/uploads\/2025\/03\/plantas-corredor-sol-resistentes03.jpg\" alt=\"5 plantas resistentes ao sol para decorar corredores externos e \u00e1reas abertas\" width=\"1024\" height=\"1024\" title=\"\"><figcaption class=\"wp-caption-text\">5 plantas resistentes ao sol para decorar corredores externos e \u00e1reas abertas<\/figcaption><\/figure>\n<p>Al\u00e9m do visual estiloso, essa planta \u00e9 conhecida por <b>trazer prote\u00e7\u00e3o energ\u00e9tica<\/b>. Pode deixar no sol o dia inteiro!<\/p>\n<p>N\u00e3o precisa regar sempre, e resiste a quase tudo \u2014 <b>at\u00e9 a voc\u00ea esquecendo de cuidar<\/b>.<\/p>\n<h3><b>2. Suculentas: miniaturas resistentes e charmosas<\/b><\/h3>\n<figure style=\"width: 1024px\" class=\"wp-caption aligncenter\"><img decoding=\"async\" src=\"https:\/\/www.aarquiteta.com.br\/blog\/wp-content\/uploads\/2025\/03\/plantas-corredor-sol-resistentes02.jpg\" alt=\"5 plantas resistentes ao sol para decorar corredores externos e \u00e1reas abertas\" width=\"1024\" height=\"1024\" title=\"\"><figcaption class=\"wp-caption-text\">5 plantas resistentes ao sol para decorar corredores externos e \u00e1reas abertas<\/figcaption><\/figure>\n<p>As suculentas viraram queridinhas por um motivo: <b>s\u00e3o lindas, resistentes e cabem em qualquer canto<\/b>.<\/p>\n<p>Se quiser um toque moderno no corredor, <b>mistura v\u00e1rios tipos em vasos criativos<\/b>. O Pinterest que lute!<\/p>\n<h3><b>3. Hibisco: cor e vida nesse asfalto quente<\/b><\/h3>\n<figure style=\"width: 1024px\" class=\"wp-caption aligncenter\"><img decoding=\"async\" src=\"https:\/\/www.aarquiteta.com.br\/blog\/wp-content\/uploads\/2025\/03\/plantas-corredor-sol-resistentes01.jpg\" alt=\"5 plantas resistentes ao sol para decorar corredores externos e \u00e1reas abertas\" width=\"1024\" height=\"1024\" title=\"\"><figcaption class=\"wp-caption-text\">5 plantas resistentes ao sol para decorar corredores externos e \u00e1reas abertas<\/figcaption><\/figure>\n<p>Quer cor e tropicalismo? Vai de hibisco! Essas flores <b>amam sol pleno e deixam qualquer espa\u00e7o com cara de resort<\/b>.<\/p>\n<p>Regar uma vez por dia j\u00e1 resolve. E o melhor? <b>Floresce na maior parte do ano<\/b>.<\/p>\n<h3><b>Comparativo r\u00e1pido de resist\u00eancia e cuidados \ud83c\udf3f<\/b><\/h3>\n<table border=\"1\" cellpadding=\"6\" cellspacing=\"0\">\n<tr>\n<th><b>Planta<\/b><\/th>\n<th><b>Sol Pleno<\/b><\/th>\n<th><b>Frequ\u00eancia de Rega<\/b><\/th>\n<th><b>N\u00edvel de Manuten\u00e7\u00e3o<\/b><\/th>\n<\/tr>\n<tr>\n<td>Espada-de-S\u00e3o-Jorge<\/td>\n<td>\u2b50\u2b50\u2b50\u2b50\u2b50<\/td>\n<td>1x por semana<\/td>\n<td>Baixo<\/td>\n<\/tr>\n<tr>\n<td>Suculentas<\/td>\n<td>\u2b50\u2b50\u2b50\u2b50<\/td>\n<td>1x por semana<\/td>\n<td>Baixo<\/td>\n<\/tr>\n<tr>\n<td>Hibisco<\/td>\n<td>\u2b50\u2b50\u2b50\u2b50\u2b50<\/td>\n<td>Di\u00e1ria<\/td>\n<td>M\u00e9dio<\/td>\n<\/tr>\n<\/table>\n<h3><b>4. Onze-horas: flores que n\u00e3o t\u00eam pregui\u00e7a<\/b><\/h3>\n<h3>Assista agora a minha recomenda\u00e7\u00e3o de video abaixo sobre o tema que estamos tratando neste artigo: <\/h3>\n<p><div class=\"youtube-embed\" data-video_id=\"PW-W1nxc4YU\"><iframe title=\"4 Plantas incr\u00edveis para canto de muro  \ud83d\ude0d\" width=\"696\" height=\"392\" src=\"https:\/\/www.youtube.com\/embed\/PW-W1nxc4YU?feature=oembed&#038;enablejsapi=1\" frameborder=\"0\" allow=\"accelerometer; autoplay; clipboard-write; encrypted-media; gyroscope; picture-in-picture; web-share\" referrerpolicy=\"strict-origin-when-cross-origin\" allowfullscreen><\/iframe><\/div>\n<\/p>\n<p>Essa planta com nome engra\u00e7ado floresce&#8230; adivinha? \u00c0s 11 horas! \ud83c\udf38 E sim, <b>adora um sol\u00e3o daqueles<\/b>.<\/p>\n<p>Ideal pra forrar jardineiras em corredores ou escadas externas. <b>Explode em cores e quase n\u00e3o d\u00e1 trabalho<\/b>.<\/p>\n<h3><b>5. Agave: a escultura viva da sua \u00e1rea<\/b><\/h3>\n<p>Quer um visual mais arquitet\u00f4nico? Vai de agave! Essa planta <b>parece sa\u00edda de revista de design<\/b>.<\/p>\n<p>Al\u00e9m de ser resistente, <b>quase n\u00e3o precisa de \u00e1gua<\/b>. S\u00f3 cuidado pra n\u00e3o esbarrar nos espinhos \u2014 ela tem atitude.<\/p>\n<h3><b>Dica b\u00f4nus: combina\u00e7\u00e3o estrat\u00e9gica vale ouro<\/b><\/h3>\n<p>Voc\u00ea pode mesclar alturas, cores e texturas entre essas plantas e criar <b>um mini jardim digno de feed no Instagram<\/b>.<\/p>\n<p>Use vasos grandes ou jardineiras estreitas pra aproveitar o espa\u00e7o do corredor com intelig\u00eancia visual.<\/p>\n<h3><b>Leve sol, ganhe beleza e economize tempo<\/b><\/h3>\n<p>Manter corredores externos floridos e vivos \u00e9 mais f\u00e1cil do que parece. <b>Basta escolher as plantas certas<\/b>.<\/p>\n<p>De suculentas at\u00e9 hibiscos tropicais, op\u00e7\u00f5es n\u00e3o faltam. E o melhor: todas s\u00e3o pra quem tem <b>rotina corrida<\/b>.<\/p>\n<p><\/body><\/p>\n","protected":false},"excerpt":{"rendered":"<p>Conhe\u00e7a plantas ideais para ambientes externos que trazem beleza e s\u00e3o f\u00e1ceis de cuidar.<\/p>\n","protected":false},"author":102,"featured_media":148294,"comment_status":"open","ping_status":"","sticky":false,"template":"","format":"standard","meta":{"footnotes":""},"categories":[9612,18792,18794],"tags":[],"class_list":["post-148297","post","type-post","status-publish","format-standard","has-post-thumbnail","category-jardinagem","category-decoracao-de-apartamento","category-projetos-de-decoracao-de-casas"],"_wp_attached_file":null,"_wp_attachment_metadata":null,"_wp_attachment_context":null,"_wp_attachment_is_custom_header":null,"geo_longitude":null,"geo_public":null,"geo_latitude":null,"_publicize_done_external":null,"_wpas_done_3897181":null,"publicize_twitter_user":null,"_wpas_done_3897175":null,"_wpas_skip_3897181":null,"_wpas_skip_3897175":null,"_wpas_skip_3924723":null,"_wpas_mess":null,"_wpas_done_3924723":null,"wps_subtitle":"","_links":{"self":[{"href":"https:\/\/www.aarquiteta.com.br\/blog\/wp-json\/wp\/v2\/posts\/148297","targetHints":{"allow":["GET"]}}],"collection":[{"href":"https:\/\/www.aarquiteta.com.br\/blog\/wp-json\/wp\/v2\/posts"}],"about":[{"href":"https:\/\/www.aarquiteta.com.br\/blog\/wp-json\/wp\/v2\/types\/post"}],"author":[{"embeddable":true,"href":"https:\/\/www.aarquiteta.com.br\/blog\/wp-json\/wp\/v2\/users\/102"}],"replies":[{"embeddable":true,"href":"https:\/\/www.aarquiteta.com.br\/blog\/wp-json\/wp\/v2\/comments?post=148297"}],"version-history":[{"count":0,"href":"https:\/\/www.aarquiteta.com.br\/blog\/wp-json\/wp\/v2\/posts\/148297\/revisions"}],"wp:featuredmedia":[{"embeddable":true,"href":"https:\/\/www.aarquiteta.com.br\/blog\/wp-json\/wp\/v2\/media\/148294"}],"wp:attachment":[{"href":"https:\/\/www.aarquiteta.com.br\/blog\/wp-json\/wp\/v2\/media?parent=148297"}],"wp:term":[{"taxonomy":"category","embeddable":true,"href":"https:\/\/www.aarquiteta.com.br\/blog\/wp-json\/wp\/v2\/categories?post=148297"},{"taxonomy":"post_tag","embeddable":true,"href":"https:\/\/www.aarquiteta.com.br\/blog\/wp-json\/wp\/v2\/tags?post=148297"}],"curies":[{"name":"wp","href":"https:\/\/api.w.org\/{rel}","templated":true}]}}