{"id":148189,"date":"2025-03-25T18:44:13","date_gmt":"2025-03-25T21:44:13","guid":{"rendered":"https:\/\/www.aarquiteta.com.br\/blog\/fachadas-modernas\/"},"modified":"2025-03-25T18:44:13","modified_gmt":"2025-03-25T21:44:13","slug":"fachadas-modernas","status":"publish","type":"post","link":"https:\/\/www.aarquiteta.com.br\/blog\/fachadas-modernas\/","title":{"rendered":"Descubra as Tend\u00eancias Modernas que Transformam Fachadas em Obras de Arte!"},"content":{"rendered":"<p>As fachadas modernas est\u00e3o se transformando em verdadeiras obras de arte, unindo beleza e funcionalidade de maneira \u00fanica!<\/p>\n<h3>In\u00edcio da Transforma\u00e7\u00e3o das Fachadas<\/h3>\n<figure style=\"width: 1024px\" class=\"wp-caption aligncenter\"><img decoding=\"async\" src=\"https:\/\/www.aarquiteta.com.br\/blog\/wp-content\/uploads\/2025\/03\/estilos-de-fachada-moderna-1024x563.jpg\" alt=\"Inspira\u00e7\u00e3o em Fachadas de Pr\u00e9dio Modernas e Elegantes\" title=\"\"><figcaption class=\"wp-caption-text\">Inspira\u00e7\u00e3o em Fachadas de Pr\u00e9dio Modernas e Elegantes<\/figcaption><\/figure>\n<p>Voc\u00ea j\u00e1 pensou <b>como os detalhes na fachada<\/b> de um pr\u00e9dio podem mudar toda a sua apar\u00eancia? A tend\u00eancia \u00e9 transformar edif\u00edcios em..<\/p>\n<p>verdadeiras obras de arte! Fachadas modernas n\u00e3o s\u00e3o apenas sobre est\u00e9tica; elas refletem a personalidade do espa\u00e7o. Vou compartilhar algumas <b>tend\u00eancias incr\u00edveis<\/b> que est\u00e3o revolucionando esse universo!<\/p>\n<h3>Tend\u00eancias em Fachadas Modernas<\/h3>\n<figure style=\"width: 1024px\" class=\"wp-caption aligncenter\"><img decoding=\"async\" src=\"https:\/\/www.aarquiteta.com.br\/blog\/wp-content\/uploads\/2025\/03\/fachadas-modernas01.jpg\" alt=\"Fachadas Modernas e Elegantes: Inspire-se com Tend\u00eancias Atuais\" width=\"1024\" height=\"1024\" title=\"\"><figcaption class=\"wp-caption-text\">Fachadas Modernas e Elegantes: Inspire-se com Tend\u00eancias Atuais<\/figcaption><\/figure>\n<p>Uma das grandes tend\u00eancias \u00e9 a <b>integra\u00e7\u00e3o<\/b> de materiais como vidro e madeira. Essas combina\u00e7\u00f5es n\u00e3o apenas embelezam, mas tamb\u00e9m tornam o ambiente mais sustent\u00e1vel.<\/p>\n<p>O uso de <b>jardins verticais<\/b> e elementos naturais \u00e9 fundamental para conectar a arquitetura com a natureza, criando um ambiente mais harmonioso e convidativo.<\/p>\n<table>\n<tr>\n<th>Tend\u00eancia<\/th>\n<th>Benef\u00edcio<\/th>\n<\/tr>\n<tr>\n<td>Vidro<\/td>\n<td>Aumenta a ilumina\u00e7\u00e3o natural e a percep\u00e7\u00e3o de espa\u00e7o.<\/td>\n<\/tr>\n<tr>\n<td>Materiais Sustent\u00e1veis<\/td>\n<td>Reduzem o impacto ambiental e aumentam a efici\u00eancia energ\u00e9tica.<\/td>\n<\/tr>\n<tr>\n<td>Jardins Verticais<\/td>\n<td>Melhoram a qualidade do ar e trazem frescor ao ambiente.<\/td>\n<\/tr>\n<\/table>\n<h3>Ilumina\u00e7\u00e3o Estrat\u00e9gica<\/h3>\n<figure style=\"width: 1024px\" class=\"wp-caption aligncenter\"><img decoding=\"async\" src=\"https:\/\/www.aarquiteta.com.br\/blog\/wp-content\/uploads\/2025\/03\/fachadas-de-predio-residencial-1200x660.jpg\" alt=\"fachadas de pr\u00e9dio residencial\" title=\"\"><figcaption class=\"wp-caption-text\">fachadas de pr\u00e9dio residencial<\/figcaption><\/figure>\n<p>Nada como uma <b>ilumina\u00e7\u00e3o bem planejada<\/b> para destacar a fachada \u00e0 noite, certo? Usar LEDs n\u00e3o s\u00f3 embeleza como garante seguran\u00e7a.<\/p>\n<p>E aqui vai uma dica: uma fachada <b>iluminada<\/b> \u00e9 como uma boa maquiagem; real\u00e7a o que h\u00e1 de melhor!<\/p>\n<h3>O Toque do Minimalismo<\/h3>\n<figure style=\"width: 1024px\" class=\"wp-caption aligncenter\"><img decoding=\"async\" src=\"https:\/\/www.aarquiteta.com.br\/blog\/wp-content\/uploads\/2025\/03\/fachadas-modernas02.jpg\" alt=\"Fachadas Modernas e Elegantes: Inspire-se com Tend\u00eancias Atuais\" width=\"1024\" height=\"1024\" title=\"\"><figcaption class=\"wp-caption-text\">Fachadas Modernas e Elegantes: Inspire-se com Tend\u00eancias Atuais<\/figcaption><\/figure>\n<p>O design minimalista \u00e9 extremamente popular. Fachadas com <b>linhas retas<\/b> e poucos elementos trazem uma eleg\u00e2ncia sutil. Menos \u00e9 mais, lembra?<\/p>\n<p>Quando a simplicidade se une \u00e0 criatividade, o resultado \u00e9 espetacular!<\/p>\n<h3>Materiais Sustent\u00e1veis: O Futuro!<\/h3>\n<figure style=\"width: 1024px\" class=\"wp-caption aligncenter\"><img decoding=\"async\" src=\"https:\/\/www.aarquiteta.com.br\/blog\/wp-content\/uploads\/2025\/03\/fachadas-de-predios-elegantes-1024x563.jpg\" alt=\"Inspira\u00e7\u00e3o em Fachadas de Pr\u00e9dio Modernas e Elegantes\" title=\"\"><figcaption class=\"wp-caption-text\">Inspira\u00e7\u00e3o em Fachadas de Pr\u00e9dio Modernas e Elegantes<\/figcaption><\/figure>\n<p>Essa \u00e9 a hora de falar sobre materiais sustent\u00e1veis. <b>Madeira reciclada, cer\u00e2mica<\/b> e vidro temperado s\u00e3o s\u00f3 alguns exemplos que est\u00e3o em alta.<\/p>\n<p>Esses materiais n\u00e3o apenas embelezam, mas tamb\u00e9m <b>reduzem o impacto ambiental<\/b>. Um verdadeiro win-win, n\u00e9?<\/p>\n<h3>Fachadas Inspiradas em Hist\u00f3rias<\/h3>\n<figure style=\"width: 1024px\" class=\"wp-caption aligncenter\"><img decoding=\"async\" src=\"https:\/\/www.aarquiteta.com.br\/blog\/wp-content\/uploads\/2025\/03\/fachadas-modernas03.jpg\" alt=\"Fachadas Modernas e Elegantes: Inspire-se com Tend\u00eancias Atuais\" width=\"1024\" height=\"1024\" title=\"\"><figcaption class=\"wp-caption-text\">Fachadas Modernas e Elegantes: Inspire-se com Tend\u00eancias Atuais<\/figcaption><\/figure>\n<p>O que acha de criar uma fachada que conte uma <b>hist\u00f3ria<\/b>? Incorporar refer\u00eancias locais torna o espa\u00e7o ainda mais interessante. Cada pr\u00e9dio pode ter sua pr\u00f3pria identidade!<\/p>\n<p>E assim, a fachada deixa de ser apenas uma parte do edif\u00edcio e se torna uma <b>extens\u00e3o da cultura local<\/b>.<\/p>\n<p>Vamos juntos transformar fachadas em verdadeiras obras de arte, combinado? Aposto que com essas dicas voc\u00ea ver\u00e1 sua constru\u00e7\u00e3o com outros olhos!<\/p>\n<figure style=\"width: 1024px\" class=\"wp-caption aligncenter\"><img decoding=\"async\" src=\"https:\/\/www.aarquiteta.com.br\/blog\/wp-content\/uploads\/2025\/03\/fachadas-modernas-1024x563.jpg\" alt=\"Inspira\u00e7\u00e3o em Fachadas de Pr\u00e9dio Modernas e Elegantes\" title=\"\"><figcaption class=\"wp-caption-text\">Inspira\u00e7\u00e3o em Fachadas de Pr\u00e9dio Modernas e Elegantes<\/figcaption><\/figure>\n<figure style=\"width: 1024px\" class=\"wp-caption aligncenter\"><img decoding=\"async\" src=\"https:\/\/www.aarquiteta.com.br\/blog\/wp-content\/uploads\/2025\/03\/fachadas-modernas4.jpg\" alt=\"Fachadas Modernas e Elegantes: Inspire-se com Tend\u00eancias Atuais\" width=\"1024\" height=\"1024\" title=\"\"><figcaption class=\"wp-caption-text\">Fachadas Modernas e Elegantes: Inspire-se com Tend\u00eancias Atuais<\/figcaption><\/figure>\n<figure style=\"width: 1024px\" class=\"wp-caption aligncenter\"><img decoding=\"async\" src=\"https:\/\/www.aarquiteta.com.br\/blog\/wp-content\/uploads\/2025\/03\/fachadas-de-predio-empresarial-1024x563.jpg\" alt=\"Inspira\u00e7\u00e3o em Fachadas de Pr\u00e9dio Modernas e Elegantes\" title=\"\"><figcaption class=\"wp-caption-text\">Inspira\u00e7\u00e3o em Fachadas de Pr\u00e9dio Modernas e Elegantes<\/figcaption><\/figure>\n<h3>Para se aprofundar mais sobre o tema, veja a minha recomenda\u00e7\u00e3o sobre o tema deste artigo no v\u00eddeo a seguir abaixo:<\/h3>\n<p><iframe title=\"YouTube video player\" src=\"https:\/\/www.youtube.com\/embed\/rCz74rfQ930\" width=\"560\" height=\"315\" frameborder=\"0\" allowfullscreen=\"allowfullscreen\"><\/iframe><\/p>\n<figure style=\"width: 1024px\" class=\"wp-caption aligncenter\"><img decoding=\"async\" src=\"https:\/\/www.aarquiteta.com.br\/blog\/wp-content\/uploads\/2025\/03\/paisagismo-em-fachadas-de-predio-1024x563.jpg\" alt=\"Inspira\u00e7\u00e3o em Fachadas de Pr\u00e9dio Modernas e Elegantes\" title=\"\"><figcaption class=\"wp-caption-text\">Inspira\u00e7\u00e3o em Fachadas de Pr\u00e9dio Modernas e Elegantes<\/figcaption><\/figure>\n","protected":false},"excerpt":{"rendered":"<p>Inspire-se com fachadas modernas e elegantes para transformar o visual do seu pr\u00e9dio com inova\u00e7\u00e3o.<\/p>\n","protected":false},"author":102,"featured_media":148181,"comment_status":"open","ping_status":"","sticky":false,"template":"","format":"standard","meta":{"footnotes":""},"categories":[1484],"tags":[],"class_list":["post-148189","post","type-post","status-publish","format-standard","has-post-thumbnail","category-decoracao"],"_wp_attached_file":null,"_wp_attachment_metadata":null,"_wp_attachment_context":null,"_wp_attachment_is_custom_header":null,"geo_longitude":null,"geo_public":null,"geo_latitude":null,"_publicize_done_external":null,"_wpas_done_3897181":null,"publicize_twitter_user":null,"_wpas_done_3897175":null,"_wpas_skip_3897181":null,"_wpas_skip_3897175":null,"_wpas_skip_3924723":null,"_wpas_mess":null,"_wpas_done_3924723":null,"wps_subtitle":"","_links":{"self":[{"href":"https:\/\/www.aarquiteta.com.br\/blog\/wp-json\/wp\/v2\/posts\/148189","targetHints":{"allow":["GET"]}}],"collection":[{"href":"https:\/\/www.aarquiteta.com.br\/blog\/wp-json\/wp\/v2\/posts"}],"about":[{"href":"https:\/\/www.aarquiteta.com.br\/blog\/wp-json\/wp\/v2\/types\/post"}],"author":[{"embeddable":true,"href":"https:\/\/www.aarquiteta.com.br\/blog\/wp-json\/wp\/v2\/users\/102"}],"replies":[{"embeddable":true,"href":"https:\/\/www.aarquiteta.com.br\/blog\/wp-json\/wp\/v2\/comments?post=148189"}],"version-history":[{"count":0,"href":"https:\/\/www.aarquiteta.com.br\/blog\/wp-json\/wp\/v2\/posts\/148189\/revisions"}],"wp:featuredmedia":[{"embeddable":true,"href":"https:\/\/www.aarquiteta.com.br\/blog\/wp-json\/wp\/v2\/media\/148181"}],"wp:attachment":[{"href":"https:\/\/www.aarquiteta.com.br\/blog\/wp-json\/wp\/v2\/media?parent=148189"}],"wp:term":[{"taxonomy":"category","embeddable":true,"href":"https:\/\/www.aarquiteta.com.br\/blog\/wp-json\/wp\/v2\/categories?post=148189"},{"taxonomy":"post_tag","embeddable":true,"href":"https:\/\/www.aarquiteta.com.br\/blog\/wp-json\/wp\/v2\/tags?post=148189"}],"curies":[{"name":"wp","href":"https:\/\/api.w.org\/{rel}","templated":true}]}}