{"id":148165,"date":"2025-03-25T18:12:14","date_gmt":"2025-03-25T21:12:14","guid":{"rendered":"https:\/\/www.aarquiteta.com.br\/blog\/frente-bonita-elegante\/"},"modified":"2025-03-25T18:12:14","modified_gmt":"2025-03-25T21:12:14","slug":"frente-bonita-elegante","status":"publish","type":"post","link":"https:\/\/www.aarquiteta.com.br\/blog\/frente-bonita-elegante\/","title":{"rendered":"Descubra Como Transformar a Frente da Sua Casa em um Espet\u00e1culo de Eleg\u00e2ncia!"},"content":{"rendered":"<p><body><\/p>\n<p>Transformar a frente da sua casa em um espet\u00e1culo de eleg\u00e2ncia \u00e9 mais f\u00e1cil do que voc\u00ea imagina!<\/p>\n<h3>A Import\u00e2ncia de uma Frente Bonita<\/h3>\n<figure style=\"width: 1024px\" class=\"wp-caption aligncenter\"><img decoding=\"async\" src=\"https:\/\/www.aarquiteta.com.br\/blog\/wp-content\/uploads\/2025\/03\/decoracao-de-entrada-1024x563.jpg\" alt=\"Decora\u00e7\u00e3o de entrada\" title=\"\"><figcaption class=\"wp-caption-text\">Decora\u00e7\u00e3o de entrada<\/figcaption><\/figure>\n<p>Voc\u00ea j\u00e1 percebeu como <b>uma fachada bonita<\/b> pode causar impacto? \u00c9 o que cria a primeira impress\u00e3o. <\/p>\n<p>Uma frente bem pensada n\u00e3o apenas melhora a est\u00e9tica, mas <b>valoriza o im\u00f3vel<\/b> e reflete o cuidado dos moradores. Pense no quanto isso \u00e9 importante para quem visita!<\/p>\n<h3>Escolhendo o Estilo da Sua Fachada<\/h3>\n<figure style=\"width: 1024px\" class=\"wp-caption aligncenter\"><img decoding=\"async\" src=\"https:\/\/www.aarquiteta.com.br\/blog\/wp-content\/uploads\/2025\/03\/frente-bonita-elegante01.jpg\" alt=\"Ideias para Uma Frente Bonita de Casa Elegante\" width=\"1024\" height=\"1024\" title=\"\"><figcaption class=\"wp-caption-text\">Ideias para Uma Frente Bonita de Casa Elegante<\/figcaption><\/figure>\n<p>Quando se trata de fachadas, existem <b>m\u00faltiplos estilos<\/b> a serem considerados. Do r\u00fastico ao contempor\u00e2neo, cada estilo tem seu charme. <\/p>\n<p>Encontre aquele que mais combina com a sua personalidade. Afinal, a fachada \u00e9 o cart\u00e3o de visita da sua casa!<\/p>\n<h3>Materiais que Transformam<\/h3>\n<figure style=\"width: 1024px\" class=\"wp-caption aligncenter\"><img decoding=\"async\" src=\"https:\/\/www.aarquiteta.com.br\/blog\/wp-content\/uploads\/2025\/03\/inspiracao-de-fachada-1200x660.jpg\" alt=\"Inspira\u00e7\u00e3o de fachada\" title=\"\"><figcaption class=\"wp-caption-text\">Inspira\u00e7\u00e3o de fachada<\/figcaption><\/figure>\n<p>Escolher os <b>materiais certos<\/b> \u00e9 essencial. Madeira, tijolo, pedra&#8230; cada um traz um visual \u00fanico. <\/p>\n<p>Por exemplo, a madeira traz um ar r\u00fastico, enquanto o vidro \u00e9 sin\u00f4nimo de modernidade. Combine materiais para um efeito especial!<\/p>\n<h3>Elementos de Decora\u00e7\u00e3o Importantes<\/h3>\n<figure style=\"width: 1024px\" class=\"wp-caption aligncenter\"><img decoding=\"async\" src=\"https:\/\/www.aarquiteta.com.br\/blog\/wp-content\/uploads\/2025\/03\/frente-bonita-elegante02.jpg\" alt=\"Ideias para Uma Frente Bonita de Casa Elegante\" width=\"1024\" height=\"1024\" title=\"\"><figcaption class=\"wp-caption-text\">Ideias para Uma Frente Bonita de Casa Elegante<\/figcaption><\/figure>\n<p>Detalhes fazem toda a diferen\u00e7a. Plantas, ilumina\u00e7\u00e3o e um caminho bonito podem criar um <b>visual acolhedor<\/b> e encantador. <\/p>\n<p>A ilumina\u00e7\u00e3o \u00e9 fundamental, pois destaca a fachada \u00e0 noite e confere seguran\u00e7a ao espa\u00e7o. N\u00e3o subestime esse detalhe!<\/p>\n<table>\n<tr>\n<th>Elemento<\/th>\n<th>Import\u00e2ncia<\/th>\n<\/tr>\n<tr>\n<td>Fachada Bonita<\/td>\n<td>Primeira impress\u00e3o positiva<\/td>\n<\/tr>\n<tr>\n<td>Estilo<\/td>\n<td>Refletir personalidade e cuidado<\/td>\n<\/tr>\n<tr>\n<td>Materiais<\/td>\n<td>Durabilidade e est\u00e9tica<\/td>\n<\/tr>\n<tr>\n<td>Decora\u00e7\u00e3o<\/td>\n<td>Detalhes que encantam<\/td>\n<\/tr>\n<tr>\n<td>Ilumina\u00e7\u00e3o<\/td>\n<td>Destaca a beleza e seguran\u00e7a<\/td>\n<\/tr>\n<\/table>\n<h3>Paisagismo: O Cora\u00e7\u00e3o da Fachada<\/h3>\n<figure style=\"width: 1024px\" class=\"wp-caption aligncenter\"><img decoding=\"async\" src=\"https:\/\/www.aarquiteta.com.br\/blog\/wp-content\/uploads\/2025\/03\/estilos-de-fachadas-2-1024x563.jpg\" alt=\"Ideias para uma frente bonita de casa elegante\" title=\"\"><figcaption class=\"wp-caption-text\">Ideias para uma frente bonita de casa elegante<\/figcaption><\/figure>\n<p>Um <b>paisagismo bem planejado<\/b> transforma a frente de casa. As plantas trazem vida e cor, al\u00e9m de serem a dose extra de eleg\u00e2ncia. <\/p>\n<p>Pense em jardins verticais ou canteiros floridos para adicionar charme. Sem d\u00favidas, eles far\u00e3o a diferen\u00e7a!<\/p>\n<h3>Ilumina\u00e7\u00e3o: Destaque e Seguran\u00e7a<\/h3>\n<figure style=\"width: 1024px\" class=\"wp-caption aligncenter\"><img decoding=\"async\" src=\"https:\/\/www.aarquiteta.com.br\/blog\/wp-content\/uploads\/2025\/03\/frente-bonita-elegante03.jpg\" alt=\"Ideias para Uma Frente Bonita de Casa Elegante\" width=\"1024\" height=\"1024\" title=\"\"><figcaption class=\"wp-caption-text\">Ideias para Uma Frente Bonita de Casa Elegante<\/figcaption><\/figure>\n<p>N\u00e3o esque\u00e7a da <b>ilumina\u00e7\u00e3o externa<\/b>. Afinal, uma casa bonita merece brilhar \u00e0 noite! Lumin\u00e1rias bem posicionadas n\u00e3o apenas melhoram a est\u00e9tica, mas tamb\u00e9m aumentam a seguran\u00e7a. <\/p>\n<p>E a\u00ed, vamos tornar a frente da sua casa um espet\u00e1culo de eleg\u00e2ncia? Com essas dicas, a transforma\u00e7\u00e3o \u00e9 garantida!<\/p>\n<p><\/body><br \/>\n<figure style=\"width: 1024px\" class=\"wp-caption aligncenter\"><img decoding=\"async\" src=\"https:\/\/www.aarquiteta.com.br\/blog\/wp-content\/uploads\/2025\/03\/elementos-de-decoracao-1024x563.jpg\" alt=\"Elementos de decora\u00e7\u00e3o\" title=\"\"><figcaption class=\"wp-caption-text\">Elementos de decora\u00e7\u00e3o<\/figcaption><\/figure>\n<figure style=\"width: 1024px\" class=\"wp-caption aligncenter\"><img decoding=\"async\" src=\"https:\/\/www.aarquiteta.com.br\/blog\/wp-content\/uploads\/2025\/03\/frente-bonita-elegante4.jpg\" alt=\"Ideias para Uma Frente Bonita de Casa Elegante\" width=\"1024\" height=\"1024\" title=\"\"><figcaption class=\"wp-caption-text\">Ideias para Uma Frente Bonita de Casa Elegante<\/figcaption><\/figure>\n<figure style=\"width: 1024px\" class=\"wp-caption aligncenter\"><img decoding=\"async\" src=\"https:\/\/www.aarquiteta.com.br\/blog\/wp-content\/uploads\/2025\/03\/paisagismo-elegante-com-jardins-verticais-1024x563.jpg\" alt=\"Paisagismo elegante com jardins verticais\" title=\"\"><figcaption class=\"wp-caption-text\">Paisagismo elegante com jardins verticais<\/figcaption><\/figure>\n<h3>Para se aprofundar mais sobre o tema, veja a minha recomenda\u00e7\u00e3o sobre o tema deste artigo no v\u00eddeo a seguir abaixo:<\/h3>\n<p><iframe title=\"YouTube video player\" src=\"https:\/\/www.youtube.com\/embed\/3Vj-QtRPEEk\" width=\"560\" height=\"315\" frameborder=\"0\" allowfullscreen=\"allowfullscreen\"><\/iframe><\/p>\n<figure style=\"width: 1024px\" class=\"wp-caption aligncenter\"><img decoding=\"async\" src=\"https:\/\/www.aarquiteta.com.br\/blog\/wp-content\/uploads\/2025\/03\/iluminacao-externa-2-1024x563.jpg\" alt=\"Ilumina\u00e7\u00e3o externa\" title=\"\"><figcaption class=\"wp-caption-text\">Ilumina\u00e7\u00e3o externa<\/figcaption><\/figure>\n","protected":false},"excerpt":{"rendered":"<p>Transforme a fachada da sua casa com ideias para uma frente bonita e elegante, repleta de personalidade.<\/p>\n","protected":false},"author":102,"featured_media":148157,"comment_status":"open","ping_status":"","sticky":false,"template":"","format":"standard","meta":{"footnotes":""},"categories":[1484],"tags":[],"class_list":["post-148165","post","type-post","status-publish","format-standard","has-post-thumbnail","category-decoracao"],"_wp_attached_file":null,"_wp_attachment_metadata":null,"_wp_attachment_context":null,"_wp_attachment_is_custom_header":null,"geo_longitude":null,"geo_public":null,"geo_latitude":null,"_publicize_done_external":null,"_wpas_done_3897181":null,"publicize_twitter_user":null,"_wpas_done_3897175":null,"_wpas_skip_3897181":null,"_wpas_skip_3897175":null,"_wpas_skip_3924723":null,"_wpas_mess":null,"_wpas_done_3924723":null,"wps_subtitle":"","_links":{"self":[{"href":"https:\/\/www.aarquiteta.com.br\/blog\/wp-json\/wp\/v2\/posts\/148165","targetHints":{"allow":["GET"]}}],"collection":[{"href":"https:\/\/www.aarquiteta.com.br\/blog\/wp-json\/wp\/v2\/posts"}],"about":[{"href":"https:\/\/www.aarquiteta.com.br\/blog\/wp-json\/wp\/v2\/types\/post"}],"author":[{"embeddable":true,"href":"https:\/\/www.aarquiteta.com.br\/blog\/wp-json\/wp\/v2\/users\/102"}],"replies":[{"embeddable":true,"href":"https:\/\/www.aarquiteta.com.br\/blog\/wp-json\/wp\/v2\/comments?post=148165"}],"version-history":[{"count":0,"href":"https:\/\/www.aarquiteta.com.br\/blog\/wp-json\/wp\/v2\/posts\/148165\/revisions"}],"wp:featuredmedia":[{"embeddable":true,"href":"https:\/\/www.aarquiteta.com.br\/blog\/wp-json\/wp\/v2\/media\/148157"}],"wp:attachment":[{"href":"https:\/\/www.aarquiteta.com.br\/blog\/wp-json\/wp\/v2\/media?parent=148165"}],"wp:term":[{"taxonomy":"category","embeddable":true,"href":"https:\/\/www.aarquiteta.com.br\/blog\/wp-json\/wp\/v2\/categories?post=148165"},{"taxonomy":"post_tag","embeddable":true,"href":"https:\/\/www.aarquiteta.com.br\/blog\/wp-json\/wp\/v2\/tags?post=148165"}],"curies":[{"name":"wp","href":"https:\/\/api.w.org\/{rel}","templated":true}]}}